{"id":2173,"date":"2016-03-17T19:42:22","date_gmt":"2016-03-17T18:42:22","guid":{"rendered":"http:\/\/www.gourmettes-fribourg.ch\/?p=2173"},"modified":"2016-03-17T19:42:22","modified_gmt":"2016-03-17T18:42:22","slug":"16-mars-2016-reunion-des-presidentes","status":"publish","type":"post","link":"http:\/\/www.gourmettes-fribourg.ch\/?p=2173","title":{"rendered":"16 mars 2016 r\u00e9union des pr\u00e9sidentes"},"content":{"rendered":"<p>Nous avons organis\u00e9 la r\u00e9union des pr\u00e9sidentes dans un magnifique \u00a0b\u00e2timent datant de 1527 au Mus\u00e9e Gutenberg.\n\t\t<style type=\"text\/css\">\n\t\t\t#gallery-1 {\n\t\t\t\tmargin: auto;\n\t\t\t}\n\t\t\t#gallery-1 .gallery-item {\n\t\t\t\tfloat: left;\n\t\t\t\tmargin-top: 10px;\n\t\t\t\ttext-align: center;\n\t\t\t\twidth: 33%;\n\t\t\t}\n\t\t\t#gallery-1 img {\n\t\t\t\tborder: 2px solid #cfcfcf;\n\t\t\t}\n\t\t\t#gallery-1 .gallery-caption {\n\t\t\t\tmargin-left: 0;\n\t\t\t}\n\t\t\t\/* see gallery_shortcode() in wp-includes\/media.php *\/\n\t\t<\/style>\n\t\t<div id='gallery-1' class='gallery galleryid-2173 gallery-columns-3 gallery-size-thumbnail'><dl class='gallery-item'>\n\t\t\t<dt class='gallery-icon landscape'>\n\t\t\t\t<a href='http:\/\/www.gourmettes-fribourg.ch\/wp-content\/uploads\/2016\/03\/IMG_2481.jpg' title=\"\" data-rl_title=\"\" class=\"rl-gallery-link\" data-rl_caption=\"\" data-rel=\"lightbox-gallery-1\"><img width=\"160\" height=\"160\" src=\"http:\/\/www.gourmettes-fribourg.ch\/wp-content\/uploads\/2016\/03\/IMG_2481-160x160.jpg\" class=\"attachment-thumbnail size-thumbnail\" alt=\"\" loading=\"lazy\" srcset=\"http:\/\/www.gourmettes-fribourg.ch\/wp-content\/uploads\/2016\/03\/IMG_2481-160x160.jpg 160w, http:\/\/www.gourmettes-fribourg.ch\/wp-content\/uploads\/2016\/03\/IMG_2481-136x136.jpg 136w, http:\/\/www.gourmettes-fribourg.ch\/wp-content\/uploads\/2016\/03\/IMG_2481-100x100.jpg 100w\" sizes=\"(max-width: 160px) 100vw, 160px\" \/><\/a>\n\t\t\t<\/dt><\/dl><dl class='gallery-item'>\n\t\t\t<dt class='gallery-icon portrait'>\n\t\t\t\t<a href='http:\/\/www.gourmettes-fribourg.ch\/wp-content\/uploads\/2016\/03\/IMG_2482.jpg' title=\"\" data-rl_title=\"\" class=\"rl-gallery-link\" data-rl_caption=\"\" data-rel=\"lightbox-gallery-1\"><img width=\"160\" height=\"160\" src=\"http:\/\/www.gourmettes-fribourg.ch\/wp-content\/uploads\/2016\/03\/IMG_2482-160x160.jpg\" class=\"attachment-thumbnail size-thumbnail\" alt=\"\" loading=\"lazy\" srcset=\"http:\/\/www.gourmettes-fribourg.ch\/wp-content\/uploads\/2016\/03\/IMG_2482-160x160.jpg 160w, http:\/\/www.gourmettes-fribourg.ch\/wp-content\/uploads\/2016\/03\/IMG_2482-136x136.jpg 136w, http:\/\/www.gourmettes-fribourg.ch\/wp-content\/uploads\/2016\/03\/IMG_2482-100x100.jpg 100w\" sizes=\"(max-width: 160px) 100vw, 160px\" \/><\/a>\n\t\t\t<\/dt><\/dl><dl class='gallery-item'>\n\t\t\t<dt class='gallery-icon portrait'>\n\t\t\t\t<a href='http:\/\/www.gourmettes-fribourg.ch\/wp-content\/uploads\/2016\/03\/IMG_2485.jpg' title=\"\" data-rl_title=\"\" class=\"rl-gallery-link\" data-rl_caption=\"\" data-rel=\"lightbox-gallery-1\"><img width=\"160\" height=\"160\" src=\"http:\/\/www.gourmettes-fribourg.ch\/wp-content\/uploads\/2016\/03\/IMG_2485-160x160.jpg\" class=\"attachment-thumbnail size-thumbnail\" alt=\"\" loading=\"lazy\" srcset=\"http:\/\/www.gourmettes-fribourg.ch\/wp-content\/uploads\/2016\/03\/IMG_2485-160x160.jpg 160w, http:\/\/www.gourmettes-fribourg.ch\/wp-content\/uploads\/2016\/03\/IMG_2485-136x136.jpg 136w, http:\/\/www.gourmettes-fribourg.ch\/wp-content\/uploads\/2016\/03\/IMG_2485-100x100.jpg 100w\" sizes=\"(max-width: 160px) 100vw, 160px\" \/><\/a>\n\t\t\t<\/dt><\/dl><br style=\"clear: both\" \/><dl class='gallery-item'>\n\t\t\t<dt class='gallery-icon portrait'>\n\t\t\t\t<a href='http:\/\/www.gourmettes-fribourg.ch\/wp-content\/uploads\/2016\/03\/IMG_2487.jpg' title=\"\" data-rl_title=\"\" class=\"rl-gallery-link\" data-rl_caption=\"\" data-rel=\"lightbox-gallery-1\"><img width=\"160\" height=\"160\" src=\"http:\/\/www.gourmettes-fribourg.ch\/wp-content\/uploads\/2016\/03\/IMG_2487-160x160.jpg\" class=\"attachment-thumbnail size-thumbnail\" alt=\"\" loading=\"lazy\" srcset=\"http:\/\/www.gourmettes-fribourg.ch\/wp-content\/uploads\/2016\/03\/IMG_2487-160x160.jpg 160w, http:\/\/www.gourmettes-fribourg.ch\/wp-content\/uploads\/2016\/03\/IMG_2487-136x136.jpg 136w, http:\/\/www.gourmettes-fribourg.ch\/wp-content\/uploads\/2016\/03\/IMG_2487-100x100.jpg 100w\" sizes=\"(max-width: 160px) 100vw, 160px\" \/><\/a>\n\t\t\t<\/dt><\/dl><dl class='gallery-item'>\n\t\t\t<dt class='gallery-icon portrait'>\n\t\t\t\t<a href='http:\/\/www.gourmettes-fribourg.ch\/wp-content\/uploads\/2016\/03\/IMG_2488.jpg' title=\"\" data-rl_title=\"\" class=\"rl-gallery-link\" data-rl_caption=\"\" data-rel=\"lightbox-gallery-1\"><img width=\"160\" height=\"160\" src=\"http:\/\/www.gourmettes-fribourg.ch\/wp-content\/uploads\/2016\/03\/IMG_2488-160x160.jpg\" class=\"attachment-thumbnail size-thumbnail\" alt=\"\" loading=\"lazy\" srcset=\"http:\/\/www.gourmettes-fribourg.ch\/wp-content\/uploads\/2016\/03\/IMG_2488-160x160.jpg 160w, http:\/\/www.gourmettes-fribourg.ch\/wp-content\/uploads\/2016\/03\/IMG_2488-136x136.jpg 136w, http:\/\/www.gourmettes-fribourg.ch\/wp-content\/uploads\/2016\/03\/IMG_2488-100x100.jpg 100w\" sizes=\"(max-width: 160px) 100vw, 160px\" \/><\/a>\n\t\t\t<\/dt><\/dl><dl class='gallery-item'>\n\t\t\t<dt class='gallery-icon portrait'>\n\t\t\t\t<a href='http:\/\/www.gourmettes-fribourg.ch\/wp-content\/uploads\/2016\/03\/IMG_2489.jpg' title=\"\" data-rl_title=\"\" class=\"rl-gallery-link\" data-rl_caption=\"\" data-rel=\"lightbox-gallery-1\"><img width=\"160\" height=\"160\" src=\"http:\/\/www.gourmettes-fribourg.ch\/wp-content\/uploads\/2016\/03\/IMG_2489-160x160.jpg\" class=\"attachment-thumbnail size-thumbnail\" alt=\"\" loading=\"lazy\" srcset=\"http:\/\/www.gourmettes-fribourg.ch\/wp-content\/uploads\/2016\/03\/IMG_2489-160x160.jpg 160w, http:\/\/www.gourmettes-fribourg.ch\/wp-content\/uploads\/2016\/03\/IMG_2489-136x136.jpg 136w, http:\/\/www.gourmettes-fribourg.ch\/wp-content\/uploads\/2016\/03\/IMG_2489-100x100.jpg 100w\" sizes=\"(max-width: 160px) 100vw, 160px\" \/><\/a>\n\t\t\t<\/dt><\/dl><br style=\"clear: both\" \/><dl class='gallery-item'>\n\t\t\t<dt class='gallery-icon portrait'>\n\t\t\t\t<a href='http:\/\/www.gourmettes-fribourg.ch\/wp-content\/uploads\/2016\/03\/IMG_2500.jpg' title=\"\" data-rl_title=\"\" class=\"rl-gallery-link\" data-rl_caption=\"\" data-rel=\"lightbox-gallery-1\"><img width=\"160\" height=\"160\" src=\"http:\/\/www.gourmettes-fribourg.ch\/wp-content\/uploads\/2016\/03\/IMG_2500-160x160.jpg\" class=\"attachment-thumbnail size-thumbnail\" alt=\"\" loading=\"lazy\" srcset=\"http:\/\/www.gourmettes-fribourg.ch\/wp-content\/uploads\/2016\/03\/IMG_2500-160x160.jpg 160w, http:\/\/www.gourmettes-fribourg.ch\/wp-content\/uploads\/2016\/03\/IMG_2500-136x136.jpg 136w, http:\/\/www.gourmettes-fribourg.ch\/wp-content\/uploads\/2016\/03\/IMG_2500-100x100.jpg 100w\" sizes=\"(max-width: 160px) 100vw, 160px\" \/><\/a>\n\t\t\t<\/dt><\/dl><dl class='gallery-item'>\n\t\t\t<dt class='gallery-icon portrait'>\n\t\t\t\t<a href='http:\/\/www.gourmettes-fribourg.ch\/wp-content\/uploads\/2016\/03\/IMG_2501.jpg' title=\"\" data-rl_title=\"\" class=\"rl-gallery-link\" data-rl_caption=\"\" data-rel=\"lightbox-gallery-1\"><img width=\"160\" height=\"160\" src=\"http:\/\/www.gourmettes-fribourg.ch\/wp-content\/uploads\/2016\/03\/IMG_2501-160x160.jpg\" class=\"attachment-thumbnail size-thumbnail\" alt=\"\" loading=\"lazy\" srcset=\"http:\/\/www.gourmettes-fribourg.ch\/wp-content\/uploads\/2016\/03\/IMG_2501-160x160.jpg 160w, http:\/\/www.gourmettes-fribourg.ch\/wp-content\/uploads\/2016\/03\/IMG_2501-136x136.jpg 136w, http:\/\/www.gourmettes-fribourg.ch\/wp-content\/uploads\/2016\/03\/IMG_2501-100x100.jpg 100w\" sizes=\"(max-width: 160px) 100vw, 160px\" \/><\/a>\n\t\t\t<\/dt><\/dl><dl class='gallery-item'>\n\t\t\t<dt class='gallery-icon landscape'>\n\t\t\t\t<a href='http:\/\/www.gourmettes-fribourg.ch\/wp-content\/uploads\/2016\/03\/IMG_2514.jpg' title=\"\" data-rl_title=\"\" class=\"rl-gallery-link\" data-rl_caption=\"\" data-rel=\"lightbox-gallery-1\"><img width=\"160\" height=\"160\" src=\"http:\/\/www.gourmettes-fribourg.ch\/wp-content\/uploads\/2016\/03\/IMG_2514-160x160.jpg\" class=\"attachment-thumbnail size-thumbnail\" alt=\"\" loading=\"lazy\" srcset=\"http:\/\/www.gourmettes-fribourg.ch\/wp-content\/uploads\/2016\/03\/IMG_2514-160x160.jpg 160w, http:\/\/www.gourmettes-fribourg.ch\/wp-content\/uploads\/2016\/03\/IMG_2514-136x136.jpg 136w, http:\/\/www.gourmettes-fribourg.ch\/wp-content\/uploads\/2016\/03\/IMG_2514-100x100.jpg 100w\" sizes=\"(max-width: 160px) 100vw, 160px\" \/><\/a>\n\t\t\t<\/dt><\/dl><br style=\"clear: both\" \/><dl class='gallery-item'>\n\t\t\t<dt class='gallery-icon landscape'>\n\t\t\t\t<a href='http:\/\/www.gourmettes-fribourg.ch\/wp-content\/uploads\/2016\/03\/IMG_2515.jpg' title=\"\" data-rl_title=\"\" class=\"rl-gallery-link\" data-rl_caption=\"\" data-rel=\"lightbox-gallery-1\"><img width=\"160\" height=\"160\" src=\"http:\/\/www.gourmettes-fribourg.ch\/wp-content\/uploads\/2016\/03\/IMG_2515-160x160.jpg\" class=\"attachment-thumbnail size-thumbnail\" alt=\"\" loading=\"lazy\" srcset=\"http:\/\/www.gourmettes-fribourg.ch\/wp-content\/uploads\/2016\/03\/IMG_2515-160x160.jpg 160w, http:\/\/www.gourmettes-fribourg.ch\/wp-content\/uploads\/2016\/03\/IMG_2515-136x136.jpg 136w, http:\/\/www.gourmettes-fribourg.ch\/wp-content\/uploads\/2016\/03\/IMG_2515-100x100.jpg 100w\" sizes=\"(max-width: 160px) 100vw, 160px\" \/><\/a>\n\t\t\t<\/dt><\/dl><dl class='gallery-item'>\n\t\t\t<dt class='gallery-icon landscape'>\n\t\t\t\t<a href='http:\/\/www.gourmettes-fribourg.ch\/wp-content\/uploads\/2016\/03\/IMG_2516.jpg' title=\"\" data-rl_title=\"\" class=\"rl-gallery-link\" data-rl_caption=\"\" data-rel=\"lightbox-gallery-1\"><img width=\"160\" height=\"160\" src=\"http:\/\/www.gourmettes-fribourg.ch\/wp-content\/uploads\/2016\/03\/IMG_2516-160x160.jpg\" class=\"attachment-thumbnail size-thumbnail\" alt=\"\" loading=\"lazy\" srcset=\"http:\/\/www.gourmettes-fribourg.ch\/wp-content\/uploads\/2016\/03\/IMG_2516-160x160.jpg 160w, http:\/\/www.gourmettes-fribourg.ch\/wp-content\/uploads\/2016\/03\/IMG_2516-136x136.jpg 136w, http:\/\/www.gourmettes-fribourg.ch\/wp-content\/uploads\/2016\/03\/IMG_2516-100x100.jpg 100w\" sizes=\"(max-width: 160px) 100vw, 160px\" \/><\/a>\n\t\t\t<\/dt><\/dl><dl class='gallery-item'>\n\t\t\t<dt class='gallery-icon portrait'>\n\t\t\t\t<a href='http:\/\/www.gourmettes-fribourg.ch\/wp-content\/uploads\/2016\/03\/IMG_2517.jpg' title=\"\" data-rl_title=\"\" class=\"rl-gallery-link\" data-rl_caption=\"\" data-rel=\"lightbox-gallery-1\"><img width=\"160\" height=\"160\" src=\"http:\/\/www.gourmettes-fribourg.ch\/wp-content\/uploads\/2016\/03\/IMG_2517-160x160.jpg\" class=\"attachment-thumbnail size-thumbnail\" alt=\"\" loading=\"lazy\" srcset=\"http:\/\/www.gourmettes-fribourg.ch\/wp-content\/uploads\/2016\/03\/IMG_2517-160x160.jpg 160w, http:\/\/www.gourmettes-fribourg.ch\/wp-content\/uploads\/2016\/03\/IMG_2517-136x136.jpg 136w, http:\/\/www.gourmettes-fribourg.ch\/wp-content\/uploads\/2016\/03\/IMG_2517-100x100.jpg 100w\" sizes=\"(max-width: 160px) 100vw, 160px\" \/><\/a>\n\t\t\t<\/dt><\/dl><br style=\"clear: both\" \/><dl class='gallery-item'>\n\t\t\t<dt class='gallery-icon landscape'>\n\t\t\t\t<a href='http:\/\/www.gourmettes-fribourg.ch\/wp-content\/uploads\/2016\/03\/IMG_2518.jpg' title=\"\" data-rl_title=\"\" class=\"rl-gallery-link\" data-rl_caption=\"\" data-rel=\"lightbox-gallery-1\"><img width=\"160\" height=\"160\" src=\"http:\/\/www.gourmettes-fribourg.ch\/wp-content\/uploads\/2016\/03\/IMG_2518-160x160.jpg\" class=\"attachment-thumbnail size-thumbnail\" alt=\"\" loading=\"lazy\" srcset=\"http:\/\/www.gourmettes-fribourg.ch\/wp-content\/uploads\/2016\/03\/IMG_2518-160x160.jpg 160w, http:\/\/www.gourmettes-fribourg.ch\/wp-content\/uploads\/2016\/03\/IMG_2518-136x136.jpg 136w, http:\/\/www.gourmettes-fribourg.ch\/wp-content\/uploads\/2016\/03\/IMG_2518-100x100.jpg 100w\" sizes=\"(max-width: 160px) 100vw, 160px\" \/><\/a>\n\t\t\t<\/dt><\/dl><dl class='gallery-item'>\n\t\t\t<dt class='gallery-icon portrait'>\n\t\t\t\t<a href='http:\/\/www.gourmettes-fribourg.ch\/wp-content\/uploads\/2016\/03\/IMG_2519.jpg' title=\"\" data-rl_title=\"\" class=\"rl-gallery-link\" data-rl_caption=\"\" data-rel=\"lightbox-gallery-1\"><img width=\"160\" height=\"160\" src=\"http:\/\/www.gourmettes-fribourg.ch\/wp-content\/uploads\/2016\/03\/IMG_2519-160x160.jpg\" class=\"attachment-thumbnail size-thumbnail\" alt=\"\" loading=\"lazy\" srcset=\"http:\/\/www.gourmettes-fribourg.ch\/wp-content\/uploads\/2016\/03\/IMG_2519-160x160.jpg 160w, http:\/\/www.gourmettes-fribourg.ch\/wp-content\/uploads\/2016\/03\/IMG_2519-136x136.jpg 136w, http:\/\/www.gourmettes-fribourg.ch\/wp-content\/uploads\/2016\/03\/IMG_2519-100x100.jpg 100w\" sizes=\"(max-width: 160px) 100vw, 160px\" \/><\/a>\n\t\t\t<\/dt><\/dl><dl class='gallery-item'>\n\t\t\t<dt class='gallery-icon landscape'>\n\t\t\t\t<a href='http:\/\/www.gourmettes-fribourg.ch\/wp-content\/uploads\/2016\/03\/IMG_2520.jpg' title=\"\" data-rl_title=\"\" class=\"rl-gallery-link\" data-rl_caption=\"\" data-rel=\"lightbox-gallery-1\"><img width=\"160\" height=\"160\" src=\"http:\/\/www.gourmettes-fribourg.ch\/wp-content\/uploads\/2016\/03\/IMG_2520-160x160.jpg\" class=\"attachment-thumbnail size-thumbnail\" alt=\"\" loading=\"lazy\" srcset=\"http:\/\/www.gourmettes-fribourg.ch\/wp-content\/uploads\/2016\/03\/IMG_2520-160x160.jpg 160w, http:\/\/www.gourmettes-fribourg.ch\/wp-content\/uploads\/2016\/03\/IMG_2520-136x136.jpg 136w, http:\/\/www.gourmettes-fribourg.ch\/wp-content\/uploads\/2016\/03\/IMG_2520-100x100.jpg 100w\" sizes=\"(max-width: 160px) 100vw, 160px\" \/><\/a>\n\t\t\t<\/dt><\/dl><br style=\"clear: both\" \/><dl class='gallery-item'>\n\t\t\t<dt class='gallery-icon landscape'>\n\t\t\t\t<a href='http:\/\/www.gourmettes-fribourg.ch\/wp-content\/uploads\/2016\/03\/IMG_2521.jpg' title=\"\" data-rl_title=\"\" class=\"rl-gallery-link\" data-rl_caption=\"\" data-rel=\"lightbox-gallery-1\"><img width=\"160\" height=\"160\" src=\"http:\/\/www.gourmettes-fribourg.ch\/wp-content\/uploads\/2016\/03\/IMG_2521-160x160.jpg\" class=\"attachment-thumbnail size-thumbnail\" alt=\"\" loading=\"lazy\" srcset=\"http:\/\/www.gourmettes-fribourg.ch\/wp-content\/uploads\/2016\/03\/IMG_2521-160x160.jpg 160w, http:\/\/www.gourmettes-fribourg.ch\/wp-content\/uploads\/2016\/03\/IMG_2521-136x136.jpg 136w, http:\/\/www.gourmettes-fribourg.ch\/wp-content\/uploads\/2016\/03\/IMG_2521-100x100.jpg 100w\" sizes=\"(max-width: 160px) 100vw, 160px\" \/><\/a>\n\t\t\t<\/dt><\/dl><dl class='gallery-item'>\n\t\t\t<dt class='gallery-icon landscape'>\n\t\t\t\t<a href='http:\/\/www.gourmettes-fribourg.ch\/wp-content\/uploads\/2016\/03\/IMG_2522.jpg' title=\"\" data-rl_title=\"\" class=\"rl-gallery-link\" data-rl_caption=\"\" data-rel=\"lightbox-gallery-1\"><img width=\"160\" height=\"160\" src=\"http:\/\/www.gourmettes-fribourg.ch\/wp-content\/uploads\/2016\/03\/IMG_2522-160x160.jpg\" class=\"attachment-thumbnail size-thumbnail\" alt=\"\" loading=\"lazy\" srcset=\"http:\/\/www.gourmettes-fribourg.ch\/wp-content\/uploads\/2016\/03\/IMG_2522-160x160.jpg 160w, http:\/\/www.gourmettes-fribourg.ch\/wp-content\/uploads\/2016\/03\/IMG_2522-136x136.jpg 136w, http:\/\/www.gourmettes-fribourg.ch\/wp-content\/uploads\/2016\/03\/IMG_2522-100x100.jpg 100w\" sizes=\"(max-width: 160px) 100vw, 160px\" \/><\/a>\n\t\t\t<\/dt><\/dl><dl class='gallery-item'>\n\t\t\t<dt class='gallery-icon landscape'>\n\t\t\t\t<a href='http:\/\/www.gourmettes-fribourg.ch\/wp-content\/uploads\/2016\/03\/IMG_2523.jpg' title=\"\" data-rl_title=\"\" class=\"rl-gallery-link\" data-rl_caption=\"\" data-rel=\"lightbox-gallery-1\"><img width=\"160\" height=\"160\" src=\"http:\/\/www.gourmettes-fribourg.ch\/wp-content\/uploads\/2016\/03\/IMG_2523-160x160.jpg\" class=\"attachment-thumbnail size-thumbnail\" alt=\"\" loading=\"lazy\" srcset=\"http:\/\/www.gourmettes-fribourg.ch\/wp-content\/uploads\/2016\/03\/IMG_2523-160x160.jpg 160w, http:\/\/www.gourmettes-fribourg.ch\/wp-content\/uploads\/2016\/03\/IMG_2523-136x136.jpg 136w, http:\/\/www.gourmettes-fribourg.ch\/wp-content\/uploads\/2016\/03\/IMG_2523-100x100.jpg 100w\" sizes=\"(max-width: 160px) 100vw, 160px\" \/><\/a>\n\t\t\t<\/dt><\/dl><br style=\"clear: both\" \/><dl class='gallery-item'>\n\t\t\t<dt class='gallery-icon landscape'>\n\t\t\t\t<a href='http:\/\/www.gourmettes-fribourg.ch\/wp-content\/uploads\/2016\/03\/IMG_2525.jpg' title=\"\" data-rl_title=\"\" class=\"rl-gallery-link\" data-rl_caption=\"\" data-rel=\"lightbox-gallery-1\"><img width=\"160\" height=\"160\" src=\"http:\/\/www.gourmettes-fribourg.ch\/wp-content\/uploads\/2016\/03\/IMG_2525-160x160.jpg\" class=\"attachment-thumbnail size-thumbnail\" alt=\"\" loading=\"lazy\" srcset=\"http:\/\/www.gourmettes-fribourg.ch\/wp-content\/uploads\/2016\/03\/IMG_2525-160x160.jpg 160w, http:\/\/www.gourmettes-fribourg.ch\/wp-content\/uploads\/2016\/03\/IMG_2525-136x136.jpg 136w, http:\/\/www.gourmettes-fribourg.ch\/wp-content\/uploads\/2016\/03\/IMG_2525-100x100.jpg 100w\" sizes=\"(max-width: 160px) 100vw, 160px\" \/><\/a>\n\t\t\t<\/dt><\/dl><dl class='gallery-item'>\n\t\t\t<dt class='gallery-icon landscape'>\n\t\t\t\t<a href='http:\/\/www.gourmettes-fribourg.ch\/wp-content\/uploads\/2016\/03\/IMG_2527.jpg' title=\"\" data-rl_title=\"\" class=\"rl-gallery-link\" data-rl_caption=\"\" data-rel=\"lightbox-gallery-1\"><img width=\"160\" height=\"160\" src=\"http:\/\/www.gourmettes-fribourg.ch\/wp-content\/uploads\/2016\/03\/IMG_2527-160x160.jpg\" class=\"attachment-thumbnail size-thumbnail\" alt=\"\" loading=\"lazy\" srcset=\"http:\/\/www.gourmettes-fribourg.ch\/wp-content\/uploads\/2016\/03\/IMG_2527-160x160.jpg 160w, http:\/\/www.gourmettes-fribourg.ch\/wp-content\/uploads\/2016\/03\/IMG_2527-136x136.jpg 136w, http:\/\/www.gourmettes-fribourg.ch\/wp-content\/uploads\/2016\/03\/IMG_2527-100x100.jpg 100w\" sizes=\"(max-width: 160px) 100vw, 160px\" \/><\/a>\n\t\t\t<\/dt><\/dl><dl class='gallery-item'>\n\t\t\t<dt class='gallery-icon landscape'>\n\t\t\t\t<a href='http:\/\/www.gourmettes-fribourg.ch\/wp-content\/uploads\/2016\/03\/IMG_2528.jpg' title=\"\" data-rl_title=\"\" class=\"rl-gallery-link\" data-rl_caption=\"\" data-rel=\"lightbox-gallery-1\"><img width=\"160\" height=\"160\" src=\"http:\/\/www.gourmettes-fribourg.ch\/wp-content\/uploads\/2016\/03\/IMG_2528-160x160.jpg\" class=\"attachment-thumbnail size-thumbnail\" alt=\"\" loading=\"lazy\" srcset=\"http:\/\/www.gourmettes-fribourg.ch\/wp-content\/uploads\/2016\/03\/IMG_2528-160x160.jpg 160w, http:\/\/www.gourmettes-fribourg.ch\/wp-content\/uploads\/2016\/03\/IMG_2528-136x136.jpg 136w, http:\/\/www.gourmettes-fribourg.ch\/wp-content\/uploads\/2016\/03\/IMG_2528-100x100.jpg 100w\" sizes=\"(max-width: 160px) 100vw, 160px\" \/><\/a>\n\t\t\t<\/dt><\/dl><br style=\"clear: both\" \/><dl class='gallery-item'>\n\t\t\t<dt class='gallery-icon landscape'>\n\t\t\t\t<a href='http:\/\/www.gourmettes-fribourg.ch\/wp-content\/uploads\/2016\/03\/IMG_2529.jpg' title=\"\" data-rl_title=\"\" class=\"rl-gallery-link\" data-rl_caption=\"\" data-rel=\"lightbox-gallery-1\"><img width=\"160\" height=\"160\" src=\"http:\/\/www.gourmettes-fribourg.ch\/wp-content\/uploads\/2016\/03\/IMG_2529-160x160.jpg\" class=\"attachment-thumbnail size-thumbnail\" alt=\"\" loading=\"lazy\" srcset=\"http:\/\/www.gourmettes-fribourg.ch\/wp-content\/uploads\/2016\/03\/IMG_2529-160x160.jpg 160w, http:\/\/www.gourmettes-fribourg.ch\/wp-content\/uploads\/2016\/03\/IMG_2529-136x136.jpg 136w, http:\/\/www.gourmettes-fribourg.ch\/wp-content\/uploads\/2016\/03\/IMG_2529-100x100.jpg 100w\" sizes=\"(max-width: 160px) 100vw, 160px\" \/><\/a>\n\t\t\t<\/dt><\/dl><dl class='gallery-item'>\n\t\t\t<dt class='gallery-icon landscape'>\n\t\t\t\t<a href='http:\/\/www.gourmettes-fribourg.ch\/wp-content\/uploads\/2016\/03\/IMG_2530.jpg' title=\"\" data-rl_title=\"\" class=\"rl-gallery-link\" data-rl_caption=\"\" data-rel=\"lightbox-gallery-1\"><img width=\"160\" height=\"160\" src=\"http:\/\/www.gourmettes-fribourg.ch\/wp-content\/uploads\/2016\/03\/IMG_2530-160x160.jpg\" class=\"attachment-thumbnail size-thumbnail\" alt=\"\" loading=\"lazy\" srcset=\"http:\/\/www.gourmettes-fribourg.ch\/wp-content\/uploads\/2016\/03\/IMG_2530-160x160.jpg 160w, http:\/\/www.gourmettes-fribourg.ch\/wp-content\/uploads\/2016\/03\/IMG_2530-136x136.jpg 136w, http:\/\/www.gourmettes-fribourg.ch\/wp-content\/uploads\/2016\/03\/IMG_2530-100x100.jpg 100w\" sizes=\"(max-width: 160px) 100vw, 160px\" \/><\/a>\n\t\t\t<\/dt><\/dl><dl class='gallery-item'>\n\t\t\t<dt class='gallery-icon landscape'>\n\t\t\t\t<a href='http:\/\/www.gourmettes-fribourg.ch\/wp-content\/uploads\/2016\/03\/IMG_2531.jpg' title=\"\" data-rl_title=\"\" class=\"rl-gallery-link\" data-rl_caption=\"\" data-rel=\"lightbox-gallery-1\"><img width=\"160\" height=\"160\" src=\"http:\/\/www.gourmettes-fribourg.ch\/wp-content\/uploads\/2016\/03\/IMG_2531-160x160.jpg\" class=\"attachment-thumbnail size-thumbnail\" alt=\"\" loading=\"lazy\" srcset=\"http:\/\/www.gourmettes-fribourg.ch\/wp-content\/uploads\/2016\/03\/IMG_2531-160x160.jpg 160w, http:\/\/www.gourmettes-fribourg.ch\/wp-content\/uploads\/2016\/03\/IMG_2531-136x136.jpg 136w, http:\/\/www.gourmettes-fribourg.ch\/wp-content\/uploads\/2016\/03\/IMG_2531-100x100.jpg 100w\" sizes=\"(max-width: 160px) 100vw, 160px\" \/><\/a>\n\t\t\t<\/dt><\/dl><br style=\"clear: both\" \/><dl class='gallery-item'>\n\t\t\t<dt class='gallery-icon portrait'>\n\t\t\t\t<a href='http:\/\/www.gourmettes-fribourg.ch\/wp-content\/uploads\/2016\/03\/IMG_2532.jpg' title=\"\" data-rl_title=\"\" class=\"rl-gallery-link\" data-rl_caption=\"\" data-rel=\"lightbox-gallery-1\"><img width=\"160\" height=\"160\" src=\"http:\/\/www.gourmettes-fribourg.ch\/wp-content\/uploads\/2016\/03\/IMG_2532-160x160.jpg\" class=\"attachment-thumbnail size-thumbnail\" alt=\"\" loading=\"lazy\" srcset=\"http:\/\/www.gourmettes-fribourg.ch\/wp-content\/uploads\/2016\/03\/IMG_2532-160x160.jpg 160w, http:\/\/www.gourmettes-fribourg.ch\/wp-content\/uploads\/2016\/03\/IMG_2532-136x136.jpg 136w, http:\/\/www.gourmettes-fribourg.ch\/wp-content\/uploads\/2016\/03\/IMG_2532-100x100.jpg 100w\" sizes=\"(max-width: 160px) 100vw, 160px\" \/><\/a>\n\t\t\t<\/dt><\/dl><dl class='gallery-item'>\n\t\t\t<dt class='gallery-icon portrait'>\n\t\t\t\t<a href='http:\/\/www.gourmettes-fribourg.ch\/wp-content\/uploads\/2016\/03\/IMG_2534.jpg' title=\"\" data-rl_title=\"\" class=\"rl-gallery-link\" data-rl_caption=\"\" data-rel=\"lightbox-gallery-1\"><img width=\"160\" height=\"160\" src=\"http:\/\/www.gourmettes-fribourg.ch\/wp-content\/uploads\/2016\/03\/IMG_2534-160x160.jpg\" class=\"attachment-thumbnail size-thumbnail\" alt=\"\" loading=\"lazy\" srcset=\"http:\/\/www.gourmettes-fribourg.ch\/wp-content\/uploads\/2016\/03\/IMG_2534-160x160.jpg 160w, http:\/\/www.gourmettes-fribourg.ch\/wp-content\/uploads\/2016\/03\/IMG_2534-136x136.jpg 136w, http:\/\/www.gourmettes-fribourg.ch\/wp-content\/uploads\/2016\/03\/IMG_2534-100x100.jpg 100w\" sizes=\"(max-width: 160px) 100vw, 160px\" \/><\/a>\n\t\t\t<\/dt><\/dl><dl class='gallery-item'>\n\t\t\t<dt class='gallery-icon portrait'>\n\t\t\t\t<a href='http:\/\/www.gourmettes-fribourg.ch\/wp-content\/uploads\/2016\/03\/IMG_2535.jpg' title=\"\" data-rl_title=\"\" class=\"rl-gallery-link\" data-rl_caption=\"\" data-rel=\"lightbox-gallery-1\"><img width=\"160\" height=\"160\" src=\"http:\/\/www.gourmettes-fribourg.ch\/wp-content\/uploads\/2016\/03\/IMG_2535-160x160.jpg\" class=\"attachment-thumbnail size-thumbnail\" alt=\"\" loading=\"lazy\" srcset=\"http:\/\/www.gourmettes-fribourg.ch\/wp-content\/uploads\/2016\/03\/IMG_2535-160x160.jpg 160w, http:\/\/www.gourmettes-fribourg.ch\/wp-content\/uploads\/2016\/03\/IMG_2535-136x136.jpg 136w, http:\/\/www.gourmettes-fribourg.ch\/wp-content\/uploads\/2016\/03\/IMG_2535-100x100.jpg 100w\" sizes=\"(max-width: 160px) 100vw, 160px\" \/><\/a>\n\t\t\t<\/dt><\/dl><br style=\"clear: both\" \/><dl class='gallery-item'>\n\t\t\t<dt class='gallery-icon portrait'>\n\t\t\t\t<a href='http:\/\/www.gourmettes-fribourg.ch\/wp-content\/uploads\/2016\/03\/IMG_2536.jpg' title=\"\" data-rl_title=\"\" class=\"rl-gallery-link\" data-rl_caption=\"\" data-rel=\"lightbox-gallery-1\"><img width=\"160\" height=\"160\" src=\"http:\/\/www.gourmettes-fribourg.ch\/wp-content\/uploads\/2016\/03\/IMG_2536-160x160.jpg\" class=\"attachment-thumbnail size-thumbnail\" alt=\"\" loading=\"lazy\" srcset=\"http:\/\/www.gourmettes-fribourg.ch\/wp-content\/uploads\/2016\/03\/IMG_2536-160x160.jpg 160w, http:\/\/www.gourmettes-fribourg.ch\/wp-content\/uploads\/2016\/03\/IMG_2536-136x136.jpg 136w, http:\/\/www.gourmettes-fribourg.ch\/wp-content\/uploads\/2016\/03\/IMG_2536-100x100.jpg 100w\" sizes=\"(max-width: 160px) 100vw, 160px\" \/><\/a>\n\t\t\t<\/dt><\/dl><dl class='gallery-item'>\n\t\t\t<dt class='gallery-icon portrait'>\n\t\t\t\t<a href='http:\/\/www.gourmettes-fribourg.ch\/wp-content\/uploads\/2016\/03\/IMG_2537.jpg' title=\"\" data-rl_title=\"\" class=\"rl-gallery-link\" data-rl_caption=\"\" data-rel=\"lightbox-gallery-1\"><img width=\"160\" height=\"160\" src=\"http:\/\/www.gourmettes-fribourg.ch\/wp-content\/uploads\/2016\/03\/IMG_2537-160x160.jpg\" class=\"attachment-thumbnail size-thumbnail\" alt=\"\" loading=\"lazy\" srcset=\"http:\/\/www.gourmettes-fribourg.ch\/wp-content\/uploads\/2016\/03\/IMG_2537-160x160.jpg 160w, http:\/\/www.gourmettes-fribourg.ch\/wp-content\/uploads\/2016\/03\/IMG_2537-136x136.jpg 136w, http:\/\/www.gourmettes-fribourg.ch\/wp-content\/uploads\/2016\/03\/IMG_2537-100x100.jpg 100w\" sizes=\"(max-width: 160px) 100vw, 160px\" \/><\/a>\n\t\t\t<\/dt><\/dl><dl class='gallery-item'>\n\t\t\t<dt class='gallery-icon portrait'>\n\t\t\t\t<a href='http:\/\/www.gourmettes-fribourg.ch\/wp-content\/uploads\/2016\/03\/IMG_2538.jpg' title=\"\" data-rl_title=\"\" class=\"rl-gallery-link\" data-rl_caption=\"\" data-rel=\"lightbox-gallery-1\"><img width=\"160\" height=\"160\" src=\"http:\/\/www.gourmettes-fribourg.ch\/wp-content\/uploads\/2016\/03\/IMG_2538-160x160.jpg\" class=\"attachment-thumbnail size-thumbnail\" alt=\"\" loading=\"lazy\" srcset=\"http:\/\/www.gourmettes-fribourg.ch\/wp-content\/uploads\/2016\/03\/IMG_2538-160x160.jpg 160w, http:\/\/www.gourmettes-fribourg.ch\/wp-content\/uploads\/2016\/03\/IMG_2538-136x136.jpg 136w, http:\/\/www.gourmettes-fribourg.ch\/wp-content\/uploads\/2016\/03\/IMG_2538-100x100.jpg 100w\" sizes=\"(max-width: 160px) 100vw, 160px\" \/><\/a>\n\t\t\t<\/dt><\/dl><br style=\"clear: both\" \/><dl class='gallery-item'>\n\t\t\t<dt class='gallery-icon portrait'>\n\t\t\t\t<a href='http:\/\/www.gourmettes-fribourg.ch\/wp-content\/uploads\/2016\/03\/IMG_2539.jpg' title=\"\" data-rl_title=\"\" class=\"rl-gallery-link\" data-rl_caption=\"\" data-rel=\"lightbox-gallery-1\"><img width=\"160\" height=\"160\" src=\"http:\/\/www.gourmettes-fribourg.ch\/wp-content\/uploads\/2016\/03\/IMG_2539-160x160.jpg\" class=\"attachment-thumbnail size-thumbnail\" alt=\"\" loading=\"lazy\" srcset=\"http:\/\/www.gourmettes-fribourg.ch\/wp-content\/uploads\/2016\/03\/IMG_2539-160x160.jpg 160w, http:\/\/www.gourmettes-fribourg.ch\/wp-content\/uploads\/2016\/03\/IMG_2539-136x136.jpg 136w, http:\/\/www.gourmettes-fribourg.ch\/wp-content\/uploads\/2016\/03\/IMG_2539-100x100.jpg 100w\" sizes=\"(max-width: 160px) 100vw, 160px\" \/><\/a>\n\t\t\t<\/dt><\/dl><dl class='gallery-item'>\n\t\t\t<dt class='gallery-icon portrait'>\n\t\t\t\t<a href='http:\/\/www.gourmettes-fribourg.ch\/wp-content\/uploads\/2016\/03\/IMG_2540.jpg' title=\"\" data-rl_title=\"\" class=\"rl-gallery-link\" data-rl_caption=\"\" data-rel=\"lightbox-gallery-1\"><img width=\"160\" height=\"160\" src=\"http:\/\/www.gourmettes-fribourg.ch\/wp-content\/uploads\/2016\/03\/IMG_2540-160x160.jpg\" class=\"attachment-thumbnail size-thumbnail\" alt=\"\" loading=\"lazy\" srcset=\"http:\/\/www.gourmettes-fribourg.ch\/wp-content\/uploads\/2016\/03\/IMG_2540-160x160.jpg 160w, http:\/\/www.gourmettes-fribourg.ch\/wp-content\/uploads\/2016\/03\/IMG_2540-136x136.jpg 136w, http:\/\/www.gourmettes-fribourg.ch\/wp-content\/uploads\/2016\/03\/IMG_2540-100x100.jpg 100w\" sizes=\"(max-width: 160px) 100vw, 160px\" \/><\/a>\n\t\t\t<\/dt><\/dl><dl class='gallery-item'>\n\t\t\t<dt class='gallery-icon landscape'>\n\t\t\t\t<a href='http:\/\/www.gourmettes-fribourg.ch\/wp-content\/uploads\/2016\/03\/IMG_2541.jpg' title=\"\" data-rl_title=\"\" class=\"rl-gallery-link\" data-rl_caption=\"\" data-rel=\"lightbox-gallery-1\"><img width=\"160\" height=\"160\" src=\"http:\/\/www.gourmettes-fribourg.ch\/wp-content\/uploads\/2016\/03\/IMG_2541-160x160.jpg\" class=\"attachment-thumbnail size-thumbnail\" alt=\"\" loading=\"lazy\" srcset=\"http:\/\/www.gourmettes-fribourg.ch\/wp-content\/uploads\/2016\/03\/IMG_2541-160x160.jpg 160w, http:\/\/www.gourmettes-fribourg.ch\/wp-content\/uploads\/2016\/03\/IMG_2541-136x136.jpg 136w, http:\/\/www.gourmettes-fribourg.ch\/wp-content\/uploads\/2016\/03\/IMG_2541-100x100.jpg 100w\" sizes=\"(max-width: 160px) 100vw, 160px\" \/><\/a>\n\t\t\t<\/dt><\/dl><br style=\"clear: both\" \/><dl class='gallery-item'>\n\t\t\t<dt class='gallery-icon portrait'>\n\t\t\t\t<a href='http:\/\/www.gourmettes-fribourg.ch\/wp-content\/uploads\/2016\/03\/IMG_2542.jpg' title=\"\" data-rl_title=\"\" class=\"rl-gallery-link\" data-rl_caption=\"\" data-rel=\"lightbox-gallery-1\"><img width=\"160\" height=\"160\" src=\"http:\/\/www.gourmettes-fribourg.ch\/wp-content\/uploads\/2016\/03\/IMG_2542-160x160.jpg\" class=\"attachment-thumbnail size-thumbnail\" alt=\"\" loading=\"lazy\" srcset=\"http:\/\/www.gourmettes-fribourg.ch\/wp-content\/uploads\/2016\/03\/IMG_2542-160x160.jpg 160w, http:\/\/www.gourmettes-fribourg.ch\/wp-content\/uploads\/2016\/03\/IMG_2542-136x136.jpg 136w, http:\/\/www.gourmettes-fribourg.ch\/wp-content\/uploads\/2016\/03\/IMG_2542-100x100.jpg 100w\" sizes=\"(max-width: 160px) 100vw, 160px\" \/><\/a>\n\t\t\t<\/dt><\/dl><dl class='gallery-item'>\n\t\t\t<dt class='gallery-icon landscape'>\n\t\t\t\t<a href='http:\/\/www.gourmettes-fribourg.ch\/wp-content\/uploads\/2016\/03\/IMG_2543.jpg' title=\"\" data-rl_title=\"\" class=\"rl-gallery-link\" data-rl_caption=\"\" data-rel=\"lightbox-gallery-1\"><img width=\"160\" height=\"160\" src=\"http:\/\/www.gourmettes-fribourg.ch\/wp-content\/uploads\/2016\/03\/IMG_2543-160x160.jpg\" class=\"attachment-thumbnail size-thumbnail\" alt=\"\" loading=\"lazy\" srcset=\"http:\/\/www.gourmettes-fribourg.ch\/wp-content\/uploads\/2016\/03\/IMG_2543-160x160.jpg 160w, http:\/\/www.gourmettes-fribourg.ch\/wp-content\/uploads\/2016\/03\/IMG_2543-136x136.jpg 136w, http:\/\/www.gourmettes-fribourg.ch\/wp-content\/uploads\/2016\/03\/IMG_2543-100x100.jpg 100w\" sizes=\"(max-width: 160px) 100vw, 160px\" \/><\/a>\n\t\t\t<\/dt><\/dl><dl class='gallery-item'>\n\t\t\t<dt class='gallery-icon landscape'>\n\t\t\t\t<a href='http:\/\/www.gourmettes-fribourg.ch\/wp-content\/uploads\/2016\/03\/IMG_2544.jpg' title=\"\" data-rl_title=\"\" class=\"rl-gallery-link\" data-rl_caption=\"\" data-rel=\"lightbox-gallery-1\"><img width=\"160\" height=\"160\" src=\"http:\/\/www.gourmettes-fribourg.ch\/wp-content\/uploads\/2016\/03\/IMG_2544-160x160.jpg\" class=\"attachment-thumbnail size-thumbnail\" alt=\"\" loading=\"lazy\" srcset=\"http:\/\/www.gourmettes-fribourg.ch\/wp-content\/uploads\/2016\/03\/IMG_2544-160x160.jpg 160w, http:\/\/www.gourmettes-fribourg.ch\/wp-content\/uploads\/2016\/03\/IMG_2544-136x136.jpg 136w, http:\/\/www.gourmettes-fribourg.ch\/wp-content\/uploads\/2016\/03\/IMG_2544-100x100.jpg 100w\" sizes=\"(max-width: 160px) 100vw, 160px\" \/><\/a>\n\t\t\t<\/dt><\/dl><br style=\"clear: both\" \/><dl class='gallery-item'>\n\t\t\t<dt class='gallery-icon landscape'>\n\t\t\t\t<a href='http:\/\/www.gourmettes-fribourg.ch\/wp-content\/uploads\/2016\/03\/IMG_2548.jpg' title=\"\" data-rl_title=\"\" class=\"rl-gallery-link\" data-rl_caption=\"\" data-rel=\"lightbox-gallery-1\"><img width=\"160\" height=\"160\" src=\"http:\/\/www.gourmettes-fribourg.ch\/wp-content\/uploads\/2016\/03\/IMG_2548-160x160.jpg\" class=\"attachment-thumbnail size-thumbnail\" alt=\"\" loading=\"lazy\" srcset=\"http:\/\/www.gourmettes-fribourg.ch\/wp-content\/uploads\/2016\/03\/IMG_2548-160x160.jpg 160w, http:\/\/www.gourmettes-fribourg.ch\/wp-content\/uploads\/2016\/03\/IMG_2548-136x136.jpg 136w, http:\/\/www.gourmettes-fribourg.ch\/wp-content\/uploads\/2016\/03\/IMG_2548-100x100.jpg 100w\" sizes=\"(max-width: 160px) 100vw, 160px\" \/><\/a>\n\t\t\t<\/dt><\/dl>\n\t\t\t<br style='clear: both' \/>\n\t\t<\/div>\n<\/p>\n","protected":false},"excerpt":{"rendered":"<p>Nous avons organis\u00e9 la r\u00e9union des pr\u00e9sidentes dans un magnifique \u00a0b\u00e2timent datant de 1527 au Mus\u00e9e Gutenberg.<\/p>\n","protected":false},"author":3,"featured_media":2190,"comment_status":"closed","ping_status":"open","sticky":false,"template":"","format":"standard","meta":[],"categories":[68,15],"tags":[],"_links":{"self":[{"href":"http:\/\/www.gourmettes-fribourg.ch\/index.php?rest_route=\/wp\/v2\/posts\/2173"}],"collection":[{"href":"http:\/\/www.gourmettes-fribourg.ch\/index.php?rest_route=\/wp\/v2\/posts"}],"about":[{"href":"http:\/\/www.gourmettes-fribourg.ch\/index.php?rest_route=\/wp\/v2\/types\/post"}],"author":[{"embeddable":true,"href":"http:\/\/www.gourmettes-fribourg.ch\/index.php?rest_route=\/wp\/v2\/users\/3"}],"replies":[{"embeddable":true,"href":"http:\/\/www.gourmettes-fribourg.ch\/index.php?rest_route=%2Fwp%2Fv2%2Fcomments&post=2173"}],"version-history":[{"count":1,"href":"http:\/\/www.gourmettes-fribourg.ch\/index.php?rest_route=\/wp\/v2\/posts\/2173\/revisions"}],"predecessor-version":[{"id":2212,"href":"http:\/\/www.gourmettes-fribourg.ch\/index.php?rest_route=\/wp\/v2\/posts\/2173\/revisions\/2212"}],"wp:featuredmedia":[{"embeddable":true,"href":"http:\/\/www.gourmettes-fribourg.ch\/index.php?rest_route=\/wp\/v2\/media\/2190"}],"wp:attachment":[{"href":"http:\/\/www.gourmettes-fribourg.ch\/index.php?rest_route=%2Fwp%2Fv2%2Fmedia&parent=2173"}],"wp:term":[{"taxonomy":"category","embeddable":true,"href":"http:\/\/www.gourmettes-fribourg.ch\/index.php?rest_route=%2Fwp%2Fv2%2Fcategories&post=2173"},{"taxonomy":"post_tag","embeddable":true,"href":"http:\/\/www.gourmettes-fribourg.ch\/index.php?rest_route=%2Fwp%2Fv2%2Ftags&post=2173"}],"curies":[{"name":"wp","href":"https:\/\/api.w.org\/{rel}","templated":true}]}}