{"id":2229,"date":"2016-04-21T07:37:21","date_gmt":"2016-04-21T06:37:21","guid":{"rendered":"http:\/\/www.gourmettes-fribourg.ch\/?p=2229"},"modified":"2016-05-06T10:51:33","modified_gmt":"2016-05-06T09:51:33","slug":"mars-2016-printemps","status":"publish","type":"post","link":"http:\/\/www.gourmettes-fribourg.ch\/?p=2229","title":{"rendered":"Avril 2016 Printemps"},"content":{"rendered":"<p>Marie-France, Nicole, V\u00e9ronique B.et Anne\u00a0en cuisine pour r\u00e9veiller nos papilles du Printemps!\n\t\t<style type=\"text\/css\">\n\t\t\t#gallery-1 {\n\t\t\t\tmargin: auto;\n\t\t\t}\n\t\t\t#gallery-1 .gallery-item {\n\t\t\t\tfloat: left;\n\t\t\t\tmargin-top: 10px;\n\t\t\t\ttext-align: center;\n\t\t\t\twidth: 33%;\n\t\t\t}\n\t\t\t#gallery-1 img {\n\t\t\t\tborder: 2px solid #cfcfcf;\n\t\t\t}\n\t\t\t#gallery-1 .gallery-caption {\n\t\t\t\tmargin-left: 0;\n\t\t\t}\n\t\t\t\/* see gallery_shortcode() in wp-includes\/media.php *\/\n\t\t<\/style>\n\t\t<div id='gallery-1' class='gallery galleryid-2229 gallery-columns-3 gallery-size-thumbnail'><dl class='gallery-item'>\n\t\t\t<dt class='gallery-icon portrait'>\n\t\t\t\t<a href='http:\/\/www.gourmettes-fribourg.ch\/wp-content\/uploads\/2016\/04\/IMG_2844.jpg' title=\"\" data-rl_title=\"\" class=\"rl-gallery-link\" data-rl_caption=\"\" data-rel=\"lightbox-gallery-1\"><img width=\"160\" height=\"160\" src=\"http:\/\/www.gourmettes-fribourg.ch\/wp-content\/uploads\/2016\/04\/IMG_2844-160x160.jpg\" class=\"attachment-thumbnail size-thumbnail\" alt=\"\" loading=\"lazy\" srcset=\"http:\/\/www.gourmettes-fribourg.ch\/wp-content\/uploads\/2016\/04\/IMG_2844-160x160.jpg 160w, http:\/\/www.gourmettes-fribourg.ch\/wp-content\/uploads\/2016\/04\/IMG_2844-136x136.jpg 136w, http:\/\/www.gourmettes-fribourg.ch\/wp-content\/uploads\/2016\/04\/IMG_2844-100x100.jpg 100w\" sizes=\"(max-width: 160px) 100vw, 160px\" \/><\/a>\n\t\t\t<\/dt><\/dl><dl class='gallery-item'>\n\t\t\t<dt class='gallery-icon landscape'>\n\t\t\t\t<a href='http:\/\/www.gourmettes-fribourg.ch\/wp-content\/uploads\/2016\/04\/IMG_2862.jpg' title=\"\" data-rl_title=\"\" class=\"rl-gallery-link\" data-rl_caption=\"\" data-rel=\"lightbox-gallery-1\"><img width=\"160\" height=\"160\" src=\"http:\/\/www.gourmettes-fribourg.ch\/wp-content\/uploads\/2016\/04\/IMG_2862-160x160.jpg\" class=\"attachment-thumbnail size-thumbnail\" alt=\"\" loading=\"lazy\" srcset=\"http:\/\/www.gourmettes-fribourg.ch\/wp-content\/uploads\/2016\/04\/IMG_2862-160x160.jpg 160w, http:\/\/www.gourmettes-fribourg.ch\/wp-content\/uploads\/2016\/04\/IMG_2862-136x136.jpg 136w, http:\/\/www.gourmettes-fribourg.ch\/wp-content\/uploads\/2016\/04\/IMG_2862-100x100.jpg 100w\" sizes=\"(max-width: 160px) 100vw, 160px\" \/><\/a>\n\t\t\t<\/dt><\/dl><dl class='gallery-item'>\n\t\t\t<dt class='gallery-icon landscape'>\n\t\t\t\t<a href='http:\/\/www.gourmettes-fribourg.ch\/wp-content\/uploads\/2016\/04\/IMG_2863.jpg' title=\"\" data-rl_title=\"\" class=\"rl-gallery-link\" data-rl_caption=\"\" data-rel=\"lightbox-gallery-1\"><img width=\"160\" height=\"160\" src=\"http:\/\/www.gourmettes-fribourg.ch\/wp-content\/uploads\/2016\/04\/IMG_2863-160x160.jpg\" class=\"attachment-thumbnail size-thumbnail\" alt=\"\" loading=\"lazy\" srcset=\"http:\/\/www.gourmettes-fribourg.ch\/wp-content\/uploads\/2016\/04\/IMG_2863-160x160.jpg 160w, http:\/\/www.gourmettes-fribourg.ch\/wp-content\/uploads\/2016\/04\/IMG_2863-136x136.jpg 136w, http:\/\/www.gourmettes-fribourg.ch\/wp-content\/uploads\/2016\/04\/IMG_2863-100x100.jpg 100w\" sizes=\"(max-width: 160px) 100vw, 160px\" \/><\/a>\n\t\t\t<\/dt><\/dl><br style=\"clear: both\" \/><dl class='gallery-item'>\n\t\t\t<dt class='gallery-icon landscape'>\n\t\t\t\t<a href='http:\/\/www.gourmettes-fribourg.ch\/wp-content\/uploads\/2016\/04\/IMG_2864.jpg' title=\"\" data-rl_title=\"\" class=\"rl-gallery-link\" data-rl_caption=\"\" data-rel=\"lightbox-gallery-1\"><img width=\"160\" height=\"160\" src=\"http:\/\/www.gourmettes-fribourg.ch\/wp-content\/uploads\/2016\/04\/IMG_2864-160x160.jpg\" class=\"attachment-thumbnail size-thumbnail\" alt=\"\" loading=\"lazy\" srcset=\"http:\/\/www.gourmettes-fribourg.ch\/wp-content\/uploads\/2016\/04\/IMG_2864-160x160.jpg 160w, http:\/\/www.gourmettes-fribourg.ch\/wp-content\/uploads\/2016\/04\/IMG_2864-136x136.jpg 136w, http:\/\/www.gourmettes-fribourg.ch\/wp-content\/uploads\/2016\/04\/IMG_2864-100x100.jpg 100w\" sizes=\"(max-width: 160px) 100vw, 160px\" \/><\/a>\n\t\t\t<\/dt><\/dl><dl class='gallery-item'>\n\t\t\t<dt class='gallery-icon landscape'>\n\t\t\t\t<a href='http:\/\/www.gourmettes-fribourg.ch\/wp-content\/uploads\/2016\/04\/IMG_2865.jpg' title=\"\" data-rl_title=\"\" class=\"rl-gallery-link\" data-rl_caption=\"\" data-rel=\"lightbox-gallery-1\"><img width=\"160\" height=\"160\" src=\"http:\/\/www.gourmettes-fribourg.ch\/wp-content\/uploads\/2016\/04\/IMG_2865-160x160.jpg\" class=\"attachment-thumbnail size-thumbnail\" alt=\"\" loading=\"lazy\" srcset=\"http:\/\/www.gourmettes-fribourg.ch\/wp-content\/uploads\/2016\/04\/IMG_2865-160x160.jpg 160w, http:\/\/www.gourmettes-fribourg.ch\/wp-content\/uploads\/2016\/04\/IMG_2865-136x136.jpg 136w, http:\/\/www.gourmettes-fribourg.ch\/wp-content\/uploads\/2016\/04\/IMG_2865-100x100.jpg 100w\" sizes=\"(max-width: 160px) 100vw, 160px\" \/><\/a>\n\t\t\t<\/dt><\/dl><dl class='gallery-item'>\n\t\t\t<dt class='gallery-icon portrait'>\n\t\t\t\t<a href='http:\/\/www.gourmettes-fribourg.ch\/wp-content\/uploads\/2016\/04\/IMG_2866.jpg' title=\"\" data-rl_title=\"\" class=\"rl-gallery-link\" data-rl_caption=\"\" data-rel=\"lightbox-gallery-1\"><img width=\"160\" height=\"160\" src=\"http:\/\/www.gourmettes-fribourg.ch\/wp-content\/uploads\/2016\/04\/IMG_2866-160x160.jpg\" class=\"attachment-thumbnail size-thumbnail\" alt=\"\" loading=\"lazy\" srcset=\"http:\/\/www.gourmettes-fribourg.ch\/wp-content\/uploads\/2016\/04\/IMG_2866-160x160.jpg 160w, http:\/\/www.gourmettes-fribourg.ch\/wp-content\/uploads\/2016\/04\/IMG_2866-136x136.jpg 136w, http:\/\/www.gourmettes-fribourg.ch\/wp-content\/uploads\/2016\/04\/IMG_2866-100x100.jpg 100w\" sizes=\"(max-width: 160px) 100vw, 160px\" \/><\/a>\n\t\t\t<\/dt><\/dl><br style=\"clear: both\" \/><dl class='gallery-item'>\n\t\t\t<dt class='gallery-icon landscape'>\n\t\t\t\t<a href='http:\/\/www.gourmettes-fribourg.ch\/wp-content\/uploads\/2016\/04\/IMG_2867.jpg' title=\"\" data-rl_title=\"\" class=\"rl-gallery-link\" data-rl_caption=\"\" data-rel=\"lightbox-gallery-1\"><img width=\"160\" height=\"160\" src=\"http:\/\/www.gourmettes-fribourg.ch\/wp-content\/uploads\/2016\/04\/IMG_2867-160x160.jpg\" class=\"attachment-thumbnail size-thumbnail\" alt=\"\" loading=\"lazy\" srcset=\"http:\/\/www.gourmettes-fribourg.ch\/wp-content\/uploads\/2016\/04\/IMG_2867-160x160.jpg 160w, http:\/\/www.gourmettes-fribourg.ch\/wp-content\/uploads\/2016\/04\/IMG_2867-900x900.jpg 900w, http:\/\/www.gourmettes-fribourg.ch\/wp-content\/uploads\/2016\/04\/IMG_2867-136x136.jpg 136w, http:\/\/www.gourmettes-fribourg.ch\/wp-content\/uploads\/2016\/04\/IMG_2867-100x100.jpg 100w, http:\/\/www.gourmettes-fribourg.ch\/wp-content\/uploads\/2016\/04\/IMG_2867.jpg 1600w\" sizes=\"(max-width: 160px) 100vw, 160px\" \/><\/a>\n\t\t\t<\/dt><\/dl><dl class='gallery-item'>\n\t\t\t<dt class='gallery-icon landscape'>\n\t\t\t\t<a href='http:\/\/www.gourmettes-fribourg.ch\/wp-content\/uploads\/2016\/04\/IMG_2868.jpg' title=\"\" data-rl_title=\"\" class=\"rl-gallery-link\" data-rl_caption=\"\" data-rel=\"lightbox-gallery-1\"><img width=\"160\" height=\"160\" src=\"http:\/\/www.gourmettes-fribourg.ch\/wp-content\/uploads\/2016\/04\/IMG_2868-160x160.jpg\" class=\"attachment-thumbnail size-thumbnail\" alt=\"\" loading=\"lazy\" srcset=\"http:\/\/www.gourmettes-fribourg.ch\/wp-content\/uploads\/2016\/04\/IMG_2868-160x160.jpg 160w, http:\/\/www.gourmettes-fribourg.ch\/wp-content\/uploads\/2016\/04\/IMG_2868-136x136.jpg 136w, http:\/\/www.gourmettes-fribourg.ch\/wp-content\/uploads\/2016\/04\/IMG_2868-100x100.jpg 100w\" sizes=\"(max-width: 160px) 100vw, 160px\" \/><\/a>\n\t\t\t<\/dt><\/dl><dl class='gallery-item'>\n\t\t\t<dt class='gallery-icon portrait'>\n\t\t\t\t<a href='http:\/\/www.gourmettes-fribourg.ch\/wp-content\/uploads\/2016\/04\/IMG_2874.jpg' title=\"\" data-rl_title=\"\" class=\"rl-gallery-link\" data-rl_caption=\"\" data-rel=\"lightbox-gallery-1\"><img width=\"160\" height=\"160\" src=\"http:\/\/www.gourmettes-fribourg.ch\/wp-content\/uploads\/2016\/04\/IMG_2874-160x160.jpg\" class=\"attachment-thumbnail size-thumbnail\" alt=\"\" loading=\"lazy\" srcset=\"http:\/\/www.gourmettes-fribourg.ch\/wp-content\/uploads\/2016\/04\/IMG_2874-160x160.jpg 160w, http:\/\/www.gourmettes-fribourg.ch\/wp-content\/uploads\/2016\/04\/IMG_2874-136x136.jpg 136w, http:\/\/www.gourmettes-fribourg.ch\/wp-content\/uploads\/2016\/04\/IMG_2874-100x100.jpg 100w\" sizes=\"(max-width: 160px) 100vw, 160px\" \/><\/a>\n\t\t\t<\/dt><\/dl><br style=\"clear: both\" \/><dl class='gallery-item'>\n\t\t\t<dt class='gallery-icon portrait'>\n\t\t\t\t<a href='http:\/\/www.gourmettes-fribourg.ch\/wp-content\/uploads\/2016\/04\/IMG_2875.jpg' title=\"\" data-rl_title=\"\" class=\"rl-gallery-link\" data-rl_caption=\"\" data-rel=\"lightbox-gallery-1\"><img width=\"160\" height=\"160\" src=\"http:\/\/www.gourmettes-fribourg.ch\/wp-content\/uploads\/2016\/04\/IMG_2875-160x160.jpg\" class=\"attachment-thumbnail size-thumbnail\" alt=\"\" loading=\"lazy\" srcset=\"http:\/\/www.gourmettes-fribourg.ch\/wp-content\/uploads\/2016\/04\/IMG_2875-160x160.jpg 160w, http:\/\/www.gourmettes-fribourg.ch\/wp-content\/uploads\/2016\/04\/IMG_2875-136x136.jpg 136w, http:\/\/www.gourmettes-fribourg.ch\/wp-content\/uploads\/2016\/04\/IMG_2875-100x100.jpg 100w\" sizes=\"(max-width: 160px) 100vw, 160px\" \/><\/a>\n\t\t\t<\/dt><\/dl><dl class='gallery-item'>\n\t\t\t<dt class='gallery-icon landscape'>\n\t\t\t\t<a href='http:\/\/www.gourmettes-fribourg.ch\/wp-content\/uploads\/2016\/04\/IMG_2876.jpg' title=\"\" data-rl_title=\"\" class=\"rl-gallery-link\" data-rl_caption=\"\" data-rel=\"lightbox-gallery-1\"><img width=\"160\" height=\"160\" src=\"http:\/\/www.gourmettes-fribourg.ch\/wp-content\/uploads\/2016\/04\/IMG_2876-160x160.jpg\" class=\"attachment-thumbnail size-thumbnail\" alt=\"\" loading=\"lazy\" srcset=\"http:\/\/www.gourmettes-fribourg.ch\/wp-content\/uploads\/2016\/04\/IMG_2876-160x160.jpg 160w, http:\/\/www.gourmettes-fribourg.ch\/wp-content\/uploads\/2016\/04\/IMG_2876-136x136.jpg 136w, http:\/\/www.gourmettes-fribourg.ch\/wp-content\/uploads\/2016\/04\/IMG_2876-100x100.jpg 100w\" sizes=\"(max-width: 160px) 100vw, 160px\" \/><\/a>\n\t\t\t<\/dt><\/dl><dl class='gallery-item'>\n\t\t\t<dt class='gallery-icon portrait'>\n\t\t\t\t<a href='http:\/\/www.gourmettes-fribourg.ch\/wp-content\/uploads\/2016\/04\/IMG_2840.jpg' title=\"\" data-rl_title=\"\" class=\"rl-gallery-link\" data-rl_caption=\"\" data-rel=\"lightbox-gallery-1\"><img width=\"160\" height=\"160\" src=\"http:\/\/www.gourmettes-fribourg.ch\/wp-content\/uploads\/2016\/04\/IMG_2840-160x160.jpg\" class=\"attachment-thumbnail size-thumbnail\" alt=\"\" loading=\"lazy\" srcset=\"http:\/\/www.gourmettes-fribourg.ch\/wp-content\/uploads\/2016\/04\/IMG_2840-160x160.jpg 160w, http:\/\/www.gourmettes-fribourg.ch\/wp-content\/uploads\/2016\/04\/IMG_2840-136x136.jpg 136w, http:\/\/www.gourmettes-fribourg.ch\/wp-content\/uploads\/2016\/04\/IMG_2840-100x100.jpg 100w\" sizes=\"(max-width: 160px) 100vw, 160px\" \/><\/a>\n\t\t\t<\/dt><\/dl><br style=\"clear: both\" \/><dl class='gallery-item'>\n\t\t\t<dt class='gallery-icon portrait'>\n\t\t\t\t<a href='http:\/\/www.gourmettes-fribourg.ch\/wp-content\/uploads\/2016\/04\/IMG_2839.jpg' title=\"\" data-rl_title=\"\" class=\"rl-gallery-link\" data-rl_caption=\"\" data-rel=\"lightbox-gallery-1\"><img width=\"160\" height=\"160\" src=\"http:\/\/www.gourmettes-fribourg.ch\/wp-content\/uploads\/2016\/04\/IMG_2839-160x160.jpg\" class=\"attachment-thumbnail size-thumbnail\" alt=\"\" loading=\"lazy\" srcset=\"http:\/\/www.gourmettes-fribourg.ch\/wp-content\/uploads\/2016\/04\/IMG_2839-160x160.jpg 160w, http:\/\/www.gourmettes-fribourg.ch\/wp-content\/uploads\/2016\/04\/IMG_2839-136x136.jpg 136w, http:\/\/www.gourmettes-fribourg.ch\/wp-content\/uploads\/2016\/04\/IMG_2839-100x100.jpg 100w\" sizes=\"(max-width: 160px) 100vw, 160px\" \/><\/a>\n\t\t\t<\/dt><\/dl><dl class='gallery-item'>\n\t\t\t<dt class='gallery-icon portrait'>\n\t\t\t\t<a href='http:\/\/www.gourmettes-fribourg.ch\/wp-content\/uploads\/2016\/04\/IMG_2877.jpg' title=\"\" data-rl_title=\"\" class=\"rl-gallery-link\" data-rl_caption=\"\" data-rel=\"lightbox-gallery-1\"><img width=\"160\" height=\"160\" src=\"http:\/\/www.gourmettes-fribourg.ch\/wp-content\/uploads\/2016\/04\/IMG_2877-160x160.jpg\" class=\"attachment-thumbnail size-thumbnail\" alt=\"\" loading=\"lazy\" aria-describedby=\"gallery-1-2254\" srcset=\"http:\/\/www.gourmettes-fribourg.ch\/wp-content\/uploads\/2016\/04\/IMG_2877-160x160.jpg 160w, http:\/\/www.gourmettes-fribourg.ch\/wp-content\/uploads\/2016\/04\/IMG_2877-136x136.jpg 136w, http:\/\/www.gourmettes-fribourg.ch\/wp-content\/uploads\/2016\/04\/IMG_2877-100x100.jpg 100w\" sizes=\"(max-width: 160px) 100vw, 160px\" \/><\/a>\n\t\t\t<\/dt>\n\t\t\t\t<dd class='wp-caption-text gallery-caption' id='gallery-1-2254'>\n\t\t\t\tQuiche aromatique \n\t\t\t\t<\/dd><\/dl><dl class='gallery-item'>\n\t\t\t<dt class='gallery-icon portrait'>\n\t\t\t\t<a href='http:\/\/www.gourmettes-fribourg.ch\/wp-content\/uploads\/2016\/04\/IMG_2871.jpg' title=\"\" data-rl_title=\"\" class=\"rl-gallery-link\" data-rl_caption=\"\" data-rel=\"lightbox-gallery-1\"><img width=\"160\" height=\"160\" src=\"http:\/\/www.gourmettes-fribourg.ch\/wp-content\/uploads\/2016\/04\/IMG_2871-160x160.jpg\" class=\"attachment-thumbnail size-thumbnail\" alt=\"\" loading=\"lazy\" srcset=\"http:\/\/www.gourmettes-fribourg.ch\/wp-content\/uploads\/2016\/04\/IMG_2871-160x160.jpg 160w, http:\/\/www.gourmettes-fribourg.ch\/wp-content\/uploads\/2016\/04\/IMG_2871-136x136.jpg 136w, http:\/\/www.gourmettes-fribourg.ch\/wp-content\/uploads\/2016\/04\/IMG_2871-100x100.jpg 100w\" sizes=\"(max-width: 160px) 100vw, 160px\" \/><\/a>\n\t\t\t<\/dt><\/dl><br style=\"clear: both\" \/><dl class='gallery-item'>\n\t\t\t<dt class='gallery-icon landscape'>\n\t\t\t\t<a href='http:\/\/www.gourmettes-fribourg.ch\/wp-content\/uploads\/2016\/04\/IMG_2870.jpg' title=\"\" data-rl_title=\"\" class=\"rl-gallery-link\" data-rl_caption=\"\" data-rel=\"lightbox-gallery-1\"><img width=\"160\" height=\"160\" src=\"http:\/\/www.gourmettes-fribourg.ch\/wp-content\/uploads\/2016\/04\/IMG_2870-160x160.jpg\" class=\"attachment-thumbnail size-thumbnail\" alt=\"\" loading=\"lazy\" srcset=\"http:\/\/www.gourmettes-fribourg.ch\/wp-content\/uploads\/2016\/04\/IMG_2870-160x160.jpg 160w, http:\/\/www.gourmettes-fribourg.ch\/wp-content\/uploads\/2016\/04\/IMG_2870-136x136.jpg 136w, http:\/\/www.gourmettes-fribourg.ch\/wp-content\/uploads\/2016\/04\/IMG_2870-100x100.jpg 100w\" sizes=\"(max-width: 160px) 100vw, 160px\" \/><\/a>\n\t\t\t<\/dt><\/dl><dl class='gallery-item'>\n\t\t\t<dt class='gallery-icon portrait'>\n\t\t\t\t<a href='http:\/\/www.gourmettes-fribourg.ch\/wp-content\/uploads\/2016\/04\/IMG_2869.jpg' title=\"\" data-rl_title=\"\" class=\"rl-gallery-link\" data-rl_caption=\"\" data-rel=\"lightbox-gallery-1\"><img width=\"160\" height=\"160\" src=\"http:\/\/www.gourmettes-fribourg.ch\/wp-content\/uploads\/2016\/04\/IMG_2869-160x160.jpg\" class=\"attachment-thumbnail size-thumbnail\" alt=\"\" loading=\"lazy\" aria-describedby=\"gallery-1-2248\" srcset=\"http:\/\/www.gourmettes-fribourg.ch\/wp-content\/uploads\/2016\/04\/IMG_2869-160x160.jpg 160w, http:\/\/www.gourmettes-fribourg.ch\/wp-content\/uploads\/2016\/04\/IMG_2869-136x136.jpg 136w, http:\/\/www.gourmettes-fribourg.ch\/wp-content\/uploads\/2016\/04\/IMG_2869-100x100.jpg 100w\" sizes=\"(max-width: 160px) 100vw, 160px\" \/><\/a>\n\t\t\t<\/dt>\n\t\t\t\t<dd class='wp-caption-text gallery-caption' id='gallery-1-2248'>\n\t\t\t\tBetteraves r\u00e2p\u00e9es \u00e0 la pomme verte\n\t\t\t\t<\/dd><\/dl><dl class='gallery-item'>\n\t\t\t<dt class='gallery-icon portrait'>\n\t\t\t\t<a href='http:\/\/www.gourmettes-fribourg.ch\/wp-content\/uploads\/2016\/04\/IMG_2848.jpg' title=\"\" data-rl_title=\"\" class=\"rl-gallery-link\" data-rl_caption=\"\" data-rel=\"lightbox-gallery-1\"><img width=\"160\" height=\"160\" src=\"http:\/\/www.gourmettes-fribourg.ch\/wp-content\/uploads\/2016\/04\/IMG_2848-160x160.jpg\" class=\"attachment-thumbnail size-thumbnail\" alt=\"\" loading=\"lazy\" srcset=\"http:\/\/www.gourmettes-fribourg.ch\/wp-content\/uploads\/2016\/04\/IMG_2848-160x160.jpg 160w, http:\/\/www.gourmettes-fribourg.ch\/wp-content\/uploads\/2016\/04\/IMG_2848-136x136.jpg 136w, http:\/\/www.gourmettes-fribourg.ch\/wp-content\/uploads\/2016\/04\/IMG_2848-100x100.jpg 100w\" sizes=\"(max-width: 160px) 100vw, 160px\" \/><\/a>\n\t\t\t<\/dt><\/dl><br style=\"clear: both\" \/><dl class='gallery-item'>\n\t\t\t<dt class='gallery-icon portrait'>\n\t\t\t\t<a href='http:\/\/www.gourmettes-fribourg.ch\/wp-content\/uploads\/2016\/04\/IMG_2846.jpg' title=\"\" data-rl_title=\"\" class=\"rl-gallery-link\" data-rl_caption=\"\" data-rel=\"lightbox-gallery-1\"><img width=\"160\" height=\"160\" src=\"http:\/\/www.gourmettes-fribourg.ch\/wp-content\/uploads\/2016\/04\/IMG_2846-160x160.jpg\" class=\"attachment-thumbnail size-thumbnail\" alt=\"\" loading=\"lazy\" aria-describedby=\"gallery-1-2233\" srcset=\"http:\/\/www.gourmettes-fribourg.ch\/wp-content\/uploads\/2016\/04\/IMG_2846-160x160.jpg 160w, http:\/\/www.gourmettes-fribourg.ch\/wp-content\/uploads\/2016\/04\/IMG_2846-136x136.jpg 136w, http:\/\/www.gourmettes-fribourg.ch\/wp-content\/uploads\/2016\/04\/IMG_2846-100x100.jpg 100w\" sizes=\"(max-width: 160px) 100vw, 160px\" \/><\/a>\n\t\t\t<\/dt>\n\t\t\t\t<dd class='wp-caption-text gallery-caption' id='gallery-1-2233'>\n\t\t\t\tSoupe d&rsquo;asperges aux amandes et \u00e9mulsion au gruy\u00e8re\n\t\t\t\t<\/dd><\/dl><dl class='gallery-item'>\n\t\t\t<dt class='gallery-icon landscape'>\n\t\t\t\t<a href='http:\/\/www.gourmettes-fribourg.ch\/wp-content\/uploads\/2016\/04\/IMG_2878.jpg' title=\"\" data-rl_title=\"\" class=\"rl-gallery-link\" data-rl_caption=\"\" data-rel=\"lightbox-gallery-1\"><img width=\"160\" height=\"160\" src=\"http:\/\/www.gourmettes-fribourg.ch\/wp-content\/uploads\/2016\/04\/IMG_2878-160x160.jpg\" class=\"attachment-thumbnail size-thumbnail\" alt=\"\" loading=\"lazy\" srcset=\"http:\/\/www.gourmettes-fribourg.ch\/wp-content\/uploads\/2016\/04\/IMG_2878-160x160.jpg 160w, http:\/\/www.gourmettes-fribourg.ch\/wp-content\/uploads\/2016\/04\/IMG_2878-136x136.jpg 136w, http:\/\/www.gourmettes-fribourg.ch\/wp-content\/uploads\/2016\/04\/IMG_2878-100x100.jpg 100w\" sizes=\"(max-width: 160px) 100vw, 160px\" \/><\/a>\n\t\t\t<\/dt><\/dl><dl class='gallery-item'>\n\t\t\t<dt class='gallery-icon portrait'>\n\t\t\t\t<a href='http:\/\/www.gourmettes-fribourg.ch\/wp-content\/uploads\/2016\/04\/IMG_2884.jpg' title=\"\" data-rl_title=\"\" class=\"rl-gallery-link\" data-rl_caption=\"\" data-rel=\"lightbox-gallery-1\"><img width=\"160\" height=\"160\" src=\"http:\/\/www.gourmettes-fribourg.ch\/wp-content\/uploads\/2016\/04\/IMG_2884-160x160.jpg\" class=\"attachment-thumbnail size-thumbnail\" alt=\"\" loading=\"lazy\" srcset=\"http:\/\/www.gourmettes-fribourg.ch\/wp-content\/uploads\/2016\/04\/IMG_2884-160x160.jpg 160w, http:\/\/www.gourmettes-fribourg.ch\/wp-content\/uploads\/2016\/04\/IMG_2884-136x136.jpg 136w, http:\/\/www.gourmettes-fribourg.ch\/wp-content\/uploads\/2016\/04\/IMG_2884-100x100.jpg 100w\" sizes=\"(max-width: 160px) 100vw, 160px\" \/><\/a>\n\t\t\t<\/dt><\/dl><br style=\"clear: both\" \/><dl class='gallery-item'>\n\t\t\t<dt class='gallery-icon portrait'>\n\t\t\t\t<a href='http:\/\/www.gourmettes-fribourg.ch\/wp-content\/uploads\/2016\/04\/IMG_2850.jpg' title=\"\" data-rl_title=\"\" class=\"rl-gallery-link\" data-rl_caption=\"\" data-rel=\"lightbox-gallery-1\"><img width=\"160\" height=\"160\" src=\"http:\/\/www.gourmettes-fribourg.ch\/wp-content\/uploads\/2016\/04\/IMG_2850-160x160.jpg\" class=\"attachment-thumbnail size-thumbnail\" alt=\"\" loading=\"lazy\" srcset=\"http:\/\/www.gourmettes-fribourg.ch\/wp-content\/uploads\/2016\/04\/IMG_2850-160x160.jpg 160w, http:\/\/www.gourmettes-fribourg.ch\/wp-content\/uploads\/2016\/04\/IMG_2850-136x136.jpg 136w, http:\/\/www.gourmettes-fribourg.ch\/wp-content\/uploads\/2016\/04\/IMG_2850-100x100.jpg 100w\" sizes=\"(max-width: 160px) 100vw, 160px\" \/><\/a>\n\t\t\t<\/dt><\/dl><dl class='gallery-item'>\n\t\t\t<dt class='gallery-icon portrait'>\n\t\t\t\t<a href='http:\/\/www.gourmettes-fribourg.ch\/wp-content\/uploads\/2016\/04\/IMG_2882.jpg' title=\"\" data-rl_title=\"\" class=\"rl-gallery-link\" data-rl_caption=\"\" data-rel=\"lightbox-gallery-1\"><img width=\"160\" height=\"160\" src=\"http:\/\/www.gourmettes-fribourg.ch\/wp-content\/uploads\/2016\/04\/IMG_2882-160x160.jpg\" class=\"attachment-thumbnail size-thumbnail\" alt=\"\" loading=\"lazy\" srcset=\"http:\/\/www.gourmettes-fribourg.ch\/wp-content\/uploads\/2016\/04\/IMG_2882-160x160.jpg 160w, http:\/\/www.gourmettes-fribourg.ch\/wp-content\/uploads\/2016\/04\/IMG_2882-136x136.jpg 136w, http:\/\/www.gourmettes-fribourg.ch\/wp-content\/uploads\/2016\/04\/IMG_2882-100x100.jpg 100w\" sizes=\"(max-width: 160px) 100vw, 160px\" \/><\/a>\n\t\t\t<\/dt><\/dl><dl class='gallery-item'>\n\t\t\t<dt class='gallery-icon portrait'>\n\t\t\t\t<a href='http:\/\/www.gourmettes-fribourg.ch\/wp-content\/uploads\/2016\/04\/IMG_2883.jpg' title=\"\" data-rl_title=\"\" class=\"rl-gallery-link\" data-rl_caption=\"\" data-rel=\"lightbox-gallery-1\"><img width=\"160\" height=\"160\" src=\"http:\/\/www.gourmettes-fribourg.ch\/wp-content\/uploads\/2016\/04\/IMG_2883-160x160.jpg\" class=\"attachment-thumbnail size-thumbnail\" alt=\"\" loading=\"lazy\" aria-describedby=\"gallery-1-2258\" srcset=\"http:\/\/www.gourmettes-fribourg.ch\/wp-content\/uploads\/2016\/04\/IMG_2883-160x160.jpg 160w, http:\/\/www.gourmettes-fribourg.ch\/wp-content\/uploads\/2016\/04\/IMG_2883-136x136.jpg 136w, http:\/\/www.gourmettes-fribourg.ch\/wp-content\/uploads\/2016\/04\/IMG_2883-100x100.jpg 100w\" sizes=\"(max-width: 160px) 100vw, 160px\" \/><\/a>\n\t\t\t<\/dt>\n\t\t\t\t<dd class='wp-caption-text gallery-caption' id='gallery-1-2258'>\n\t\t\t\tBar en tartare\n\t\t\t\t<\/dd><\/dl><br style=\"clear: both\" \/><dl class='gallery-item'>\n\t\t\t<dt class='gallery-icon portrait'>\n\t\t\t\t<a href='http:\/\/www.gourmettes-fribourg.ch\/wp-content\/uploads\/2016\/04\/IMG_2854.jpg' title=\"\" data-rl_title=\"\" class=\"rl-gallery-link\" data-rl_caption=\"\" data-rel=\"lightbox-gallery-1\"><img width=\"160\" height=\"160\" src=\"http:\/\/www.gourmettes-fribourg.ch\/wp-content\/uploads\/2016\/04\/IMG_2854-160x160.jpg\" class=\"attachment-thumbnail size-thumbnail\" alt=\"\" loading=\"lazy\" srcset=\"http:\/\/www.gourmettes-fribourg.ch\/wp-content\/uploads\/2016\/04\/IMG_2854-160x160.jpg 160w, http:\/\/www.gourmettes-fribourg.ch\/wp-content\/uploads\/2016\/04\/IMG_2854-136x136.jpg 136w, http:\/\/www.gourmettes-fribourg.ch\/wp-content\/uploads\/2016\/04\/IMG_2854-100x100.jpg 100w\" sizes=\"(max-width: 160px) 100vw, 160px\" \/><\/a>\n\t\t\t<\/dt><\/dl><dl class='gallery-item'>\n\t\t\t<dt class='gallery-icon portrait'>\n\t\t\t\t<a href='http:\/\/www.gourmettes-fribourg.ch\/wp-content\/uploads\/2016\/04\/IMG_2856.jpg' title=\"\" data-rl_title=\"\" class=\"rl-gallery-link\" data-rl_caption=\"\" data-rel=\"lightbox-gallery-1\"><img width=\"160\" height=\"160\" src=\"http:\/\/www.gourmettes-fribourg.ch\/wp-content\/uploads\/2016\/04\/IMG_2856-160x160.jpg\" class=\"attachment-thumbnail size-thumbnail\" alt=\"\" loading=\"lazy\" srcset=\"http:\/\/www.gourmettes-fribourg.ch\/wp-content\/uploads\/2016\/04\/IMG_2856-160x160.jpg 160w, http:\/\/www.gourmettes-fribourg.ch\/wp-content\/uploads\/2016\/04\/IMG_2856-136x136.jpg 136w, http:\/\/www.gourmettes-fribourg.ch\/wp-content\/uploads\/2016\/04\/IMG_2856-100x100.jpg 100w\" sizes=\"(max-width: 160px) 100vw, 160px\" \/><\/a>\n\t\t\t<\/dt><\/dl><dl class='gallery-item'>\n\t\t\t<dt class='gallery-icon portrait'>\n\t\t\t\t<a href='http:\/\/www.gourmettes-fribourg.ch\/wp-content\/uploads\/2016\/04\/IMG_2855.jpg' title=\"\" data-rl_title=\"\" class=\"rl-gallery-link\" data-rl_caption=\"\" data-rel=\"lightbox-gallery-1\"><img width=\"160\" height=\"160\" src=\"http:\/\/www.gourmettes-fribourg.ch\/wp-content\/uploads\/2016\/04\/IMG_2855-160x160.jpg\" class=\"attachment-thumbnail size-thumbnail\" alt=\"\" loading=\"lazy\" srcset=\"http:\/\/www.gourmettes-fribourg.ch\/wp-content\/uploads\/2016\/04\/IMG_2855-160x160.jpg 160w, http:\/\/www.gourmettes-fribourg.ch\/wp-content\/uploads\/2016\/04\/IMG_2855-136x136.jpg 136w, http:\/\/www.gourmettes-fribourg.ch\/wp-content\/uploads\/2016\/04\/IMG_2855-100x100.jpg 100w\" sizes=\"(max-width: 160px) 100vw, 160px\" \/><\/a>\n\t\t\t<\/dt><\/dl><br style=\"clear: both\" \/><dl class='gallery-item'>\n\t\t\t<dt class='gallery-icon portrait'>\n\t\t\t\t<a href='http:\/\/www.gourmettes-fribourg.ch\/wp-content\/uploads\/2016\/04\/IMG_2857.jpg' title=\"\" data-rl_title=\"\" class=\"rl-gallery-link\" data-rl_caption=\"\" data-rel=\"lightbox-gallery-1\"><img width=\"160\" height=\"160\" src=\"http:\/\/www.gourmettes-fribourg.ch\/wp-content\/uploads\/2016\/04\/IMG_2857-160x160.jpg\" class=\"attachment-thumbnail size-thumbnail\" alt=\"\" loading=\"lazy\" aria-describedby=\"gallery-1-2239\" srcset=\"http:\/\/www.gourmettes-fribourg.ch\/wp-content\/uploads\/2016\/04\/IMG_2857-160x160.jpg 160w, http:\/\/www.gourmettes-fribourg.ch\/wp-content\/uploads\/2016\/04\/IMG_2857-136x136.jpg 136w, http:\/\/www.gourmettes-fribourg.ch\/wp-content\/uploads\/2016\/04\/IMG_2857-100x100.jpg 100w\" sizes=\"(max-width: 160px) 100vw, 160px\" \/><\/a>\n\t\t\t<\/dt>\n\t\t\t\t<dd class='wp-caption-text gallery-caption' id='gallery-1-2239'>\n\t\t\t\tC\u00f4te de Boeuf &#8211; sauce aux herbes &#8211; Foccacia\n\t\t\t\t<\/dd><\/dl><dl class='gallery-item'>\n\t\t\t<dt class='gallery-icon landscape'>\n\t\t\t\t<a href='http:\/\/www.gourmettes-fribourg.ch\/wp-content\/uploads\/2016\/04\/IMG_2881.jpg' title=\"\" data-rl_title=\"\" class=\"rl-gallery-link\" data-rl_caption=\"\" data-rel=\"lightbox-gallery-1\"><img width=\"160\" height=\"160\" src=\"http:\/\/www.gourmettes-fribourg.ch\/wp-content\/uploads\/2016\/04\/IMG_2881-160x160.jpg\" class=\"attachment-thumbnail size-thumbnail\" alt=\"\" loading=\"lazy\" aria-describedby=\"gallery-1-2256\" srcset=\"http:\/\/www.gourmettes-fribourg.ch\/wp-content\/uploads\/2016\/04\/IMG_2881-160x160.jpg 160w, http:\/\/www.gourmettes-fribourg.ch\/wp-content\/uploads\/2016\/04\/IMG_2881-136x136.jpg 136w, http:\/\/www.gourmettes-fribourg.ch\/wp-content\/uploads\/2016\/04\/IMG_2881-100x100.jpg 100w\" sizes=\"(max-width: 160px) 100vw, 160px\" \/><\/a>\n\t\t\t<\/dt>\n\t\t\t\t<dd class='wp-caption-text gallery-caption' id='gallery-1-2256'>\n\t\t\t\tCrumble mangue, Cr\u00e8me l\u00e9g\u00e8re \u00e0 la vanille\n\t\t\t\t<\/dd><\/dl><dl class='gallery-item'>\n\t\t\t<dt class='gallery-icon portrait'>\n\t\t\t\t<a href='http:\/\/www.gourmettes-fribourg.ch\/wp-content\/uploads\/2016\/04\/IMG_2859.jpg' title=\"\" data-rl_title=\"\" class=\"rl-gallery-link\" data-rl_caption=\"\" data-rel=\"lightbox-gallery-1\"><img width=\"160\" height=\"160\" src=\"http:\/\/www.gourmettes-fribourg.ch\/wp-content\/uploads\/2016\/04\/IMG_2859-160x160.jpg\" class=\"attachment-thumbnail size-thumbnail\" alt=\"\" loading=\"lazy\" srcset=\"http:\/\/www.gourmettes-fribourg.ch\/wp-content\/uploads\/2016\/04\/IMG_2859-160x160.jpg 160w, http:\/\/www.gourmettes-fribourg.ch\/wp-content\/uploads\/2016\/04\/IMG_2859-136x136.jpg 136w, http:\/\/www.gourmettes-fribourg.ch\/wp-content\/uploads\/2016\/04\/IMG_2859-100x100.jpg 100w\" sizes=\"(max-width: 160px) 100vw, 160px\" \/><\/a>\n\t\t\t<\/dt><\/dl><br style=\"clear: both\" \/>\n\t\t<\/div>\n<\/p>\n","protected":false},"excerpt":{"rendered":"<p>Marie-France, Nicole, V\u00e9ronique B.et Anne\u00a0en cuisine pour r\u00e9veiller nos papilles du Printemps!<\/p>\n","protected":false},"author":3,"featured_media":2258,"comment_status":"closed","ping_status":"open","sticky":false,"template":"","format":"standard","meta":[],"categories":[68,16],"tags":[],"_links":{"self":[{"href":"http:\/\/www.gourmettes-fribourg.ch\/index.php?rest_route=\/wp\/v2\/posts\/2229"}],"collection":[{"href":"http:\/\/www.gourmettes-fribourg.ch\/index.php?rest_route=\/wp\/v2\/posts"}],"about":[{"href":"http:\/\/www.gourmettes-fribourg.ch\/index.php?rest_route=\/wp\/v2\/types\/post"}],"author":[{"embeddable":true,"href":"http:\/\/www.gourmettes-fribourg.ch\/index.php?rest_route=\/wp\/v2\/users\/3"}],"replies":[{"embeddable":true,"href":"http:\/\/www.gourmettes-fribourg.ch\/index.php?rest_route=%2Fwp%2Fv2%2Fcomments&post=2229"}],"version-history":[{"count":2,"href":"http:\/\/www.gourmettes-fribourg.ch\/index.php?rest_route=\/wp\/v2\/posts\/2229\/revisions"}],"predecessor-version":[{"id":2298,"href":"http:\/\/www.gourmettes-fribourg.ch\/index.php?rest_route=\/wp\/v2\/posts\/2229\/revisions\/2298"}],"wp:featuredmedia":[{"embeddable":true,"href":"http:\/\/www.gourmettes-fribourg.ch\/index.php?rest_route=\/wp\/v2\/media\/2258"}],"wp:attachment":[{"href":"http:\/\/www.gourmettes-fribourg.ch\/index.php?rest_route=%2Fwp%2Fv2%2Fmedia&parent=2229"}],"wp:term":[{"taxonomy":"category","embeddable":true,"href":"http:\/\/www.gourmettes-fribourg.ch\/index.php?rest_route=%2Fwp%2Fv2%2Fcategories&post=2229"},{"taxonomy":"post_tag","embeddable":true,"href":"http:\/\/www.gourmettes-fribourg.ch\/index.php?rest_route=%2Fwp%2Fv2%2Ftags&post=2229"}],"curies":[{"name":"wp","href":"https:\/\/api.w.org\/{rel}","templated":true}]}}