{"id":3703,"date":"2018-06-11T15:23:06","date_gmt":"2018-06-11T14:23:06","guid":{"rendered":"http:\/\/www.gourmettes-fribourg.ch\/?p=3703"},"modified":"2018-07-12T10:03:22","modified_gmt":"2018-07-12T09:03:22","slug":"40-eme-anniversaire-de-lag-suisse","status":"publish","type":"post","link":"http:\/\/www.gourmettes-fribourg.ch\/?p=3703","title":{"rendered":"40 \u00e8me anniversaire de l&rsquo;AG Suisse"},"content":{"rendered":"<p>C&rsquo;est dans un lieu \u00a0magnifique le Grand h\u00f4tel Swiss Majestic \u00e0 Montreux que nous avons \u00a0c\u00e9l\u00e9br\u00e9 notre 40\u00e8me anniversaire de l&rsquo;Association des Gourmettes.\n\t\t<style type=\"text\/css\">\n\t\t\t#gallery-1 {\n\t\t\t\tmargin: auto;\n\t\t\t}\n\t\t\t#gallery-1 .gallery-item {\n\t\t\t\tfloat: left;\n\t\t\t\tmargin-top: 10px;\n\t\t\t\ttext-align: center;\n\t\t\t\twidth: 33%;\n\t\t\t}\n\t\t\t#gallery-1 img {\n\t\t\t\tborder: 2px solid #cfcfcf;\n\t\t\t}\n\t\t\t#gallery-1 .gallery-caption {\n\t\t\t\tmargin-left: 0;\n\t\t\t}\n\t\t\t\/* see gallery_shortcode() in wp-includes\/media.php *\/\n\t\t<\/style>\n\t\t<div id='gallery-1' class='gallery galleryid-3703 gallery-columns-3 gallery-size-thumbnail'><dl class='gallery-item'>\n\t\t\t<dt class='gallery-icon '>\n\t\t\t\t<a href='http:\/\/www.gourmettes-fribourg.ch\/wp-content\/uploads\/2018\/06\/Trier-0161.jpg' title=\"\" data-rl_title=\"\" class=\"rl-gallery-link\" data-rl_caption=\"\" data-rel=\"lightbox-gallery-1\"><img width=\"1\" height=\"1\" src=\"http:\/\/www.gourmettes-fribourg.ch\/wp-content\/uploads\/2018\/06\/Trier-0161.jpg\" class=\"attachment-thumbnail size-thumbnail\" alt=\"\" loading=\"lazy\" \/><\/a>\n\t\t\t<\/dt><\/dl><dl class='gallery-item'>\n\t\t\t<dt class='gallery-icon '>\n\t\t\t\t<a href='http:\/\/www.gourmettes-fribourg.ch\/wp-content\/uploads\/2018\/06\/Trier-0181.jpg' title=\"\" data-rl_title=\"\" class=\"rl-gallery-link\" data-rl_caption=\"\" data-rel=\"lightbox-gallery-1\"><img width=\"1\" height=\"1\" src=\"http:\/\/www.gourmettes-fribourg.ch\/wp-content\/uploads\/2018\/06\/Trier-0181.jpg\" class=\"attachment-thumbnail size-thumbnail\" alt=\"\" loading=\"lazy\" \/><\/a>\n\t\t\t<\/dt><\/dl><dl class='gallery-item'>\n\t\t\t<dt class='gallery-icon '>\n\t\t\t\t<a href='http:\/\/www.gourmettes-fribourg.ch\/wp-content\/uploads\/2018\/06\/Trier-0191.jpg' title=\"\" data-rl_title=\"\" class=\"rl-gallery-link\" data-rl_caption=\"\" data-rel=\"lightbox-gallery-1\"><img width=\"1\" height=\"1\" src=\"http:\/\/www.gourmettes-fribourg.ch\/wp-content\/uploads\/2018\/06\/Trier-0191.jpg\" class=\"attachment-thumbnail size-thumbnail\" alt=\"\" loading=\"lazy\" \/><\/a>\n\t\t\t<\/dt><\/dl><br style=\"clear: both\" \/><dl class='gallery-item'>\n\t\t\t<dt class='gallery-icon '>\n\t\t\t\t<a href='http:\/\/www.gourmettes-fribourg.ch\/wp-content\/uploads\/2018\/06\/Trier-0201.jpg' title=\"\" data-rl_title=\"\" class=\"rl-gallery-link\" data-rl_caption=\"\" data-rel=\"lightbox-gallery-1\"><img width=\"1\" height=\"1\" src=\"http:\/\/www.gourmettes-fribourg.ch\/wp-content\/uploads\/2018\/06\/Trier-0201.jpg\" class=\"attachment-thumbnail size-thumbnail\" alt=\"\" loading=\"lazy\" \/><\/a>\n\t\t\t<\/dt><\/dl><dl class='gallery-item'>\n\t\t\t<dt class='gallery-icon '>\n\t\t\t\t<a href='http:\/\/www.gourmettes-fribourg.ch\/wp-content\/uploads\/2018\/06\/Trier-0221.jpg' title=\"\" data-rl_title=\"\" class=\"rl-gallery-link\" data-rl_caption=\"\" data-rel=\"lightbox-gallery-1\"><img width=\"1\" height=\"1\" src=\"http:\/\/www.gourmettes-fribourg.ch\/wp-content\/uploads\/2018\/06\/Trier-0221.jpg\" class=\"attachment-thumbnail size-thumbnail\" alt=\"\" loading=\"lazy\" \/><\/a>\n\t\t\t<\/dt><\/dl><dl class='gallery-item'>\n\t\t\t<dt class='gallery-icon '>\n\t\t\t\t<a href='http:\/\/www.gourmettes-fribourg.ch\/wp-content\/uploads\/2018\/06\/Trier-0341.jpg' title=\"\" data-rl_title=\"\" class=\"rl-gallery-link\" data-rl_caption=\"\" data-rel=\"lightbox-gallery-1\"><img width=\"1\" height=\"1\" src=\"http:\/\/www.gourmettes-fribourg.ch\/wp-content\/uploads\/2018\/06\/Trier-0341.jpg\" class=\"attachment-thumbnail size-thumbnail\" alt=\"\" loading=\"lazy\" \/><\/a>\n\t\t\t<\/dt><\/dl><br style=\"clear: both\" \/><dl class='gallery-item'>\n\t\t\t<dt class='gallery-icon '>\n\t\t\t\t<a href='http:\/\/www.gourmettes-fribourg.ch\/wp-content\/uploads\/2018\/06\/Trier-0361.jpg' title=\"\" data-rl_title=\"\" class=\"rl-gallery-link\" data-rl_caption=\"\" data-rel=\"lightbox-gallery-1\"><img width=\"1\" height=\"1\" src=\"http:\/\/www.gourmettes-fribourg.ch\/wp-content\/uploads\/2018\/06\/Trier-0361.jpg\" class=\"attachment-thumbnail size-thumbnail\" alt=\"\" loading=\"lazy\" \/><\/a>\n\t\t\t<\/dt><\/dl><dl class='gallery-item'>\n\t\t\t<dt class='gallery-icon '>\n\t\t\t\t<a href='http:\/\/www.gourmettes-fribourg.ch\/wp-content\/uploads\/2018\/06\/Trier-0371.jpg' title=\"\" data-rl_title=\"\" class=\"rl-gallery-link\" data-rl_caption=\"\" data-rel=\"lightbox-gallery-1\"><img width=\"1\" height=\"1\" src=\"http:\/\/www.gourmettes-fribourg.ch\/wp-content\/uploads\/2018\/06\/Trier-0371.jpg\" class=\"attachment-thumbnail size-thumbnail\" alt=\"\" loading=\"lazy\" \/><\/a>\n\t\t\t<\/dt><\/dl><dl class='gallery-item'>\n\t\t\t<dt class='gallery-icon '>\n\t\t\t\t<a href='http:\/\/www.gourmettes-fribourg.ch\/wp-content\/uploads\/2018\/06\/Trier-0531.jpg' title=\"\" data-rl_title=\"\" class=\"rl-gallery-link\" data-rl_caption=\"\" data-rel=\"lightbox-gallery-1\"><img width=\"1\" height=\"1\" src=\"http:\/\/www.gourmettes-fribourg.ch\/wp-content\/uploads\/2018\/06\/Trier-0531.jpg\" class=\"attachment-thumbnail size-thumbnail\" alt=\"\" loading=\"lazy\" \/><\/a>\n\t\t\t<\/dt><\/dl><br style=\"clear: both\" \/><dl class='gallery-item'>\n\t\t\t<dt class='gallery-icon '>\n\t\t\t\t<a href='http:\/\/www.gourmettes-fribourg.ch\/wp-content\/uploads\/2018\/06\/Trier-1821.jpg' title=\"\" data-rl_title=\"\" class=\"rl-gallery-link\" data-rl_caption=\"\" data-rel=\"lightbox-gallery-1\"><img width=\"1\" height=\"1\" src=\"http:\/\/www.gourmettes-fribourg.ch\/wp-content\/uploads\/2018\/06\/Trier-1821.jpg\" class=\"attachment-thumbnail size-thumbnail\" alt=\"\" loading=\"lazy\" \/><\/a>\n\t\t\t<\/dt><\/dl><dl class='gallery-item'>\n\t\t\t<dt class='gallery-icon '>\n\t\t\t\t<a href='http:\/\/www.gourmettes-fribourg.ch\/wp-content\/uploads\/2018\/06\/Trier-1851.jpg' title=\"\" data-rl_title=\"\" class=\"rl-gallery-link\" data-rl_caption=\"\" data-rel=\"lightbox-gallery-1\"><img width=\"1\" height=\"1\" src=\"http:\/\/www.gourmettes-fribourg.ch\/wp-content\/uploads\/2018\/06\/Trier-1851.jpg\" class=\"attachment-thumbnail size-thumbnail\" alt=\"\" loading=\"lazy\" \/><\/a>\n\t\t\t<\/dt><\/dl><dl class='gallery-item'>\n\t\t\t<dt class='gallery-icon '>\n\t\t\t\t<a href='http:\/\/www.gourmettes-fribourg.ch\/wp-content\/uploads\/2018\/06\/Trier-1891.jpg' title=\"\" data-rl_title=\"\" class=\"rl-gallery-link\" data-rl_caption=\"\" data-rel=\"lightbox-gallery-1\"><img width=\"1\" height=\"1\" src=\"http:\/\/www.gourmettes-fribourg.ch\/wp-content\/uploads\/2018\/06\/Trier-1891.jpg\" class=\"attachment-thumbnail size-thumbnail\" alt=\"\" loading=\"lazy\" \/><\/a>\n\t\t\t<\/dt><\/dl><br style=\"clear: both\" \/><dl class='gallery-item'>\n\t\t\t<dt class='gallery-icon '>\n\t\t\t\t<a href='http:\/\/www.gourmettes-fribourg.ch\/wp-content\/uploads\/2018\/06\/Trier-2191.jpg' title=\"\" data-rl_title=\"\" class=\"rl-gallery-link\" data-rl_caption=\"\" data-rel=\"lightbox-gallery-1\"><img width=\"1\" height=\"1\" src=\"http:\/\/www.gourmettes-fribourg.ch\/wp-content\/uploads\/2018\/06\/Trier-2191.jpg\" class=\"attachment-thumbnail size-thumbnail\" alt=\"\" loading=\"lazy\" \/><\/a>\n\t\t\t<\/dt><\/dl><dl class='gallery-item'>\n\t\t\t<dt class='gallery-icon '>\n\t\t\t\t<a href='http:\/\/www.gourmettes-fribourg.ch\/wp-content\/uploads\/2018\/06\/Trier-2201.jpg' title=\"\" data-rl_title=\"\" class=\"rl-gallery-link\" data-rl_caption=\"\" data-rel=\"lightbox-gallery-1\"><img width=\"1\" height=\"1\" src=\"http:\/\/www.gourmettes-fribourg.ch\/wp-content\/uploads\/2018\/06\/Trier-2201.jpg\" class=\"attachment-thumbnail size-thumbnail\" alt=\"\" loading=\"lazy\" \/><\/a>\n\t\t\t<\/dt><\/dl><dl class='gallery-item'>\n\t\t\t<dt class='gallery-icon '>\n\t\t\t\t<a href='http:\/\/www.gourmettes-fribourg.ch\/wp-content\/uploads\/2018\/06\/Trier-2641.jpg' title=\"\" data-rl_title=\"\" class=\"rl-gallery-link\" data-rl_caption=\"\" data-rel=\"lightbox-gallery-1\"><img width=\"1\" height=\"1\" src=\"http:\/\/www.gourmettes-fribourg.ch\/wp-content\/uploads\/2018\/06\/Trier-2641.jpg\" class=\"attachment-thumbnail size-thumbnail\" alt=\"\" loading=\"lazy\" \/><\/a>\n\t\t\t<\/dt><\/dl><br style=\"clear: both\" \/><dl class='gallery-item'>\n\t\t\t<dt class='gallery-icon '>\n\t\t\t\t<a href='http:\/\/www.gourmettes-fribourg.ch\/wp-content\/uploads\/2018\/06\/Trier-2651.jpg' title=\"\" data-rl_title=\"\" class=\"rl-gallery-link\" data-rl_caption=\"\" data-rel=\"lightbox-gallery-1\"><img width=\"1\" height=\"1\" src=\"http:\/\/www.gourmettes-fribourg.ch\/wp-content\/uploads\/2018\/06\/Trier-2651.jpg\" class=\"attachment-thumbnail size-thumbnail\" alt=\"\" loading=\"lazy\" \/><\/a>\n\t\t\t<\/dt><\/dl><dl class='gallery-item'>\n\t\t\t<dt class='gallery-icon '>\n\t\t\t\t<a href='http:\/\/www.gourmettes-fribourg.ch\/wp-content\/uploads\/2018\/06\/Trier-2661.jpg' title=\"\" data-rl_title=\"\" class=\"rl-gallery-link\" data-rl_caption=\"\" data-rel=\"lightbox-gallery-1\"><img width=\"1\" height=\"1\" src=\"http:\/\/www.gourmettes-fribourg.ch\/wp-content\/uploads\/2018\/06\/Trier-2661.jpg\" class=\"attachment-thumbnail size-thumbnail\" alt=\"\" loading=\"lazy\" \/><\/a>\n\t\t\t<\/dt><\/dl><dl class='gallery-item'>\n\t\t\t<dt class='gallery-icon '>\n\t\t\t\t<a href='http:\/\/www.gourmettes-fribourg.ch\/wp-content\/uploads\/2018\/07\/1.jpg' title=\"\" data-rl_title=\"\" class=\"rl-gallery-link\" data-rl_caption=\"\" data-rel=\"lightbox-gallery-1\"><img width=\"1\" height=\"1\" src=\"http:\/\/www.gourmettes-fribourg.ch\/wp-content\/uploads\/2018\/07\/1.jpg\" class=\"attachment-thumbnail size-thumbnail\" alt=\"\" loading=\"lazy\" \/><\/a>\n\t\t\t<\/dt><\/dl><br style=\"clear: both\" \/><dl class='gallery-item'>\n\t\t\t<dt class='gallery-icon '>\n\t\t\t\t<a href='http:\/\/www.gourmettes-fribourg.ch\/wp-content\/uploads\/2018\/06\/Trier-2221.jpg' title=\"\" data-rl_title=\"\" class=\"rl-gallery-link\" data-rl_caption=\"\" data-rel=\"lightbox-gallery-1\"><img width=\"1\" height=\"1\" src=\"http:\/\/www.gourmettes-fribourg.ch\/wp-content\/uploads\/2018\/06\/Trier-2221.jpg\" class=\"attachment-thumbnail size-thumbnail\" alt=\"\" loading=\"lazy\" \/><\/a>\n\t\t\t<\/dt><\/dl><dl class='gallery-item'>\n\t\t\t<dt class='gallery-icon '>\n\t\t\t\t<a href='http:\/\/www.gourmettes-fribourg.ch\/wp-content\/uploads\/2018\/07\/2.jpg' title=\"\" data-rl_title=\"\" class=\"rl-gallery-link\" data-rl_caption=\"\" data-rel=\"lightbox-gallery-1\"><img width=\"1\" height=\"1\" src=\"http:\/\/www.gourmettes-fribourg.ch\/wp-content\/uploads\/2018\/07\/2.jpg\" class=\"attachment-thumbnail size-thumbnail\" alt=\"\" loading=\"lazy\" \/><\/a>\n\t\t\t<\/dt><\/dl><dl class='gallery-item'>\n\t\t\t<dt class='gallery-icon portrait'>\n\t\t\t\t<a href='http:\/\/www.gourmettes-fribourg.ch\/wp-content\/uploads\/2018\/06\/IMG_9385.jpg' title=\"\" data-rl_title=\"\" class=\"rl-gallery-link\" data-rl_caption=\"\" data-rel=\"lightbox-gallery-1\"><img width=\"160\" height=\"160\" src=\"http:\/\/www.gourmettes-fribourg.ch\/wp-content\/uploads\/2018\/06\/IMG_9385-160x160.jpg\" class=\"attachment-thumbnail size-thumbnail\" alt=\"\" loading=\"lazy\" srcset=\"http:\/\/www.gourmettes-fribourg.ch\/wp-content\/uploads\/2018\/06\/IMG_9385-160x160.jpg 160w, http:\/\/www.gourmettes-fribourg.ch\/wp-content\/uploads\/2018\/06\/IMG_9385-136x136.jpg 136w, http:\/\/www.gourmettes-fribourg.ch\/wp-content\/uploads\/2018\/06\/IMG_9385-100x100.jpg 100w\" sizes=\"(max-width: 160px) 100vw, 160px\" \/><\/a>\n\t\t\t<\/dt><\/dl><br style=\"clear: both\" \/><dl class='gallery-item'>\n\t\t\t<dt class='gallery-icon portrait'>\n\t\t\t\t<a href='http:\/\/www.gourmettes-fribourg.ch\/wp-content\/uploads\/2018\/06\/IMG_9390.jpg' title=\"\" data-rl_title=\"\" class=\"rl-gallery-link\" data-rl_caption=\"\" data-rel=\"lightbox-gallery-1\"><img width=\"160\" height=\"160\" src=\"http:\/\/www.gourmettes-fribourg.ch\/wp-content\/uploads\/2018\/06\/IMG_9390-160x160.jpg\" class=\"attachment-thumbnail size-thumbnail\" alt=\"\" loading=\"lazy\" srcset=\"http:\/\/www.gourmettes-fribourg.ch\/wp-content\/uploads\/2018\/06\/IMG_9390-160x160.jpg 160w, http:\/\/www.gourmettes-fribourg.ch\/wp-content\/uploads\/2018\/06\/IMG_9390-136x136.jpg 136w, http:\/\/www.gourmettes-fribourg.ch\/wp-content\/uploads\/2018\/06\/IMG_9390-100x100.jpg 100w\" sizes=\"(max-width: 160px) 100vw, 160px\" \/><\/a>\n\t\t\t<\/dt><\/dl><dl class='gallery-item'>\n\t\t\t<dt class='gallery-icon landscape'>\n\t\t\t\t<a href='http:\/\/www.gourmettes-fribourg.ch\/wp-content\/uploads\/2018\/06\/4c3b7967-c2a4-411d-a5ab-c25e0ad36124.jpg' title=\"\" data-rl_title=\"\" class=\"rl-gallery-link\" data-rl_caption=\"\" data-rel=\"lightbox-gallery-1\"><img width=\"160\" height=\"160\" src=\"http:\/\/www.gourmettes-fribourg.ch\/wp-content\/uploads\/2018\/06\/4c3b7967-c2a4-411d-a5ab-c25e0ad36124-160x160.jpg\" class=\"attachment-thumbnail size-thumbnail\" alt=\"\" loading=\"lazy\" srcset=\"http:\/\/www.gourmettes-fribourg.ch\/wp-content\/uploads\/2018\/06\/4c3b7967-c2a4-411d-a5ab-c25e0ad36124-160x160.jpg 160w, http:\/\/www.gourmettes-fribourg.ch\/wp-content\/uploads\/2018\/06\/4c3b7967-c2a4-411d-a5ab-c25e0ad36124-136x136.jpg 136w, http:\/\/www.gourmettes-fribourg.ch\/wp-content\/uploads\/2018\/06\/4c3b7967-c2a4-411d-a5ab-c25e0ad36124-100x100.jpg 100w\" sizes=\"(max-width: 160px) 100vw, 160px\" \/><\/a>\n\t\t\t<\/dt><\/dl><dl class='gallery-item'>\n\t\t\t<dt class='gallery-icon portrait'>\n\t\t\t\t<a href='http:\/\/www.gourmettes-fribourg.ch\/wp-content\/uploads\/2018\/06\/IMG_9379.jpg' title=\"\" data-rl_title=\"\" class=\"rl-gallery-link\" data-rl_caption=\"\" data-rel=\"lightbox-gallery-1\"><img width=\"160\" height=\"160\" src=\"http:\/\/www.gourmettes-fribourg.ch\/wp-content\/uploads\/2018\/06\/IMG_9379-160x160.jpg\" class=\"attachment-thumbnail size-thumbnail\" alt=\"\" loading=\"lazy\" srcset=\"http:\/\/www.gourmettes-fribourg.ch\/wp-content\/uploads\/2018\/06\/IMG_9379-160x160.jpg 160w, http:\/\/www.gourmettes-fribourg.ch\/wp-content\/uploads\/2018\/06\/IMG_9379-136x136.jpg 136w, http:\/\/www.gourmettes-fribourg.ch\/wp-content\/uploads\/2018\/06\/IMG_9379-100x100.jpg 100w\" sizes=\"(max-width: 160px) 100vw, 160px\" \/><\/a>\n\t\t\t<\/dt><\/dl><br style=\"clear: both\" \/><dl class='gallery-item'>\n\t\t\t<dt class='gallery-icon portrait'>\n\t\t\t\t<a href='http:\/\/www.gourmettes-fribourg.ch\/wp-content\/uploads\/2018\/06\/IMG_9368.jpg' title=\"\" data-rl_title=\"\" class=\"rl-gallery-link\" data-rl_caption=\"\" data-rel=\"lightbox-gallery-1\"><img width=\"160\" height=\"160\" src=\"http:\/\/www.gourmettes-fribourg.ch\/wp-content\/uploads\/2018\/06\/IMG_9368-160x160.jpg\" class=\"attachment-thumbnail size-thumbnail\" alt=\"\" loading=\"lazy\" srcset=\"http:\/\/www.gourmettes-fribourg.ch\/wp-content\/uploads\/2018\/06\/IMG_9368-160x160.jpg 160w, http:\/\/www.gourmettes-fribourg.ch\/wp-content\/uploads\/2018\/06\/IMG_9368-136x136.jpg 136w, http:\/\/www.gourmettes-fribourg.ch\/wp-content\/uploads\/2018\/06\/IMG_9368-100x100.jpg 100w\" sizes=\"(max-width: 160px) 100vw, 160px\" \/><\/a>\n\t\t\t<\/dt><\/dl><dl class='gallery-item'>\n\t\t\t<dt class='gallery-icon portrait'>\n\t\t\t\t<a href='http:\/\/www.gourmettes-fribourg.ch\/wp-content\/uploads\/2018\/06\/IMG_9365.jpg' title=\"\" data-rl_title=\"\" class=\"rl-gallery-link\" data-rl_caption=\"\" data-rel=\"lightbox-gallery-1\"><img width=\"160\" height=\"160\" src=\"http:\/\/www.gourmettes-fribourg.ch\/wp-content\/uploads\/2018\/06\/IMG_9365-160x160.jpg\" class=\"attachment-thumbnail size-thumbnail\" alt=\"\" loading=\"lazy\" srcset=\"http:\/\/www.gourmettes-fribourg.ch\/wp-content\/uploads\/2018\/06\/IMG_9365-160x160.jpg 160w, http:\/\/www.gourmettes-fribourg.ch\/wp-content\/uploads\/2018\/06\/IMG_9365-136x136.jpg 136w, http:\/\/www.gourmettes-fribourg.ch\/wp-content\/uploads\/2018\/06\/IMG_9365-100x100.jpg 100w\" sizes=\"(max-width: 160px) 100vw, 160px\" \/><\/a>\n\t\t\t<\/dt><\/dl><dl class='gallery-item'>\n\t\t\t<dt class='gallery-icon landscape'>\n\t\t\t\t<a href='http:\/\/www.gourmettes-fribourg.ch\/wp-content\/uploads\/2018\/06\/57ed7463-ba48-4776-af90-8d4e8f179f8f.jpg' title=\"\" data-rl_title=\"\" class=\"rl-gallery-link\" data-rl_caption=\"\" data-rel=\"lightbox-gallery-1\"><img width=\"160\" height=\"160\" src=\"http:\/\/www.gourmettes-fribourg.ch\/wp-content\/uploads\/2018\/06\/57ed7463-ba48-4776-af90-8d4e8f179f8f-160x160.jpg\" class=\"attachment-thumbnail size-thumbnail\" alt=\"\" loading=\"lazy\" srcset=\"http:\/\/www.gourmettes-fribourg.ch\/wp-content\/uploads\/2018\/06\/57ed7463-ba48-4776-af90-8d4e8f179f8f-160x160.jpg 160w, http:\/\/www.gourmettes-fribourg.ch\/wp-content\/uploads\/2018\/06\/57ed7463-ba48-4776-af90-8d4e8f179f8f-136x136.jpg 136w, http:\/\/www.gourmettes-fribourg.ch\/wp-content\/uploads\/2018\/06\/57ed7463-ba48-4776-af90-8d4e8f179f8f-100x100.jpg 100w\" sizes=\"(max-width: 160px) 100vw, 160px\" \/><\/a>\n\t\t\t<\/dt><\/dl><br style=\"clear: both\" \/><dl class='gallery-item'>\n\t\t\t<dt class='gallery-icon portrait'>\n\t\t\t\t<a href='http:\/\/www.gourmettes-fribourg.ch\/wp-content\/uploads\/2018\/06\/IMG_9345.jpg' title=\"\" data-rl_title=\"\" class=\"rl-gallery-link\" data-rl_caption=\"\" data-rel=\"lightbox-gallery-1\"><img width=\"160\" height=\"160\" src=\"http:\/\/www.gourmettes-fribourg.ch\/wp-content\/uploads\/2018\/06\/IMG_9345-160x160.jpg\" class=\"attachment-thumbnail size-thumbnail\" alt=\"\" loading=\"lazy\" srcset=\"http:\/\/www.gourmettes-fribourg.ch\/wp-content\/uploads\/2018\/06\/IMG_9345-160x160.jpg 160w, http:\/\/www.gourmettes-fribourg.ch\/wp-content\/uploads\/2018\/06\/IMG_9345-136x136.jpg 136w, http:\/\/www.gourmettes-fribourg.ch\/wp-content\/uploads\/2018\/06\/IMG_9345-100x100.jpg 100w\" sizes=\"(max-width: 160px) 100vw, 160px\" \/><\/a>\n\t\t\t<\/dt><\/dl><dl class='gallery-item'>\n\t\t\t<dt class='gallery-icon portrait'>\n\t\t\t\t<a href='http:\/\/www.gourmettes-fribourg.ch\/wp-content\/uploads\/2018\/06\/IMG_9346.jpg' title=\"\" data-rl_title=\"\" class=\"rl-gallery-link\" data-rl_caption=\"\" data-rel=\"lightbox-gallery-1\"><img width=\"160\" height=\"160\" src=\"http:\/\/www.gourmettes-fribourg.ch\/wp-content\/uploads\/2018\/06\/IMG_9346-160x160.jpg\" class=\"attachment-thumbnail size-thumbnail\" alt=\"\" loading=\"lazy\" srcset=\"http:\/\/www.gourmettes-fribourg.ch\/wp-content\/uploads\/2018\/06\/IMG_9346-160x160.jpg 160w, http:\/\/www.gourmettes-fribourg.ch\/wp-content\/uploads\/2018\/06\/IMG_9346-136x136.jpg 136w, http:\/\/www.gourmettes-fribourg.ch\/wp-content\/uploads\/2018\/06\/IMG_9346-100x100.jpg 100w\" sizes=\"(max-width: 160px) 100vw, 160px\" \/><\/a>\n\t\t\t<\/dt><\/dl><dl class='gallery-item'>\n\t\t\t<dt class='gallery-icon portrait'>\n\t\t\t\t<a href='http:\/\/www.gourmettes-fribourg.ch\/wp-content\/uploads\/2018\/06\/IMG_9347.jpg' title=\"\" data-rl_title=\"\" class=\"rl-gallery-link\" data-rl_caption=\"\" data-rel=\"lightbox-gallery-1\"><img width=\"160\" height=\"160\" src=\"http:\/\/www.gourmettes-fribourg.ch\/wp-content\/uploads\/2018\/06\/IMG_9347-160x160.jpg\" class=\"attachment-thumbnail size-thumbnail\" alt=\"\" loading=\"lazy\" srcset=\"http:\/\/www.gourmettes-fribourg.ch\/wp-content\/uploads\/2018\/06\/IMG_9347-160x160.jpg 160w, http:\/\/www.gourmettes-fribourg.ch\/wp-content\/uploads\/2018\/06\/IMG_9347-136x136.jpg 136w, http:\/\/www.gourmettes-fribourg.ch\/wp-content\/uploads\/2018\/06\/IMG_9347-100x100.jpg 100w\" sizes=\"(max-width: 160px) 100vw, 160px\" \/><\/a>\n\t\t\t<\/dt><\/dl><br style=\"clear: both\" \/><dl class='gallery-item'>\n\t\t\t<dt class='gallery-icon portrait'>\n\t\t\t\t<a href='http:\/\/www.gourmettes-fribourg.ch\/wp-content\/uploads\/2018\/06\/IMG_9348.jpg' title=\"\" data-rl_title=\"\" class=\"rl-gallery-link\" data-rl_caption=\"\" data-rel=\"lightbox-gallery-1\"><img width=\"160\" height=\"160\" src=\"http:\/\/www.gourmettes-fribourg.ch\/wp-content\/uploads\/2018\/06\/IMG_9348-160x160.jpg\" class=\"attachment-thumbnail size-thumbnail\" alt=\"\" loading=\"lazy\" srcset=\"http:\/\/www.gourmettes-fribourg.ch\/wp-content\/uploads\/2018\/06\/IMG_9348-160x160.jpg 160w, http:\/\/www.gourmettes-fribourg.ch\/wp-content\/uploads\/2018\/06\/IMG_9348-136x136.jpg 136w, http:\/\/www.gourmettes-fribourg.ch\/wp-content\/uploads\/2018\/06\/IMG_9348-100x100.jpg 100w\" sizes=\"(max-width: 160px) 100vw, 160px\" \/><\/a>\n\t\t\t<\/dt><\/dl><dl class='gallery-item'>\n\t\t\t<dt class='gallery-icon portrait'>\n\t\t\t\t<a href='http:\/\/www.gourmettes-fribourg.ch\/wp-content\/uploads\/2018\/06\/IMG_9344.jpg' title=\"\" data-rl_title=\"\" class=\"rl-gallery-link\" data-rl_caption=\"\" data-rel=\"lightbox-gallery-1\"><img width=\"160\" height=\"160\" src=\"http:\/\/www.gourmettes-fribourg.ch\/wp-content\/uploads\/2018\/06\/IMG_9344-160x160.jpg\" class=\"attachment-thumbnail size-thumbnail\" alt=\"\" loading=\"lazy\" srcset=\"http:\/\/www.gourmettes-fribourg.ch\/wp-content\/uploads\/2018\/06\/IMG_9344-160x160.jpg 160w, http:\/\/www.gourmettes-fribourg.ch\/wp-content\/uploads\/2018\/06\/IMG_9344-136x136.jpg 136w, http:\/\/www.gourmettes-fribourg.ch\/wp-content\/uploads\/2018\/06\/IMG_9344-100x100.jpg 100w\" sizes=\"(max-width: 160px) 100vw, 160px\" \/><\/a>\n\t\t\t<\/dt><\/dl><dl class='gallery-item'>\n\t\t\t<dt class='gallery-icon landscape'>\n\t\t\t\t<a href='http:\/\/www.gourmettes-fribourg.ch\/wp-content\/uploads\/2018\/06\/efbb2f74-4bd8-4fca-960f-0e992456430f.jpg' title=\"\" data-rl_title=\"\" class=\"rl-gallery-link\" data-rl_caption=\"\" data-rel=\"lightbox-gallery-1\"><img width=\"160\" height=\"160\" src=\"http:\/\/www.gourmettes-fribourg.ch\/wp-content\/uploads\/2018\/06\/efbb2f74-4bd8-4fca-960f-0e992456430f-160x160.jpg\" class=\"attachment-thumbnail size-thumbnail\" alt=\"\" loading=\"lazy\" srcset=\"http:\/\/www.gourmettes-fribourg.ch\/wp-content\/uploads\/2018\/06\/efbb2f74-4bd8-4fca-960f-0e992456430f-160x160.jpg 160w, http:\/\/www.gourmettes-fribourg.ch\/wp-content\/uploads\/2018\/06\/efbb2f74-4bd8-4fca-960f-0e992456430f-136x136.jpg 136w, http:\/\/www.gourmettes-fribourg.ch\/wp-content\/uploads\/2018\/06\/efbb2f74-4bd8-4fca-960f-0e992456430f-100x100.jpg 100w\" sizes=\"(max-width: 160px) 100vw, 160px\" \/><\/a>\n\t\t\t<\/dt><\/dl><br style=\"clear: both\" \/><dl class='gallery-item'>\n\t\t\t<dt class='gallery-icon landscape'>\n\t\t\t\t<a href='http:\/\/www.gourmettes-fribourg.ch\/wp-content\/uploads\/2018\/06\/c2c293e9-6aeb-4c61-a15a-6daf67fc853a.jpg' title=\"\" data-rl_title=\"\" class=\"rl-gallery-link\" data-rl_caption=\"\" data-rel=\"lightbox-gallery-1\"><img width=\"160\" height=\"160\" src=\"http:\/\/www.gourmettes-fribourg.ch\/wp-content\/uploads\/2018\/06\/c2c293e9-6aeb-4c61-a15a-6daf67fc853a-160x160.jpg\" class=\"attachment-thumbnail size-thumbnail\" alt=\"\" loading=\"lazy\" srcset=\"http:\/\/www.gourmettes-fribourg.ch\/wp-content\/uploads\/2018\/06\/c2c293e9-6aeb-4c61-a15a-6daf67fc853a-160x160.jpg 160w, http:\/\/www.gourmettes-fribourg.ch\/wp-content\/uploads\/2018\/06\/c2c293e9-6aeb-4c61-a15a-6daf67fc853a-136x136.jpg 136w, http:\/\/www.gourmettes-fribourg.ch\/wp-content\/uploads\/2018\/06\/c2c293e9-6aeb-4c61-a15a-6daf67fc853a-100x100.jpg 100w\" sizes=\"(max-width: 160px) 100vw, 160px\" \/><\/a>\n\t\t\t<\/dt><\/dl><dl class='gallery-item'>\n\t\t\t<dt class='gallery-icon landscape'>\n\t\t\t\t<a href='http:\/\/www.gourmettes-fribourg.ch\/wp-content\/uploads\/2018\/06\/b7b3ca52-5b05-497e-9290-a10bccc41e25.jpg' title=\"\" data-rl_title=\"\" class=\"rl-gallery-link\" data-rl_caption=\"\" data-rel=\"lightbox-gallery-1\"><img width=\"160\" height=\"160\" src=\"http:\/\/www.gourmettes-fribourg.ch\/wp-content\/uploads\/2018\/06\/b7b3ca52-5b05-497e-9290-a10bccc41e25-160x160.jpg\" class=\"attachment-thumbnail size-thumbnail\" alt=\"\" loading=\"lazy\" srcset=\"http:\/\/www.gourmettes-fribourg.ch\/wp-content\/uploads\/2018\/06\/b7b3ca52-5b05-497e-9290-a10bccc41e25-160x160.jpg 160w, http:\/\/www.gourmettes-fribourg.ch\/wp-content\/uploads\/2018\/06\/b7b3ca52-5b05-497e-9290-a10bccc41e25-136x136.jpg 136w, http:\/\/www.gourmettes-fribourg.ch\/wp-content\/uploads\/2018\/06\/b7b3ca52-5b05-497e-9290-a10bccc41e25-100x100.jpg 100w\" sizes=\"(max-width: 160px) 100vw, 160px\" \/><\/a>\n\t\t\t<\/dt><\/dl><dl class='gallery-item'>\n\t\t\t<dt class='gallery-icon landscape'>\n\t\t\t\t<a href='http:\/\/www.gourmettes-fribourg.ch\/wp-content\/uploads\/2018\/06\/9cff34b5-4ef8-4802-abe2-4cfb0d7229f2.jpg' title=\"\" data-rl_title=\"\" class=\"rl-gallery-link\" data-rl_caption=\"\" data-rel=\"lightbox-gallery-1\"><img width=\"160\" height=\"160\" src=\"http:\/\/www.gourmettes-fribourg.ch\/wp-content\/uploads\/2018\/06\/9cff34b5-4ef8-4802-abe2-4cfb0d7229f2-160x160.jpg\" class=\"attachment-thumbnail size-thumbnail\" alt=\"\" loading=\"lazy\" srcset=\"http:\/\/www.gourmettes-fribourg.ch\/wp-content\/uploads\/2018\/06\/9cff34b5-4ef8-4802-abe2-4cfb0d7229f2-160x160.jpg 160w, http:\/\/www.gourmettes-fribourg.ch\/wp-content\/uploads\/2018\/06\/9cff34b5-4ef8-4802-abe2-4cfb0d7229f2-136x136.jpg 136w, http:\/\/www.gourmettes-fribourg.ch\/wp-content\/uploads\/2018\/06\/9cff34b5-4ef8-4802-abe2-4cfb0d7229f2-100x100.jpg 100w\" sizes=\"(max-width: 160px) 100vw, 160px\" \/><\/a>\n\t\t\t<\/dt><\/dl><br style=\"clear: both\" \/><dl class='gallery-item'>\n\t\t\t<dt class='gallery-icon landscape'>\n\t\t\t\t<a href='http:\/\/www.gourmettes-fribourg.ch\/wp-content\/uploads\/2018\/06\/04b5f20b-7c3a-46fc-a1af-27ca8ddb0d35.jpg' title=\"\" data-rl_title=\"\" class=\"rl-gallery-link\" data-rl_caption=\"\" data-rel=\"lightbox-gallery-1\"><img width=\"160\" height=\"160\" src=\"http:\/\/www.gourmettes-fribourg.ch\/wp-content\/uploads\/2018\/06\/04b5f20b-7c3a-46fc-a1af-27ca8ddb0d35-160x160.jpg\" class=\"attachment-thumbnail size-thumbnail\" alt=\"\" loading=\"lazy\" srcset=\"http:\/\/www.gourmettes-fribourg.ch\/wp-content\/uploads\/2018\/06\/04b5f20b-7c3a-46fc-a1af-27ca8ddb0d35-160x160.jpg 160w, http:\/\/www.gourmettes-fribourg.ch\/wp-content\/uploads\/2018\/06\/04b5f20b-7c3a-46fc-a1af-27ca8ddb0d35-136x136.jpg 136w, http:\/\/www.gourmettes-fribourg.ch\/wp-content\/uploads\/2018\/06\/04b5f20b-7c3a-46fc-a1af-27ca8ddb0d35-100x100.jpg 100w\" sizes=\"(max-width: 160px) 100vw, 160px\" \/><\/a>\n\t\t\t<\/dt><\/dl><dl class='gallery-item'>\n\t\t\t<dt class='gallery-icon portrait'>\n\t\t\t\t<a href='http:\/\/www.gourmettes-fribourg.ch\/wp-content\/uploads\/2018\/06\/4adac8e2-121f-4be1-9e80-15c7b0103b39.jpg' title=\"\" data-rl_title=\"\" class=\"rl-gallery-link\" data-rl_caption=\"\" data-rel=\"lightbox-gallery-1\"><img width=\"160\" height=\"160\" src=\"http:\/\/www.gourmettes-fribourg.ch\/wp-content\/uploads\/2018\/06\/4adac8e2-121f-4be1-9e80-15c7b0103b39-160x160.jpg\" class=\"attachment-thumbnail size-thumbnail\" alt=\"\" loading=\"lazy\" srcset=\"http:\/\/www.gourmettes-fribourg.ch\/wp-content\/uploads\/2018\/06\/4adac8e2-121f-4be1-9e80-15c7b0103b39-160x160.jpg 160w, http:\/\/www.gourmettes-fribourg.ch\/wp-content\/uploads\/2018\/06\/4adac8e2-121f-4be1-9e80-15c7b0103b39-136x136.jpg 136w, http:\/\/www.gourmettes-fribourg.ch\/wp-content\/uploads\/2018\/06\/4adac8e2-121f-4be1-9e80-15c7b0103b39-100x100.jpg 100w\" sizes=\"(max-width: 160px) 100vw, 160px\" \/><\/a>\n\t\t\t<\/dt><\/dl><dl class='gallery-item'>\n\t\t\t<dt class='gallery-icon portrait'>\n\t\t\t\t<a href='http:\/\/www.gourmettes-fribourg.ch\/wp-content\/uploads\/2018\/06\/IMG_9357.jpg' title=\"\" data-rl_title=\"\" class=\"rl-gallery-link\" data-rl_caption=\"\" data-rel=\"lightbox-gallery-1\"><img width=\"160\" height=\"160\" src=\"http:\/\/www.gourmettes-fribourg.ch\/wp-content\/uploads\/2018\/06\/IMG_9357-160x160.jpg\" class=\"attachment-thumbnail size-thumbnail\" alt=\"\" loading=\"lazy\" srcset=\"http:\/\/www.gourmettes-fribourg.ch\/wp-content\/uploads\/2018\/06\/IMG_9357-160x160.jpg 160w, http:\/\/www.gourmettes-fribourg.ch\/wp-content\/uploads\/2018\/06\/IMG_9357-136x136.jpg 136w, http:\/\/www.gourmettes-fribourg.ch\/wp-content\/uploads\/2018\/06\/IMG_9357-100x100.jpg 100w\" sizes=\"(max-width: 160px) 100vw, 160px\" \/><\/a>\n\t\t\t<\/dt><\/dl><br style=\"clear: both\" \/><dl class='gallery-item'>\n\t\t\t<dt class='gallery-icon portrait'>\n\t\t\t\t<a href='http:\/\/www.gourmettes-fribourg.ch\/wp-content\/uploads\/2018\/06\/IMG_9355.jpg' title=\"\" data-rl_title=\"\" class=\"rl-gallery-link\" data-rl_caption=\"\" data-rel=\"lightbox-gallery-1\"><img width=\"160\" height=\"160\" src=\"http:\/\/www.gourmettes-fribourg.ch\/wp-content\/uploads\/2018\/06\/IMG_9355-160x160.jpg\" class=\"attachment-thumbnail size-thumbnail\" alt=\"\" loading=\"lazy\" srcset=\"http:\/\/www.gourmettes-fribourg.ch\/wp-content\/uploads\/2018\/06\/IMG_9355-160x160.jpg 160w, http:\/\/www.gourmettes-fribourg.ch\/wp-content\/uploads\/2018\/06\/IMG_9355-136x136.jpg 136w, http:\/\/www.gourmettes-fribourg.ch\/wp-content\/uploads\/2018\/06\/IMG_9355-100x100.jpg 100w\" sizes=\"(max-width: 160px) 100vw, 160px\" \/><\/a>\n\t\t\t<\/dt><\/dl><dl class='gallery-item'>\n\t\t\t<dt class='gallery-icon portrait'>\n\t\t\t\t<a href='http:\/\/www.gourmettes-fribourg.ch\/wp-content\/uploads\/2018\/06\/IMG_9353.jpg' title=\"\" data-rl_title=\"\" class=\"rl-gallery-link\" data-rl_caption=\"\" data-rel=\"lightbox-gallery-1\"><img width=\"160\" height=\"160\" src=\"http:\/\/www.gourmettes-fribourg.ch\/wp-content\/uploads\/2018\/06\/IMG_9353-160x160.jpg\" class=\"attachment-thumbnail size-thumbnail\" alt=\"\" loading=\"lazy\" srcset=\"http:\/\/www.gourmettes-fribourg.ch\/wp-content\/uploads\/2018\/06\/IMG_9353-160x160.jpg 160w, http:\/\/www.gourmettes-fribourg.ch\/wp-content\/uploads\/2018\/06\/IMG_9353-136x136.jpg 136w, http:\/\/www.gourmettes-fribourg.ch\/wp-content\/uploads\/2018\/06\/IMG_9353-100x100.jpg 100w\" sizes=\"(max-width: 160px) 100vw, 160px\" \/><\/a>\n\t\t\t<\/dt><\/dl><dl class='gallery-item'>\n\t\t\t<dt class='gallery-icon landscape'>\n\t\t\t\t<a href='http:\/\/www.gourmettes-fribourg.ch\/wp-content\/uploads\/2018\/06\/IMG_9351.jpg' title=\"\" data-rl_title=\"\" class=\"rl-gallery-link\" data-rl_caption=\"\" data-rel=\"lightbox-gallery-1\"><img width=\"160\" height=\"160\" src=\"http:\/\/www.gourmettes-fribourg.ch\/wp-content\/uploads\/2018\/06\/IMG_9351-160x160.jpg\" class=\"attachment-thumbnail size-thumbnail\" alt=\"\" loading=\"lazy\" srcset=\"http:\/\/www.gourmettes-fribourg.ch\/wp-content\/uploads\/2018\/06\/IMG_9351-160x160.jpg 160w, http:\/\/www.gourmettes-fribourg.ch\/wp-content\/uploads\/2018\/06\/IMG_9351-136x136.jpg 136w, http:\/\/www.gourmettes-fribourg.ch\/wp-content\/uploads\/2018\/06\/IMG_9351-100x100.jpg 100w\" sizes=\"(max-width: 160px) 100vw, 160px\" \/><\/a>\n\t\t\t<\/dt><\/dl><br style=\"clear: both\" \/><dl class='gallery-item'>\n\t\t\t<dt class='gallery-icon landscape'>\n\t\t\t\t<a href='http:\/\/www.gourmettes-fribourg.ch\/wp-content\/uploads\/2018\/06\/IMG_9350.jpg' title=\"\" data-rl_title=\"\" class=\"rl-gallery-link\" data-rl_caption=\"\" data-rel=\"lightbox-gallery-1\"><img width=\"160\" height=\"160\" src=\"http:\/\/www.gourmettes-fribourg.ch\/wp-content\/uploads\/2018\/06\/IMG_9350-160x160.jpg\" class=\"attachment-thumbnail size-thumbnail\" alt=\"\" loading=\"lazy\" srcset=\"http:\/\/www.gourmettes-fribourg.ch\/wp-content\/uploads\/2018\/06\/IMG_9350-160x160.jpg 160w, http:\/\/www.gourmettes-fribourg.ch\/wp-content\/uploads\/2018\/06\/IMG_9350-136x136.jpg 136w, http:\/\/www.gourmettes-fribourg.ch\/wp-content\/uploads\/2018\/06\/IMG_9350-100x100.jpg 100w\" sizes=\"(max-width: 160px) 100vw, 160px\" \/><\/a>\n\t\t\t<\/dt><\/dl><dl class='gallery-item'>\n\t\t\t<dt class='gallery-icon landscape'>\n\t\t\t\t<a href='http:\/\/www.gourmettes-fribourg.ch\/wp-content\/uploads\/2018\/06\/IMG_9349.jpg' title=\"\" data-rl_title=\"\" class=\"rl-gallery-link\" data-rl_caption=\"\" data-rel=\"lightbox-gallery-1\"><img width=\"160\" height=\"160\" src=\"http:\/\/www.gourmettes-fribourg.ch\/wp-content\/uploads\/2018\/06\/IMG_9349-160x160.jpg\" class=\"attachment-thumbnail size-thumbnail\" alt=\"\" loading=\"lazy\" srcset=\"http:\/\/www.gourmettes-fribourg.ch\/wp-content\/uploads\/2018\/06\/IMG_9349-160x160.jpg 160w, http:\/\/www.gourmettes-fribourg.ch\/wp-content\/uploads\/2018\/06\/IMG_9349-136x136.jpg 136w, http:\/\/www.gourmettes-fribourg.ch\/wp-content\/uploads\/2018\/06\/IMG_9349-100x100.jpg 100w\" sizes=\"(max-width: 160px) 100vw, 160px\" \/><\/a>\n\t\t\t<\/dt><\/dl><dl class='gallery-item'>\n\t\t\t<dt class='gallery-icon portrait'>\n\t\t\t\t<a href='http:\/\/www.gourmettes-fribourg.ch\/wp-content\/uploads\/2018\/06\/e34d4b35-9a3e-4235-86d1-31c696ffa681.jpg' title=\"\" data-rl_title=\"\" class=\"rl-gallery-link\" data-rl_caption=\"\" data-rel=\"lightbox-gallery-1\"><img width=\"160\" height=\"160\" src=\"http:\/\/www.gourmettes-fribourg.ch\/wp-content\/uploads\/2018\/06\/e34d4b35-9a3e-4235-86d1-31c696ffa681-160x160.jpg\" class=\"attachment-thumbnail size-thumbnail\" alt=\"\" loading=\"lazy\" srcset=\"http:\/\/www.gourmettes-fribourg.ch\/wp-content\/uploads\/2018\/06\/e34d4b35-9a3e-4235-86d1-31c696ffa681-160x160.jpg 160w, http:\/\/www.gourmettes-fribourg.ch\/wp-content\/uploads\/2018\/06\/e34d4b35-9a3e-4235-86d1-31c696ffa681-136x136.jpg 136w, http:\/\/www.gourmettes-fribourg.ch\/wp-content\/uploads\/2018\/06\/e34d4b35-9a3e-4235-86d1-31c696ffa681-100x100.jpg 100w\" sizes=\"(max-width: 160px) 100vw, 160px\" \/><\/a>\n\t\t\t<\/dt><\/dl><br style=\"clear: both\" \/><dl class='gallery-item'>\n\t\t\t<dt class='gallery-icon portrait'>\n\t\t\t\t<a href='http:\/\/www.gourmettes-fribourg.ch\/wp-content\/uploads\/2018\/06\/d31f9282-3214-4b38-a9b6-1735e46efd4d.jpg' title=\"\" data-rl_title=\"\" class=\"rl-gallery-link\" data-rl_caption=\"\" data-rel=\"lightbox-gallery-1\"><img width=\"160\" height=\"160\" src=\"http:\/\/www.gourmettes-fribourg.ch\/wp-content\/uploads\/2018\/06\/d31f9282-3214-4b38-a9b6-1735e46efd4d-160x160.jpg\" class=\"attachment-thumbnail size-thumbnail\" alt=\"\" loading=\"lazy\" srcset=\"http:\/\/www.gourmettes-fribourg.ch\/wp-content\/uploads\/2018\/06\/d31f9282-3214-4b38-a9b6-1735e46efd4d-160x160.jpg 160w, http:\/\/www.gourmettes-fribourg.ch\/wp-content\/uploads\/2018\/06\/d31f9282-3214-4b38-a9b6-1735e46efd4d-136x136.jpg 136w, http:\/\/www.gourmettes-fribourg.ch\/wp-content\/uploads\/2018\/06\/d31f9282-3214-4b38-a9b6-1735e46efd4d-100x100.jpg 100w\" sizes=\"(max-width: 160px) 100vw, 160px\" \/><\/a>\n\t\t\t<\/dt><\/dl><dl class='gallery-item'>\n\t\t\t<dt class='gallery-icon portrait'>\n\t\t\t\t<a href='http:\/\/www.gourmettes-fribourg.ch\/wp-content\/uploads\/2018\/06\/7979e4d2-ea14-484a-a7fa-8fc27b8db7db.jpg' title=\"\" data-rl_title=\"\" class=\"rl-gallery-link\" data-rl_caption=\"\" data-rel=\"lightbox-gallery-1\"><img width=\"160\" height=\"160\" src=\"http:\/\/www.gourmettes-fribourg.ch\/wp-content\/uploads\/2018\/06\/7979e4d2-ea14-484a-a7fa-8fc27b8db7db-160x160.jpg\" class=\"attachment-thumbnail size-thumbnail\" alt=\"\" loading=\"lazy\" srcset=\"http:\/\/www.gourmettes-fribourg.ch\/wp-content\/uploads\/2018\/06\/7979e4d2-ea14-484a-a7fa-8fc27b8db7db-160x160.jpg 160w, http:\/\/www.gourmettes-fribourg.ch\/wp-content\/uploads\/2018\/06\/7979e4d2-ea14-484a-a7fa-8fc27b8db7db-136x136.jpg 136w, http:\/\/www.gourmettes-fribourg.ch\/wp-content\/uploads\/2018\/06\/7979e4d2-ea14-484a-a7fa-8fc27b8db7db-100x100.jpg 100w\" sizes=\"(max-width: 160px) 100vw, 160px\" \/><\/a>\n\t\t\t<\/dt><\/dl><dl class='gallery-item'>\n\t\t\t<dt class='gallery-icon landscape'>\n\t\t\t\t<a href='http:\/\/www.gourmettes-fribourg.ch\/wp-content\/uploads\/2018\/06\/IMG_9676.jpg' title=\"\" data-rl_title=\"\" class=\"rl-gallery-link\" data-rl_caption=\"\" data-rel=\"lightbox-gallery-1\"><img width=\"160\" height=\"160\" src=\"http:\/\/www.gourmettes-fribourg.ch\/wp-content\/uploads\/2018\/06\/IMG_9676-160x160.jpg\" class=\"attachment-thumbnail size-thumbnail\" alt=\"\" loading=\"lazy\" srcset=\"http:\/\/www.gourmettes-fribourg.ch\/wp-content\/uploads\/2018\/06\/IMG_9676-160x160.jpg 160w, http:\/\/www.gourmettes-fribourg.ch\/wp-content\/uploads\/2018\/06\/IMG_9676-136x136.jpg 136w, http:\/\/www.gourmettes-fribourg.ch\/wp-content\/uploads\/2018\/06\/IMG_9676-100x100.jpg 100w\" sizes=\"(max-width: 160px) 100vw, 160px\" \/><\/a>\n\t\t\t<\/dt><\/dl><br style=\"clear: both\" \/><dl class='gallery-item'>\n\t\t\t<dt class='gallery-icon landscape'>\n\t\t\t\t<a href='http:\/\/www.gourmettes-fribourg.ch\/wp-content\/uploads\/2018\/06\/1b424e20-5c98-49d2-82d8-db699d578d35.jpg' title=\"\" data-rl_title=\"\" class=\"rl-gallery-link\" data-rl_caption=\"\" data-rel=\"lightbox-gallery-1\"><img width=\"160\" height=\"160\" src=\"http:\/\/www.gourmettes-fribourg.ch\/wp-content\/uploads\/2018\/06\/1b424e20-5c98-49d2-82d8-db699d578d35-160x160.jpg\" class=\"attachment-thumbnail size-thumbnail\" alt=\"\" loading=\"lazy\" srcset=\"http:\/\/www.gourmettes-fribourg.ch\/wp-content\/uploads\/2018\/06\/1b424e20-5c98-49d2-82d8-db699d578d35-160x160.jpg 160w, http:\/\/www.gourmettes-fribourg.ch\/wp-content\/uploads\/2018\/06\/1b424e20-5c98-49d2-82d8-db699d578d35-136x136.jpg 136w, http:\/\/www.gourmettes-fribourg.ch\/wp-content\/uploads\/2018\/06\/1b424e20-5c98-49d2-82d8-db699d578d35-100x100.jpg 100w\" sizes=\"(max-width: 160px) 100vw, 160px\" \/><\/a>\n\t\t\t<\/dt><\/dl><dl class='gallery-item'>\n\t\t\t<dt class='gallery-icon portrait'>\n\t\t\t\t<a href='http:\/\/www.gourmettes-fribourg.ch\/wp-content\/uploads\/2018\/06\/IMG_9326.jpg' title=\"\" data-rl_title=\"\" class=\"rl-gallery-link\" data-rl_caption=\"\" data-rel=\"lightbox-gallery-1\"><img width=\"160\" height=\"160\" src=\"http:\/\/www.gourmettes-fribourg.ch\/wp-content\/uploads\/2018\/06\/IMG_9326-160x160.jpg\" class=\"attachment-thumbnail size-thumbnail\" alt=\"\" loading=\"lazy\" srcset=\"http:\/\/www.gourmettes-fribourg.ch\/wp-content\/uploads\/2018\/06\/IMG_9326-160x160.jpg 160w, http:\/\/www.gourmettes-fribourg.ch\/wp-content\/uploads\/2018\/06\/IMG_9326-136x136.jpg 136w, http:\/\/www.gourmettes-fribourg.ch\/wp-content\/uploads\/2018\/06\/IMG_9326-100x100.jpg 100w\" sizes=\"(max-width: 160px) 100vw, 160px\" \/><\/a>\n\t\t\t<\/dt><\/dl><dl class='gallery-item'>\n\t\t\t<dt class='gallery-icon portrait'>\n\t\t\t\t<a href='http:\/\/www.gourmettes-fribourg.ch\/wp-content\/uploads\/2018\/06\/IMG_9324.jpg' title=\"\" data-rl_title=\"\" class=\"rl-gallery-link\" data-rl_caption=\"\" data-rel=\"lightbox-gallery-1\"><img width=\"160\" height=\"160\" src=\"http:\/\/www.gourmettes-fribourg.ch\/wp-content\/uploads\/2018\/06\/IMG_9324-160x160.jpg\" class=\"attachment-thumbnail size-thumbnail\" alt=\"\" loading=\"lazy\" srcset=\"http:\/\/www.gourmettes-fribourg.ch\/wp-content\/uploads\/2018\/06\/IMG_9324-160x160.jpg 160w, http:\/\/www.gourmettes-fribourg.ch\/wp-content\/uploads\/2018\/06\/IMG_9324-136x136.jpg 136w, http:\/\/www.gourmettes-fribourg.ch\/wp-content\/uploads\/2018\/06\/IMG_9324-100x100.jpg 100w\" sizes=\"(max-width: 160px) 100vw, 160px\" \/><\/a>\n\t\t\t<\/dt><\/dl><br style=\"clear: both\" \/><dl class='gallery-item'>\n\t\t\t<dt class='gallery-icon portrait'>\n\t\t\t\t<a href='http:\/\/www.gourmettes-fribourg.ch\/wp-content\/uploads\/2018\/06\/IMG_9323.jpg' title=\"\" data-rl_title=\"\" class=\"rl-gallery-link\" data-rl_caption=\"\" data-rel=\"lightbox-gallery-1\"><img width=\"160\" height=\"160\" src=\"http:\/\/www.gourmettes-fribourg.ch\/wp-content\/uploads\/2018\/06\/IMG_9323-160x160.jpg\" class=\"attachment-thumbnail size-thumbnail\" alt=\"\" loading=\"lazy\" srcset=\"http:\/\/www.gourmettes-fribourg.ch\/wp-content\/uploads\/2018\/06\/IMG_9323-160x160.jpg 160w, http:\/\/www.gourmettes-fribourg.ch\/wp-content\/uploads\/2018\/06\/IMG_9323-136x136.jpg 136w, http:\/\/www.gourmettes-fribourg.ch\/wp-content\/uploads\/2018\/06\/IMG_9323-100x100.jpg 100w\" sizes=\"(max-width: 160px) 100vw, 160px\" \/><\/a>\n\t\t\t<\/dt><\/dl><dl class='gallery-item'>\n\t\t\t<dt class='gallery-icon portrait'>\n\t\t\t\t<a href='http:\/\/www.gourmettes-fribourg.ch\/wp-content\/uploads\/2018\/06\/IMG_9339.jpg' title=\"\" data-rl_title=\"\" class=\"rl-gallery-link\" data-rl_caption=\"\" data-rel=\"lightbox-gallery-1\"><img width=\"160\" height=\"160\" src=\"http:\/\/www.gourmettes-fribourg.ch\/wp-content\/uploads\/2018\/06\/IMG_9339-160x160.jpg\" class=\"attachment-thumbnail size-thumbnail\" alt=\"\" loading=\"lazy\" srcset=\"http:\/\/www.gourmettes-fribourg.ch\/wp-content\/uploads\/2018\/06\/IMG_9339-160x160.jpg 160w, http:\/\/www.gourmettes-fribourg.ch\/wp-content\/uploads\/2018\/06\/IMG_9339-136x136.jpg 136w, http:\/\/www.gourmettes-fribourg.ch\/wp-content\/uploads\/2018\/06\/IMG_9339-100x100.jpg 100w\" sizes=\"(max-width: 160px) 100vw, 160px\" \/><\/a>\n\t\t\t<\/dt><\/dl><dl class='gallery-item'>\n\t\t\t<dt class='gallery-icon portrait'>\n\t\t\t\t<a href='http:\/\/www.gourmettes-fribourg.ch\/wp-content\/uploads\/2018\/06\/IMG_9329.jpg' title=\"\" data-rl_title=\"\" class=\"rl-gallery-link\" data-rl_caption=\"\" data-rel=\"lightbox-gallery-1\"><img width=\"160\" height=\"160\" src=\"http:\/\/www.gourmettes-fribourg.ch\/wp-content\/uploads\/2018\/06\/IMG_9329-160x160.jpg\" class=\"attachment-thumbnail size-thumbnail\" alt=\"\" loading=\"lazy\" srcset=\"http:\/\/www.gourmettes-fribourg.ch\/wp-content\/uploads\/2018\/06\/IMG_9329-160x160.jpg 160w, http:\/\/www.gourmettes-fribourg.ch\/wp-content\/uploads\/2018\/06\/IMG_9329-136x136.jpg 136w, http:\/\/www.gourmettes-fribourg.ch\/wp-content\/uploads\/2018\/06\/IMG_9329-100x100.jpg 100w\" sizes=\"(max-width: 160px) 100vw, 160px\" \/><\/a>\n\t\t\t<\/dt><\/dl><br style=\"clear: both\" \/><dl class='gallery-item'>\n\t\t\t<dt class='gallery-icon portrait'>\n\t\t\t\t<a href='http:\/\/www.gourmettes-fribourg.ch\/wp-content\/uploads\/2018\/06\/IMG_9332.jpg' title=\"\" data-rl_title=\"\" class=\"rl-gallery-link\" data-rl_caption=\"\" data-rel=\"lightbox-gallery-1\"><img width=\"160\" height=\"160\" src=\"http:\/\/www.gourmettes-fribourg.ch\/wp-content\/uploads\/2018\/06\/IMG_9332-160x160.jpg\" class=\"attachment-thumbnail size-thumbnail\" alt=\"\" loading=\"lazy\" srcset=\"http:\/\/www.gourmettes-fribourg.ch\/wp-content\/uploads\/2018\/06\/IMG_9332-160x160.jpg 160w, http:\/\/www.gourmettes-fribourg.ch\/wp-content\/uploads\/2018\/06\/IMG_9332-136x136.jpg 136w, http:\/\/www.gourmettes-fribourg.ch\/wp-content\/uploads\/2018\/06\/IMG_9332-100x100.jpg 100w\" sizes=\"(max-width: 160px) 100vw, 160px\" \/><\/a>\n\t\t\t<\/dt><\/dl><dl class='gallery-item'>\n\t\t\t<dt class='gallery-icon portrait'>\n\t\t\t\t<a href='http:\/\/www.gourmettes-fribourg.ch\/wp-content\/uploads\/2018\/06\/IMG_9333.jpg' title=\"\" data-rl_title=\"\" class=\"rl-gallery-link\" data-rl_caption=\"\" data-rel=\"lightbox-gallery-1\"><img width=\"160\" height=\"160\" src=\"http:\/\/www.gourmettes-fribourg.ch\/wp-content\/uploads\/2018\/06\/IMG_9333-160x160.jpg\" class=\"attachment-thumbnail size-thumbnail\" alt=\"\" loading=\"lazy\" srcset=\"http:\/\/www.gourmettes-fribourg.ch\/wp-content\/uploads\/2018\/06\/IMG_9333-160x160.jpg 160w, http:\/\/www.gourmettes-fribourg.ch\/wp-content\/uploads\/2018\/06\/IMG_9333-136x136.jpg 136w, http:\/\/www.gourmettes-fribourg.ch\/wp-content\/uploads\/2018\/06\/IMG_9333-100x100.jpg 100w\" sizes=\"(max-width: 160px) 100vw, 160px\" \/><\/a>\n\t\t\t<\/dt><\/dl><dl class='gallery-item'>\n\t\t\t<dt class='gallery-icon portrait'>\n\t\t\t\t<a href='http:\/\/www.gourmettes-fribourg.ch\/wp-content\/uploads\/2018\/06\/IMG_9327.jpg' title=\"\" data-rl_title=\"\" class=\"rl-gallery-link\" data-rl_caption=\"\" data-rel=\"lightbox-gallery-1\"><img width=\"160\" height=\"160\" src=\"http:\/\/www.gourmettes-fribourg.ch\/wp-content\/uploads\/2018\/06\/IMG_9327-160x160.jpg\" class=\"attachment-thumbnail size-thumbnail\" alt=\"\" loading=\"lazy\" srcset=\"http:\/\/www.gourmettes-fribourg.ch\/wp-content\/uploads\/2018\/06\/IMG_9327-160x160.jpg 160w, http:\/\/www.gourmettes-fribourg.ch\/wp-content\/uploads\/2018\/06\/IMG_9327-136x136.jpg 136w, http:\/\/www.gourmettes-fribourg.ch\/wp-content\/uploads\/2018\/06\/IMG_9327-100x100.jpg 100w\" sizes=\"(max-width: 160px) 100vw, 160px\" \/><\/a>\n\t\t\t<\/dt><\/dl><br style=\"clear: both\" \/><dl class='gallery-item'>\n\t\t\t<dt class='gallery-icon portrait'>\n\t\t\t\t<a href='http:\/\/www.gourmettes-fribourg.ch\/wp-content\/uploads\/2018\/06\/IMG_9328.jpg' title=\"\" data-rl_title=\"\" class=\"rl-gallery-link\" data-rl_caption=\"\" data-rel=\"lightbox-gallery-1\"><img width=\"160\" height=\"160\" src=\"http:\/\/www.gourmettes-fribourg.ch\/wp-content\/uploads\/2018\/06\/IMG_9328-160x160.jpg\" class=\"attachment-thumbnail size-thumbnail\" alt=\"\" loading=\"lazy\" srcset=\"http:\/\/www.gourmettes-fribourg.ch\/wp-content\/uploads\/2018\/06\/IMG_9328-160x160.jpg 160w, http:\/\/www.gourmettes-fribourg.ch\/wp-content\/uploads\/2018\/06\/IMG_9328-136x136.jpg 136w, http:\/\/www.gourmettes-fribourg.ch\/wp-content\/uploads\/2018\/06\/IMG_9328-100x100.jpg 100w\" sizes=\"(max-width: 160px) 100vw, 160px\" \/><\/a>\n\t\t\t<\/dt><\/dl><dl class='gallery-item'>\n\t\t\t<dt class='gallery-icon portrait'>\n\t\t\t\t<a href='http:\/\/www.gourmettes-fribourg.ch\/wp-content\/uploads\/2018\/06\/IMG_9319.jpg' title=\"\" data-rl_title=\"\" class=\"rl-gallery-link\" data-rl_caption=\"\" data-rel=\"lightbox-gallery-1\"><img width=\"160\" height=\"160\" src=\"http:\/\/www.gourmettes-fribourg.ch\/wp-content\/uploads\/2018\/06\/IMG_9319-160x160.jpg\" class=\"attachment-thumbnail size-thumbnail\" alt=\"\" loading=\"lazy\" srcset=\"http:\/\/www.gourmettes-fribourg.ch\/wp-content\/uploads\/2018\/06\/IMG_9319-160x160.jpg 160w, http:\/\/www.gourmettes-fribourg.ch\/wp-content\/uploads\/2018\/06\/IMG_9319-136x136.jpg 136w, http:\/\/www.gourmettes-fribourg.ch\/wp-content\/uploads\/2018\/06\/IMG_9319-100x100.jpg 100w\" sizes=\"(max-width: 160px) 100vw, 160px\" \/><\/a>\n\t\t\t<\/dt><\/dl><dl class='gallery-item'>\n\t\t\t<dt class='gallery-icon portrait'>\n\t\t\t\t<a href='http:\/\/www.gourmettes-fribourg.ch\/wp-content\/uploads\/2018\/06\/IMG_9318.jpg' title=\"\" data-rl_title=\"\" class=\"rl-gallery-link\" data-rl_caption=\"\" data-rel=\"lightbox-gallery-1\"><img width=\"160\" height=\"160\" src=\"http:\/\/www.gourmettes-fribourg.ch\/wp-content\/uploads\/2018\/06\/IMG_9318-160x160.jpg\" class=\"attachment-thumbnail size-thumbnail\" alt=\"\" loading=\"lazy\" srcset=\"http:\/\/www.gourmettes-fribourg.ch\/wp-content\/uploads\/2018\/06\/IMG_9318-160x160.jpg 160w, http:\/\/www.gourmettes-fribourg.ch\/wp-content\/uploads\/2018\/06\/IMG_9318-136x136.jpg 136w, http:\/\/www.gourmettes-fribourg.ch\/wp-content\/uploads\/2018\/06\/IMG_9318-100x100.jpg 100w\" sizes=\"(max-width: 160px) 100vw, 160px\" \/><\/a>\n\t\t\t<\/dt><\/dl><br style=\"clear: both\" \/><dl class='gallery-item'>\n\t\t\t<dt class='gallery-icon portrait'>\n\t\t\t\t<a href='http:\/\/www.gourmettes-fribourg.ch\/wp-content\/uploads\/2018\/06\/IMG_9317.jpg' title=\"\" data-rl_title=\"\" class=\"rl-gallery-link\" data-rl_caption=\"\" data-rel=\"lightbox-gallery-1\"><img width=\"160\" height=\"160\" src=\"http:\/\/www.gourmettes-fribourg.ch\/wp-content\/uploads\/2018\/06\/IMG_9317-160x160.jpg\" class=\"attachment-thumbnail size-thumbnail\" alt=\"\" loading=\"lazy\" srcset=\"http:\/\/www.gourmettes-fribourg.ch\/wp-content\/uploads\/2018\/06\/IMG_9317-160x160.jpg 160w, http:\/\/www.gourmettes-fribourg.ch\/wp-content\/uploads\/2018\/06\/IMG_9317-136x136.jpg 136w, http:\/\/www.gourmettes-fribourg.ch\/wp-content\/uploads\/2018\/06\/IMG_9317-100x100.jpg 100w\" sizes=\"(max-width: 160px) 100vw, 160px\" \/><\/a>\n\t\t\t<\/dt><\/dl><dl class='gallery-item'>\n\t\t\t<dt class='gallery-icon portrait'>\n\t\t\t\t<a href='http:\/\/www.gourmettes-fribourg.ch\/wp-content\/uploads\/2018\/06\/IMG_9321.jpg' title=\"\" data-rl_title=\"\" class=\"rl-gallery-link\" data-rl_caption=\"\" data-rel=\"lightbox-gallery-1\"><img width=\"160\" height=\"160\" src=\"http:\/\/www.gourmettes-fribourg.ch\/wp-content\/uploads\/2018\/06\/IMG_9321-160x160.jpg\" class=\"attachment-thumbnail size-thumbnail\" alt=\"\" loading=\"lazy\" srcset=\"http:\/\/www.gourmettes-fribourg.ch\/wp-content\/uploads\/2018\/06\/IMG_9321-160x160.jpg 160w, http:\/\/www.gourmettes-fribourg.ch\/wp-content\/uploads\/2018\/06\/IMG_9321-136x136.jpg 136w, http:\/\/www.gourmettes-fribourg.ch\/wp-content\/uploads\/2018\/06\/IMG_9321-100x100.jpg 100w\" sizes=\"(max-width: 160px) 100vw, 160px\" \/><\/a>\n\t\t\t<\/dt><\/dl><dl class='gallery-item'>\n\t\t\t<dt class='gallery-icon portrait'>\n\t\t\t\t<a href='http:\/\/www.gourmettes-fribourg.ch\/wp-content\/uploads\/2018\/06\/IMG_9320.jpg' title=\"\" data-rl_title=\"\" class=\"rl-gallery-link\" data-rl_caption=\"\" data-rel=\"lightbox-gallery-1\"><img width=\"160\" height=\"160\" src=\"http:\/\/www.gourmettes-fribourg.ch\/wp-content\/uploads\/2018\/06\/IMG_9320-160x160.jpg\" class=\"attachment-thumbnail size-thumbnail\" alt=\"\" loading=\"lazy\" srcset=\"http:\/\/www.gourmettes-fribourg.ch\/wp-content\/uploads\/2018\/06\/IMG_9320-160x160.jpg 160w, http:\/\/www.gourmettes-fribourg.ch\/wp-content\/uploads\/2018\/06\/IMG_9320-136x136.jpg 136w, http:\/\/www.gourmettes-fribourg.ch\/wp-content\/uploads\/2018\/06\/IMG_9320-100x100.jpg 100w\" sizes=\"(max-width: 160px) 100vw, 160px\" \/><\/a>\n\t\t\t<\/dt><\/dl><br style=\"clear: both\" \/><dl class='gallery-item'>\n\t\t\t<dt class='gallery-icon portrait'>\n\t\t\t\t<a href='http:\/\/www.gourmettes-fribourg.ch\/wp-content\/uploads\/2018\/06\/IMG_9322.jpg' title=\"\" data-rl_title=\"\" class=\"rl-gallery-link\" data-rl_caption=\"\" data-rel=\"lightbox-gallery-1\"><img width=\"160\" height=\"160\" src=\"http:\/\/www.gourmettes-fribourg.ch\/wp-content\/uploads\/2018\/06\/IMG_9322-160x160.jpg\" class=\"attachment-thumbnail size-thumbnail\" alt=\"\" loading=\"lazy\" srcset=\"http:\/\/www.gourmettes-fribourg.ch\/wp-content\/uploads\/2018\/06\/IMG_9322-160x160.jpg 160w, http:\/\/www.gourmettes-fribourg.ch\/wp-content\/uploads\/2018\/06\/IMG_9322-136x136.jpg 136w, http:\/\/www.gourmettes-fribourg.ch\/wp-content\/uploads\/2018\/06\/IMG_9322-100x100.jpg 100w\" sizes=\"(max-width: 160px) 100vw, 160px\" \/><\/a>\n\t\t\t<\/dt><\/dl><dl class='gallery-item'>\n\t\t\t<dt class='gallery-icon portrait'>\n\t\t\t\t<a href='http:\/\/www.gourmettes-fribourg.ch\/wp-content\/uploads\/2018\/06\/IMG_9334.jpg' title=\"\" data-rl_title=\"\" class=\"rl-gallery-link\" data-rl_caption=\"\" data-rel=\"lightbox-gallery-1\"><img width=\"160\" height=\"160\" src=\"http:\/\/www.gourmettes-fribourg.ch\/wp-content\/uploads\/2018\/06\/IMG_9334-160x160.jpg\" class=\"attachment-thumbnail size-thumbnail\" alt=\"\" loading=\"lazy\" srcset=\"http:\/\/www.gourmettes-fribourg.ch\/wp-content\/uploads\/2018\/06\/IMG_9334-160x160.jpg 160w, http:\/\/www.gourmettes-fribourg.ch\/wp-content\/uploads\/2018\/06\/IMG_9334-136x136.jpg 136w, http:\/\/www.gourmettes-fribourg.ch\/wp-content\/uploads\/2018\/06\/IMG_9334-100x100.jpg 100w\" sizes=\"(max-width: 160px) 100vw, 160px\" \/><\/a>\n\t\t\t<\/dt><\/dl><dl class='gallery-item'>\n\t\t\t<dt class='gallery-icon portrait'>\n\t\t\t\t<a href='http:\/\/www.gourmettes-fribourg.ch\/wp-content\/uploads\/2018\/06\/IMG_9336.jpg' title=\"\" data-rl_title=\"\" class=\"rl-gallery-link\" data-rl_caption=\"\" data-rel=\"lightbox-gallery-1\"><img width=\"160\" height=\"160\" src=\"http:\/\/www.gourmettes-fribourg.ch\/wp-content\/uploads\/2018\/06\/IMG_9336-160x160.jpg\" class=\"attachment-thumbnail size-thumbnail\" alt=\"\" loading=\"lazy\" srcset=\"http:\/\/www.gourmettes-fribourg.ch\/wp-content\/uploads\/2018\/06\/IMG_9336-160x160.jpg 160w, http:\/\/www.gourmettes-fribourg.ch\/wp-content\/uploads\/2018\/06\/IMG_9336-136x136.jpg 136w, http:\/\/www.gourmettes-fribourg.ch\/wp-content\/uploads\/2018\/06\/IMG_9336-100x100.jpg 100w\" sizes=\"(max-width: 160px) 100vw, 160px\" \/><\/a>\n\t\t\t<\/dt><\/dl><br style=\"clear: both\" \/><dl class='gallery-item'>\n\t\t\t<dt class='gallery-icon portrait'>\n\t\t\t\t<a href='http:\/\/www.gourmettes-fribourg.ch\/wp-content\/uploads\/2018\/06\/IMG_9335.jpg' title=\"\" data-rl_title=\"\" class=\"rl-gallery-link\" data-rl_caption=\"\" data-rel=\"lightbox-gallery-1\"><img width=\"160\" height=\"160\" src=\"http:\/\/www.gourmettes-fribourg.ch\/wp-content\/uploads\/2018\/06\/IMG_9335-160x160.jpg\" class=\"attachment-thumbnail size-thumbnail\" alt=\"\" loading=\"lazy\" srcset=\"http:\/\/www.gourmettes-fribourg.ch\/wp-content\/uploads\/2018\/06\/IMG_9335-160x160.jpg 160w, http:\/\/www.gourmettes-fribourg.ch\/wp-content\/uploads\/2018\/06\/IMG_9335-136x136.jpg 136w, http:\/\/www.gourmettes-fribourg.ch\/wp-content\/uploads\/2018\/06\/IMG_9335-100x100.jpg 100w\" sizes=\"(max-width: 160px) 100vw, 160px\" \/><\/a>\n\t\t\t<\/dt><\/dl><dl class='gallery-item'>\n\t\t\t<dt class='gallery-icon portrait'>\n\t\t\t\t<a href='http:\/\/www.gourmettes-fribourg.ch\/wp-content\/uploads\/2018\/06\/IMG_9337.jpg' title=\"\" data-rl_title=\"\" class=\"rl-gallery-link\" data-rl_caption=\"\" data-rel=\"lightbox-gallery-1\"><img width=\"160\" height=\"160\" src=\"http:\/\/www.gourmettes-fribourg.ch\/wp-content\/uploads\/2018\/06\/IMG_9337-160x160.jpg\" class=\"attachment-thumbnail size-thumbnail\" alt=\"\" loading=\"lazy\" srcset=\"http:\/\/www.gourmettes-fribourg.ch\/wp-content\/uploads\/2018\/06\/IMG_9337-160x160.jpg 160w, http:\/\/www.gourmettes-fribourg.ch\/wp-content\/uploads\/2018\/06\/IMG_9337-136x136.jpg 136w, http:\/\/www.gourmettes-fribourg.ch\/wp-content\/uploads\/2018\/06\/IMG_9337-100x100.jpg 100w\" sizes=\"(max-width: 160px) 100vw, 160px\" \/><\/a>\n\t\t\t<\/dt><\/dl><dl class='gallery-item'>\n\t\t\t<dt class='gallery-icon portrait'>\n\t\t\t\t<a href='http:\/\/www.gourmettes-fribourg.ch\/wp-content\/uploads\/2018\/06\/IMG_9338.jpg' title=\"\" data-rl_title=\"\" class=\"rl-gallery-link\" data-rl_caption=\"\" data-rel=\"lightbox-gallery-1\"><img width=\"160\" height=\"160\" src=\"http:\/\/www.gourmettes-fribourg.ch\/wp-content\/uploads\/2018\/06\/IMG_9338-160x160.jpg\" class=\"attachment-thumbnail size-thumbnail\" alt=\"\" loading=\"lazy\" srcset=\"http:\/\/www.gourmettes-fribourg.ch\/wp-content\/uploads\/2018\/06\/IMG_9338-160x160.jpg 160w, http:\/\/www.gourmettes-fribourg.ch\/wp-content\/uploads\/2018\/06\/IMG_9338-136x136.jpg 136w, http:\/\/www.gourmettes-fribourg.ch\/wp-content\/uploads\/2018\/06\/IMG_9338-100x100.jpg 100w\" sizes=\"(max-width: 160px) 100vw, 160px\" \/><\/a>\n\t\t\t<\/dt><\/dl><br style=\"clear: both\" \/><dl class='gallery-item'>\n\t\t\t<dt class='gallery-icon portrait'>\n\t\t\t\t<a href='http:\/\/www.gourmettes-fribourg.ch\/wp-content\/uploads\/2018\/06\/IMG_9340.jpg' title=\"\" data-rl_title=\"\" class=\"rl-gallery-link\" data-rl_caption=\"\" data-rel=\"lightbox-gallery-1\"><img width=\"160\" height=\"160\" src=\"http:\/\/www.gourmettes-fribourg.ch\/wp-content\/uploads\/2018\/06\/IMG_9340-160x160.jpg\" class=\"attachment-thumbnail size-thumbnail\" alt=\"\" loading=\"lazy\" srcset=\"http:\/\/www.gourmettes-fribourg.ch\/wp-content\/uploads\/2018\/06\/IMG_9340-160x160.jpg 160w, http:\/\/www.gourmettes-fribourg.ch\/wp-content\/uploads\/2018\/06\/IMG_9340-136x136.jpg 136w, http:\/\/www.gourmettes-fribourg.ch\/wp-content\/uploads\/2018\/06\/IMG_9340-100x100.jpg 100w\" sizes=\"(max-width: 160px) 100vw, 160px\" \/><\/a>\n\t\t\t<\/dt><\/dl><dl class='gallery-item'>\n\t\t\t<dt class='gallery-icon portrait'>\n\t\t\t\t<a href='http:\/\/www.gourmettes-fribourg.ch\/wp-content\/uploads\/2018\/06\/IMG_9394.jpg' title=\"\" data-rl_title=\"\" class=\"rl-gallery-link\" data-rl_caption=\"\" data-rel=\"lightbox-gallery-1\"><img width=\"160\" height=\"160\" src=\"http:\/\/www.gourmettes-fribourg.ch\/wp-content\/uploads\/2018\/06\/IMG_9394-160x160.jpg\" class=\"attachment-thumbnail size-thumbnail\" alt=\"\" loading=\"lazy\" srcset=\"http:\/\/www.gourmettes-fribourg.ch\/wp-content\/uploads\/2018\/06\/IMG_9394-160x160.jpg 160w, http:\/\/www.gourmettes-fribourg.ch\/wp-content\/uploads\/2018\/06\/IMG_9394-136x136.jpg 136w, http:\/\/www.gourmettes-fribourg.ch\/wp-content\/uploads\/2018\/06\/IMG_9394-100x100.jpg 100w\" sizes=\"(max-width: 160px) 100vw, 160px\" \/><\/a>\n\t\t\t<\/dt><\/dl><dl class='gallery-item'>\n\t\t\t<dt class='gallery-icon portrait'>\n\t\t\t\t<a href='http:\/\/www.gourmettes-fribourg.ch\/wp-content\/uploads\/2018\/06\/IMG_9341.jpg' title=\"\" data-rl_title=\"\" class=\"rl-gallery-link\" data-rl_caption=\"\" data-rel=\"lightbox-gallery-1\"><img width=\"160\" height=\"160\" src=\"http:\/\/www.gourmettes-fribourg.ch\/wp-content\/uploads\/2018\/06\/IMG_9341-160x160.jpg\" class=\"attachment-thumbnail size-thumbnail\" alt=\"\" loading=\"lazy\" srcset=\"http:\/\/www.gourmettes-fribourg.ch\/wp-content\/uploads\/2018\/06\/IMG_9341-160x160.jpg 160w, http:\/\/www.gourmettes-fribourg.ch\/wp-content\/uploads\/2018\/06\/IMG_9341-136x136.jpg 136w, http:\/\/www.gourmettes-fribourg.ch\/wp-content\/uploads\/2018\/06\/IMG_9341-100x100.jpg 100w\" sizes=\"(max-width: 160px) 100vw, 160px\" \/><\/a>\n\t\t\t<\/dt><\/dl><br style=\"clear: both\" \/><dl class='gallery-item'>\n\t\t\t<dt class='gallery-icon portrait'>\n\t\t\t\t<a href='http:\/\/www.gourmettes-fribourg.ch\/wp-content\/uploads\/2018\/06\/c7dec003-634f-454d-9217-3eb5fde9e034.jpg' title=\"\" data-rl_title=\"\" class=\"rl-gallery-link\" data-rl_caption=\"\" data-rel=\"lightbox-gallery-1\"><img width=\"160\" height=\"160\" src=\"http:\/\/www.gourmettes-fribourg.ch\/wp-content\/uploads\/2018\/06\/c7dec003-634f-454d-9217-3eb5fde9e034-160x160.jpg\" class=\"attachment-thumbnail size-thumbnail\" alt=\"\" loading=\"lazy\" srcset=\"http:\/\/www.gourmettes-fribourg.ch\/wp-content\/uploads\/2018\/06\/c7dec003-634f-454d-9217-3eb5fde9e034-160x160.jpg 160w, http:\/\/www.gourmettes-fribourg.ch\/wp-content\/uploads\/2018\/06\/c7dec003-634f-454d-9217-3eb5fde9e034-136x136.jpg 136w, http:\/\/www.gourmettes-fribourg.ch\/wp-content\/uploads\/2018\/06\/c7dec003-634f-454d-9217-3eb5fde9e034-100x100.jpg 100w\" sizes=\"(max-width: 160px) 100vw, 160px\" \/><\/a>\n\t\t\t<\/dt><\/dl><dl class='gallery-item'>\n\t\t\t<dt class='gallery-icon portrait'>\n\t\t\t\t<a href='http:\/\/www.gourmettes-fribourg.ch\/wp-content\/uploads\/2018\/06\/7e871899-251e-4a4f-92d8-02c235463151.jpg' title=\"\" data-rl_title=\"\" class=\"rl-gallery-link\" data-rl_caption=\"\" data-rel=\"lightbox-gallery-1\"><img width=\"160\" height=\"160\" src=\"http:\/\/www.gourmettes-fribourg.ch\/wp-content\/uploads\/2018\/06\/7e871899-251e-4a4f-92d8-02c235463151-160x160.jpg\" class=\"attachment-thumbnail size-thumbnail\" alt=\"\" loading=\"lazy\" srcset=\"http:\/\/www.gourmettes-fribourg.ch\/wp-content\/uploads\/2018\/06\/7e871899-251e-4a4f-92d8-02c235463151-160x160.jpg 160w, http:\/\/www.gourmettes-fribourg.ch\/wp-content\/uploads\/2018\/06\/7e871899-251e-4a4f-92d8-02c235463151-136x136.jpg 136w, http:\/\/www.gourmettes-fribourg.ch\/wp-content\/uploads\/2018\/06\/7e871899-251e-4a4f-92d8-02c235463151-100x100.jpg 100w\" sizes=\"(max-width: 160px) 100vw, 160px\" \/><\/a>\n\t\t\t<\/dt><\/dl>\n\t\t\t<br style='clear: both' \/>\n\t\t<\/div>\n<\/p>\n","protected":false},"excerpt":{"rendered":"<p>C&rsquo;est dans un lieu \u00a0magnifique le Grand h\u00f4tel Swiss Majestic \u00e0 Montreux que nous avons \u00a0c\u00e9l\u00e9br\u00e9 notre 40\u00e8me anniversaire de&#8230; <a href=\"http:\/\/www.gourmettes-fribourg.ch\/?p=3703\">Plus &raquo;<\/a><\/p>\n","protected":false},"author":3,"featured_media":3711,"comment_status":"closed","ping_status":"open","sticky":false,"template":"","format":"standard","meta":[],"categories":[18,15],"tags":[],"_links":{"self":[{"href":"http:\/\/www.gourmettes-fribourg.ch\/index.php?rest_route=\/wp\/v2\/posts\/3703"}],"collection":[{"href":"http:\/\/www.gourmettes-fribourg.ch\/index.php?rest_route=\/wp\/v2\/posts"}],"about":[{"href":"http:\/\/www.gourmettes-fribourg.ch\/index.php?rest_route=\/wp\/v2\/types\/post"}],"author":[{"embeddable":true,"href":"http:\/\/www.gourmettes-fribourg.ch\/index.php?rest_route=\/wp\/v2\/users\/3"}],"replies":[{"embeddable":true,"href":"http:\/\/www.gourmettes-fribourg.ch\/index.php?rest_route=%2Fwp%2Fv2%2Fcomments&post=3703"}],"version-history":[{"count":3,"href":"http:\/\/www.gourmettes-fribourg.ch\/index.php?rest_route=\/wp\/v2\/posts\/3703\/revisions"}],"predecessor-version":[{"id":3980,"href":"http:\/\/www.gourmettes-fribourg.ch\/index.php?rest_route=\/wp\/v2\/posts\/3703\/revisions\/3980"}],"wp:featuredmedia":[{"embeddable":true,"href":"http:\/\/www.gourmettes-fribourg.ch\/index.php?rest_route=\/wp\/v2\/media\/3711"}],"wp:attachment":[{"href":"http:\/\/www.gourmettes-fribourg.ch\/index.php?rest_route=%2Fwp%2Fv2%2Fmedia&parent=3703"}],"wp:term":[{"taxonomy":"category","embeddable":true,"href":"http:\/\/www.gourmettes-fribourg.ch\/index.php?rest_route=%2Fwp%2Fv2%2Fcategories&post=3703"},{"taxonomy":"post_tag","embeddable":true,"href":"http:\/\/www.gourmettes-fribourg.ch\/index.php?rest_route=%2Fwp%2Fv2%2Ftags&post=3703"}],"curies":[{"name":"wp","href":"https:\/\/api.w.org\/{rel}","templated":true}]}}