{"id":4831,"date":"2019-10-07T10:45:40","date_gmt":"2019-10-07T09:45:40","guid":{"rendered":"http:\/\/www.gourmettes-fribourg.ch\/?p=4831"},"modified":"2019-10-09T17:42:41","modified_gmt":"2019-10-09T16:42:41","slug":"lyon-2019-atelier-cuisine","status":"publish","type":"post","link":"http:\/\/www.gourmettes-fribourg.ch\/?p=4831","title":{"rendered":"LYON 2019 Atelier cuisine"},"content":{"rendered":"<p>Une excursion dans une ville embl\u00e9matique de la gastronomie qui s&rsquo;appelle LYON<\/p>\n<p>Neuf gourmettes \u00e0 participer \u00e0 ce VERY BRAD trip!<\/p>\n<p>Un atelier cuisine dans un grand H\u00f4tel \u00ab\u00a0la cour des Loges\u00a0\u00bb avec le chef Anthony Bonnet qui f\u00fbt magique!!<\/p>\n<p>Un \u00e9norme MERCI pour leur accueil et leur partage.\n\t\t<style type=\"text\/css\">\n\t\t\t#gallery-1 {\n\t\t\t\tmargin: auto;\n\t\t\t}\n\t\t\t#gallery-1 .gallery-item {\n\t\t\t\tfloat: left;\n\t\t\t\tmargin-top: 10px;\n\t\t\t\ttext-align: center;\n\t\t\t\twidth: 33%;\n\t\t\t}\n\t\t\t#gallery-1 img {\n\t\t\t\tborder: 2px solid #cfcfcf;\n\t\t\t}\n\t\t\t#gallery-1 .gallery-caption {\n\t\t\t\tmargin-left: 0;\n\t\t\t}\n\t\t\t\/* see gallery_shortcode() in wp-includes\/media.php *\/\n\t\t<\/style>\n\t\t<div id='gallery-1' class='gallery galleryid-4831 gallery-columns-3 gallery-size-thumbnail'><dl class='gallery-item'>\n\t\t\t<dt class='gallery-icon portrait'>\n\t\t\t\t<a href='http:\/\/www.gourmettes-fribourg.ch\/wp-content\/uploads\/2019\/10\/a2bda615-9e97-4409-9c45-48c72b5511aa.jpg' title=\"\" data-rl_title=\"\" class=\"rl-gallery-link\" data-rl_caption=\"\" data-rel=\"lightbox-gallery-1\"><img width=\"160\" height=\"160\" src=\"http:\/\/www.gourmettes-fribourg.ch\/wp-content\/uploads\/2019\/10\/a2bda615-9e97-4409-9c45-48c72b5511aa-160x160.jpg\" class=\"attachment-thumbnail size-thumbnail\" alt=\"\" loading=\"lazy\" srcset=\"http:\/\/www.gourmettes-fribourg.ch\/wp-content\/uploads\/2019\/10\/a2bda615-9e97-4409-9c45-48c72b5511aa-160x160.jpg 160w, http:\/\/www.gourmettes-fribourg.ch\/wp-content\/uploads\/2019\/10\/a2bda615-9e97-4409-9c45-48c72b5511aa-136x136.jpg 136w, http:\/\/www.gourmettes-fribourg.ch\/wp-content\/uploads\/2019\/10\/a2bda615-9e97-4409-9c45-48c72b5511aa-100x100.jpg 100w\" sizes=\"(max-width: 160px) 100vw, 160px\" \/><\/a>\n\t\t\t<\/dt><\/dl><dl class='gallery-item'>\n\t\t\t<dt class='gallery-icon portrait'>\n\t\t\t\t<a href='http:\/\/www.gourmettes-fribourg.ch\/wp-content\/uploads\/2019\/10\/IMG_0392.jpg' title=\"\" data-rl_title=\"\" class=\"rl-gallery-link\" data-rl_caption=\"\" data-rel=\"lightbox-gallery-1\"><img width=\"160\" height=\"160\" src=\"http:\/\/www.gourmettes-fribourg.ch\/wp-content\/uploads\/2019\/10\/IMG_0392-160x160.jpg\" class=\"attachment-thumbnail size-thumbnail\" alt=\"\" loading=\"lazy\" srcset=\"http:\/\/www.gourmettes-fribourg.ch\/wp-content\/uploads\/2019\/10\/IMG_0392-160x160.jpg 160w, http:\/\/www.gourmettes-fribourg.ch\/wp-content\/uploads\/2019\/10\/IMG_0392-136x136.jpg 136w, http:\/\/www.gourmettes-fribourg.ch\/wp-content\/uploads\/2019\/10\/IMG_0392-100x100.jpg 100w\" sizes=\"(max-width: 160px) 100vw, 160px\" \/><\/a>\n\t\t\t<\/dt><\/dl><dl class='gallery-item'>\n\t\t\t<dt class='gallery-icon portrait'>\n\t\t\t\t<a href='http:\/\/www.gourmettes-fribourg.ch\/wp-content\/uploads\/2019\/10\/831e3c19-67fd-4a71-a80f-61b7bb7575bc.jpg' title=\"\" data-rl_title=\"\" class=\"rl-gallery-link\" data-rl_caption=\"\" data-rel=\"lightbox-gallery-1\"><img width=\"160\" height=\"160\" src=\"http:\/\/www.gourmettes-fribourg.ch\/wp-content\/uploads\/2019\/10\/831e3c19-67fd-4a71-a80f-61b7bb7575bc-160x160.jpg\" class=\"attachment-thumbnail size-thumbnail\" alt=\"\" loading=\"lazy\" srcset=\"http:\/\/www.gourmettes-fribourg.ch\/wp-content\/uploads\/2019\/10\/831e3c19-67fd-4a71-a80f-61b7bb7575bc-160x160.jpg 160w, http:\/\/www.gourmettes-fribourg.ch\/wp-content\/uploads\/2019\/10\/831e3c19-67fd-4a71-a80f-61b7bb7575bc-136x136.jpg 136w, http:\/\/www.gourmettes-fribourg.ch\/wp-content\/uploads\/2019\/10\/831e3c19-67fd-4a71-a80f-61b7bb7575bc-100x100.jpg 100w\" sizes=\"(max-width: 160px) 100vw, 160px\" \/><\/a>\n\t\t\t<\/dt><\/dl><br style=\"clear: both\" \/><dl class='gallery-item'>\n\t\t\t<dt class='gallery-icon portrait'>\n\t\t\t\t<a href='http:\/\/www.gourmettes-fribourg.ch\/wp-content\/uploads\/2019\/10\/ce1d2b2f-97a9-463e-bc00-75929176fa4b.jpg' title=\"\" data-rl_title=\"\" class=\"rl-gallery-link\" data-rl_caption=\"\" data-rel=\"lightbox-gallery-1\"><img width=\"160\" height=\"160\" src=\"http:\/\/www.gourmettes-fribourg.ch\/wp-content\/uploads\/2019\/10\/ce1d2b2f-97a9-463e-bc00-75929176fa4b-160x160.jpg\" class=\"attachment-thumbnail size-thumbnail\" alt=\"\" loading=\"lazy\" srcset=\"http:\/\/www.gourmettes-fribourg.ch\/wp-content\/uploads\/2019\/10\/ce1d2b2f-97a9-463e-bc00-75929176fa4b-160x160.jpg 160w, http:\/\/www.gourmettes-fribourg.ch\/wp-content\/uploads\/2019\/10\/ce1d2b2f-97a9-463e-bc00-75929176fa4b-136x136.jpg 136w, http:\/\/www.gourmettes-fribourg.ch\/wp-content\/uploads\/2019\/10\/ce1d2b2f-97a9-463e-bc00-75929176fa4b-100x100.jpg 100w\" sizes=\"(max-width: 160px) 100vw, 160px\" \/><\/a>\n\t\t\t<\/dt><\/dl><dl class='gallery-item'>\n\t\t\t<dt class='gallery-icon portrait'>\n\t\t\t\t<a href='http:\/\/www.gourmettes-fribourg.ch\/wp-content\/uploads\/2019\/10\/6706f5a8-ee55-40e0-819d-0824e2f56111.jpg' title=\"\" data-rl_title=\"\" class=\"rl-gallery-link\" data-rl_caption=\"\" data-rel=\"lightbox-gallery-1\"><img width=\"160\" height=\"160\" src=\"http:\/\/www.gourmettes-fribourg.ch\/wp-content\/uploads\/2019\/10\/6706f5a8-ee55-40e0-819d-0824e2f56111-160x160.jpg\" class=\"attachment-thumbnail size-thumbnail\" alt=\"\" loading=\"lazy\" srcset=\"http:\/\/www.gourmettes-fribourg.ch\/wp-content\/uploads\/2019\/10\/6706f5a8-ee55-40e0-819d-0824e2f56111-160x160.jpg 160w, http:\/\/www.gourmettes-fribourg.ch\/wp-content\/uploads\/2019\/10\/6706f5a8-ee55-40e0-819d-0824e2f56111-136x136.jpg 136w, http:\/\/www.gourmettes-fribourg.ch\/wp-content\/uploads\/2019\/10\/6706f5a8-ee55-40e0-819d-0824e2f56111-100x100.jpg 100w\" sizes=\"(max-width: 160px) 100vw, 160px\" \/><\/a>\n\t\t\t<\/dt><\/dl><dl class='gallery-item'>\n\t\t\t<dt class='gallery-icon portrait'>\n\t\t\t\t<a href='http:\/\/www.gourmettes-fribourg.ch\/wp-content\/uploads\/2019\/10\/IMG_0400.jpg' title=\"\" data-rl_title=\"\" class=\"rl-gallery-link\" data-rl_caption=\"\" data-rel=\"lightbox-gallery-1\"><img width=\"160\" height=\"160\" src=\"http:\/\/www.gourmettes-fribourg.ch\/wp-content\/uploads\/2019\/10\/IMG_0400-160x160.jpg\" class=\"attachment-thumbnail size-thumbnail\" alt=\"\" loading=\"lazy\" srcset=\"http:\/\/www.gourmettes-fribourg.ch\/wp-content\/uploads\/2019\/10\/IMG_0400-160x160.jpg 160w, http:\/\/www.gourmettes-fribourg.ch\/wp-content\/uploads\/2019\/10\/IMG_0400-136x136.jpg 136w, http:\/\/www.gourmettes-fribourg.ch\/wp-content\/uploads\/2019\/10\/IMG_0400-100x100.jpg 100w\" sizes=\"(max-width: 160px) 100vw, 160px\" \/><\/a>\n\t\t\t<\/dt><\/dl><br style=\"clear: both\" \/><dl class='gallery-item'>\n\t\t\t<dt class='gallery-icon portrait'>\n\t\t\t\t<a href='http:\/\/www.gourmettes-fribourg.ch\/wp-content\/uploads\/2019\/10\/IMG_0425.jpg' title=\"\" data-rl_title=\"\" class=\"rl-gallery-link\" data-rl_caption=\"\" data-rel=\"lightbox-gallery-1\"><img width=\"160\" height=\"160\" src=\"http:\/\/www.gourmettes-fribourg.ch\/wp-content\/uploads\/2019\/10\/IMG_0425-160x160.jpg\" class=\"attachment-thumbnail size-thumbnail\" alt=\"\" loading=\"lazy\" srcset=\"http:\/\/www.gourmettes-fribourg.ch\/wp-content\/uploads\/2019\/10\/IMG_0425-160x160.jpg 160w, http:\/\/www.gourmettes-fribourg.ch\/wp-content\/uploads\/2019\/10\/IMG_0425-136x136.jpg 136w, http:\/\/www.gourmettes-fribourg.ch\/wp-content\/uploads\/2019\/10\/IMG_0425-100x100.jpg 100w\" sizes=\"(max-width: 160px) 100vw, 160px\" \/><\/a>\n\t\t\t<\/dt><\/dl><dl class='gallery-item'>\n\t\t\t<dt class='gallery-icon portrait'>\n\t\t\t\t<a href='http:\/\/www.gourmettes-fribourg.ch\/wp-content\/uploads\/2019\/10\/23f159f1-34cb-4580-aef8-304b9f6f43b0.jpg' title=\"\" data-rl_title=\"\" class=\"rl-gallery-link\" data-rl_caption=\"\" data-rel=\"lightbox-gallery-1\"><img width=\"160\" height=\"160\" src=\"http:\/\/www.gourmettes-fribourg.ch\/wp-content\/uploads\/2019\/10\/23f159f1-34cb-4580-aef8-304b9f6f43b0-160x160.jpg\" class=\"attachment-thumbnail size-thumbnail\" alt=\"\" loading=\"lazy\" srcset=\"http:\/\/www.gourmettes-fribourg.ch\/wp-content\/uploads\/2019\/10\/23f159f1-34cb-4580-aef8-304b9f6f43b0-160x160.jpg 160w, http:\/\/www.gourmettes-fribourg.ch\/wp-content\/uploads\/2019\/10\/23f159f1-34cb-4580-aef8-304b9f6f43b0-136x136.jpg 136w, http:\/\/www.gourmettes-fribourg.ch\/wp-content\/uploads\/2019\/10\/23f159f1-34cb-4580-aef8-304b9f6f43b0-100x100.jpg 100w\" sizes=\"(max-width: 160px) 100vw, 160px\" \/><\/a>\n\t\t\t<\/dt><\/dl><dl class='gallery-item'>\n\t\t\t<dt class='gallery-icon portrait'>\n\t\t\t\t<a href='http:\/\/www.gourmettes-fribourg.ch\/wp-content\/uploads\/2019\/10\/IMG_0402.jpg' title=\"\" data-rl_title=\"\" class=\"rl-gallery-link\" data-rl_caption=\"\" data-rel=\"lightbox-gallery-1\"><img width=\"160\" height=\"160\" src=\"http:\/\/www.gourmettes-fribourg.ch\/wp-content\/uploads\/2019\/10\/IMG_0402-160x160.jpg\" class=\"attachment-thumbnail size-thumbnail\" alt=\"\" loading=\"lazy\" srcset=\"http:\/\/www.gourmettes-fribourg.ch\/wp-content\/uploads\/2019\/10\/IMG_0402-160x160.jpg 160w, http:\/\/www.gourmettes-fribourg.ch\/wp-content\/uploads\/2019\/10\/IMG_0402-136x136.jpg 136w, http:\/\/www.gourmettes-fribourg.ch\/wp-content\/uploads\/2019\/10\/IMG_0402-100x100.jpg 100w\" sizes=\"(max-width: 160px) 100vw, 160px\" \/><\/a>\n\t\t\t<\/dt><\/dl><br style=\"clear: both\" \/><dl class='gallery-item'>\n\t\t\t<dt class='gallery-icon portrait'>\n\t\t\t\t<a href='http:\/\/www.gourmettes-fribourg.ch\/wp-content\/uploads\/2019\/10\/IMG_0428.jpg' title=\"\" data-rl_title=\"\" class=\"rl-gallery-link\" data-rl_caption=\"\" data-rel=\"lightbox-gallery-1\"><img width=\"160\" height=\"160\" src=\"http:\/\/www.gourmettes-fribourg.ch\/wp-content\/uploads\/2019\/10\/IMG_0428-160x160.jpg\" class=\"attachment-thumbnail size-thumbnail\" alt=\"\" loading=\"lazy\" srcset=\"http:\/\/www.gourmettes-fribourg.ch\/wp-content\/uploads\/2019\/10\/IMG_0428-160x160.jpg 160w, http:\/\/www.gourmettes-fribourg.ch\/wp-content\/uploads\/2019\/10\/IMG_0428-136x136.jpg 136w, http:\/\/www.gourmettes-fribourg.ch\/wp-content\/uploads\/2019\/10\/IMG_0428-100x100.jpg 100w\" sizes=\"(max-width: 160px) 100vw, 160px\" \/><\/a>\n\t\t\t<\/dt><\/dl><dl class='gallery-item'>\n\t\t\t<dt class='gallery-icon portrait'>\n\t\t\t\t<a href='http:\/\/www.gourmettes-fribourg.ch\/wp-content\/uploads\/2019\/10\/IMG_0430.jpg' title=\"\" data-rl_title=\"\" class=\"rl-gallery-link\" data-rl_caption=\"\" data-rel=\"lightbox-gallery-1\"><img width=\"160\" height=\"160\" src=\"http:\/\/www.gourmettes-fribourg.ch\/wp-content\/uploads\/2019\/10\/IMG_0430-160x160.jpg\" class=\"attachment-thumbnail size-thumbnail\" alt=\"\" loading=\"lazy\" srcset=\"http:\/\/www.gourmettes-fribourg.ch\/wp-content\/uploads\/2019\/10\/IMG_0430-160x160.jpg 160w, http:\/\/www.gourmettes-fribourg.ch\/wp-content\/uploads\/2019\/10\/IMG_0430-136x136.jpg 136w, http:\/\/www.gourmettes-fribourg.ch\/wp-content\/uploads\/2019\/10\/IMG_0430-100x100.jpg 100w\" sizes=\"(max-width: 160px) 100vw, 160px\" \/><\/a>\n\t\t\t<\/dt><\/dl><dl class='gallery-item'>\n\t\t\t<dt class='gallery-icon portrait'>\n\t\t\t\t<a href='http:\/\/www.gourmettes-fribourg.ch\/wp-content\/uploads\/2019\/10\/IMG_0397.jpg' title=\"\" data-rl_title=\"\" class=\"rl-gallery-link\" data-rl_caption=\"\" data-rel=\"lightbox-gallery-1\"><img width=\"160\" height=\"160\" src=\"http:\/\/www.gourmettes-fribourg.ch\/wp-content\/uploads\/2019\/10\/IMG_0397-160x160.jpg\" class=\"attachment-thumbnail size-thumbnail\" alt=\"\" loading=\"lazy\" srcset=\"http:\/\/www.gourmettes-fribourg.ch\/wp-content\/uploads\/2019\/10\/IMG_0397-160x160.jpg 160w, http:\/\/www.gourmettes-fribourg.ch\/wp-content\/uploads\/2019\/10\/IMG_0397-136x136.jpg 136w, http:\/\/www.gourmettes-fribourg.ch\/wp-content\/uploads\/2019\/10\/IMG_0397-100x100.jpg 100w\" sizes=\"(max-width: 160px) 100vw, 160px\" \/><\/a>\n\t\t\t<\/dt><\/dl><br style=\"clear: both\" \/><dl class='gallery-item'>\n\t\t\t<dt class='gallery-icon portrait'>\n\t\t\t\t<a href='http:\/\/www.gourmettes-fribourg.ch\/wp-content\/uploads\/2019\/10\/IMG_0421.jpg' title=\"\" data-rl_title=\"\" class=\"rl-gallery-link\" data-rl_caption=\"\" data-rel=\"lightbox-gallery-1\"><img width=\"160\" height=\"160\" src=\"http:\/\/www.gourmettes-fribourg.ch\/wp-content\/uploads\/2019\/10\/IMG_0421-160x160.jpg\" class=\"attachment-thumbnail size-thumbnail\" alt=\"\" loading=\"lazy\" srcset=\"http:\/\/www.gourmettes-fribourg.ch\/wp-content\/uploads\/2019\/10\/IMG_0421-160x160.jpg 160w, http:\/\/www.gourmettes-fribourg.ch\/wp-content\/uploads\/2019\/10\/IMG_0421-136x136.jpg 136w, http:\/\/www.gourmettes-fribourg.ch\/wp-content\/uploads\/2019\/10\/IMG_0421-100x100.jpg 100w\" sizes=\"(max-width: 160px) 100vw, 160px\" \/><\/a>\n\t\t\t<\/dt><\/dl><dl class='gallery-item'>\n\t\t\t<dt class='gallery-icon portrait'>\n\t\t\t\t<a href='http:\/\/www.gourmettes-fribourg.ch\/wp-content\/uploads\/2019\/10\/IMG_0427.jpg' title=\"\" data-rl_title=\"\" class=\"rl-gallery-link\" data-rl_caption=\"\" data-rel=\"lightbox-gallery-1\"><img width=\"160\" height=\"160\" src=\"http:\/\/www.gourmettes-fribourg.ch\/wp-content\/uploads\/2019\/10\/IMG_0427-160x160.jpg\" class=\"attachment-thumbnail size-thumbnail\" alt=\"\" loading=\"lazy\" srcset=\"http:\/\/www.gourmettes-fribourg.ch\/wp-content\/uploads\/2019\/10\/IMG_0427-160x160.jpg 160w, http:\/\/www.gourmettes-fribourg.ch\/wp-content\/uploads\/2019\/10\/IMG_0427-136x136.jpg 136w, http:\/\/www.gourmettes-fribourg.ch\/wp-content\/uploads\/2019\/10\/IMG_0427-100x100.jpg 100w\" sizes=\"(max-width: 160px) 100vw, 160px\" \/><\/a>\n\t\t\t<\/dt><\/dl><dl class='gallery-item'>\n\t\t\t<dt class='gallery-icon portrait'>\n\t\t\t\t<a href='http:\/\/www.gourmettes-fribourg.ch\/wp-content\/uploads\/2019\/10\/85bf0ba5-1612-4c28-8812-d68b7686bf39.jpg' title=\"\" data-rl_title=\"\" class=\"rl-gallery-link\" data-rl_caption=\"\" data-rel=\"lightbox-gallery-1\"><img width=\"160\" height=\"160\" src=\"http:\/\/www.gourmettes-fribourg.ch\/wp-content\/uploads\/2019\/10\/85bf0ba5-1612-4c28-8812-d68b7686bf39-160x160.jpg\" class=\"attachment-thumbnail size-thumbnail\" alt=\"\" loading=\"lazy\" srcset=\"http:\/\/www.gourmettes-fribourg.ch\/wp-content\/uploads\/2019\/10\/85bf0ba5-1612-4c28-8812-d68b7686bf39-160x160.jpg 160w, http:\/\/www.gourmettes-fribourg.ch\/wp-content\/uploads\/2019\/10\/85bf0ba5-1612-4c28-8812-d68b7686bf39-136x136.jpg 136w, http:\/\/www.gourmettes-fribourg.ch\/wp-content\/uploads\/2019\/10\/85bf0ba5-1612-4c28-8812-d68b7686bf39-100x100.jpg 100w\" sizes=\"(max-width: 160px) 100vw, 160px\" \/><\/a>\n\t\t\t<\/dt><\/dl><br style=\"clear: both\" \/><dl class='gallery-item'>\n\t\t\t<dt class='gallery-icon portrait'>\n\t\t\t\t<a href='http:\/\/www.gourmettes-fribourg.ch\/wp-content\/uploads\/2019\/10\/300052d5-4582-4030-8fc2-d37ef82a1c0f.jpg' title=\"\" data-rl_title=\"\" class=\"rl-gallery-link\" data-rl_caption=\"\" data-rel=\"lightbox-gallery-1\"><img width=\"160\" height=\"160\" src=\"http:\/\/www.gourmettes-fribourg.ch\/wp-content\/uploads\/2019\/10\/300052d5-4582-4030-8fc2-d37ef82a1c0f-160x160.jpg\" class=\"attachment-thumbnail size-thumbnail\" alt=\"\" loading=\"lazy\" srcset=\"http:\/\/www.gourmettes-fribourg.ch\/wp-content\/uploads\/2019\/10\/300052d5-4582-4030-8fc2-d37ef82a1c0f-160x160.jpg 160w, http:\/\/www.gourmettes-fribourg.ch\/wp-content\/uploads\/2019\/10\/300052d5-4582-4030-8fc2-d37ef82a1c0f-136x136.jpg 136w, http:\/\/www.gourmettes-fribourg.ch\/wp-content\/uploads\/2019\/10\/300052d5-4582-4030-8fc2-d37ef82a1c0f-100x100.jpg 100w\" sizes=\"(max-width: 160px) 100vw, 160px\" \/><\/a>\n\t\t\t<\/dt><\/dl><dl class='gallery-item'>\n\t\t\t<dt class='gallery-icon portrait'>\n\t\t\t\t<a href='http:\/\/www.gourmettes-fribourg.ch\/wp-content\/uploads\/2019\/10\/IMG_0433.jpg' title=\"\" data-rl_title=\"\" class=\"rl-gallery-link\" data-rl_caption=\"\" data-rel=\"lightbox-gallery-1\"><img width=\"160\" height=\"160\" src=\"http:\/\/www.gourmettes-fribourg.ch\/wp-content\/uploads\/2019\/10\/IMG_0433-160x160.jpg\" class=\"attachment-thumbnail size-thumbnail\" alt=\"\" loading=\"lazy\" srcset=\"http:\/\/www.gourmettes-fribourg.ch\/wp-content\/uploads\/2019\/10\/IMG_0433-160x160.jpg 160w, http:\/\/www.gourmettes-fribourg.ch\/wp-content\/uploads\/2019\/10\/IMG_0433-136x136.jpg 136w, http:\/\/www.gourmettes-fribourg.ch\/wp-content\/uploads\/2019\/10\/IMG_0433-100x100.jpg 100w\" sizes=\"(max-width: 160px) 100vw, 160px\" \/><\/a>\n\t\t\t<\/dt><\/dl><dl class='gallery-item'>\n\t\t\t<dt class='gallery-icon portrait'>\n\t\t\t\t<a href='http:\/\/www.gourmettes-fribourg.ch\/wp-content\/uploads\/2019\/10\/IMG_0434.jpg' title=\"\" data-rl_title=\"\" class=\"rl-gallery-link\" data-rl_caption=\"\" data-rel=\"lightbox-gallery-1\"><img width=\"160\" height=\"160\" src=\"http:\/\/www.gourmettes-fribourg.ch\/wp-content\/uploads\/2019\/10\/IMG_0434-160x160.jpg\" class=\"attachment-thumbnail size-thumbnail\" alt=\"\" loading=\"lazy\" srcset=\"http:\/\/www.gourmettes-fribourg.ch\/wp-content\/uploads\/2019\/10\/IMG_0434-160x160.jpg 160w, http:\/\/www.gourmettes-fribourg.ch\/wp-content\/uploads\/2019\/10\/IMG_0434-136x136.jpg 136w, http:\/\/www.gourmettes-fribourg.ch\/wp-content\/uploads\/2019\/10\/IMG_0434-100x100.jpg 100w\" sizes=\"(max-width: 160px) 100vw, 160px\" \/><\/a>\n\t\t\t<\/dt><\/dl><br style=\"clear: both\" \/><dl class='gallery-item'>\n\t\t\t<dt class='gallery-icon portrait'>\n\t\t\t\t<a href='http:\/\/www.gourmettes-fribourg.ch\/wp-content\/uploads\/2019\/10\/IMG_0435.jpg' title=\"\" data-rl_title=\"\" class=\"rl-gallery-link\" data-rl_caption=\"\" data-rel=\"lightbox-gallery-1\"><img width=\"160\" height=\"160\" src=\"http:\/\/www.gourmettes-fribourg.ch\/wp-content\/uploads\/2019\/10\/IMG_0435-160x160.jpg\" class=\"attachment-thumbnail size-thumbnail\" alt=\"\" loading=\"lazy\" srcset=\"http:\/\/www.gourmettes-fribourg.ch\/wp-content\/uploads\/2019\/10\/IMG_0435-160x160.jpg 160w, http:\/\/www.gourmettes-fribourg.ch\/wp-content\/uploads\/2019\/10\/IMG_0435-136x136.jpg 136w, http:\/\/www.gourmettes-fribourg.ch\/wp-content\/uploads\/2019\/10\/IMG_0435-100x100.jpg 100w\" sizes=\"(max-width: 160px) 100vw, 160px\" \/><\/a>\n\t\t\t<\/dt><\/dl><dl class='gallery-item'>\n\t\t\t<dt class='gallery-icon portrait'>\n\t\t\t\t<a href='http:\/\/www.gourmettes-fribourg.ch\/wp-content\/uploads\/2019\/10\/IMG_0438.jpg' title=\"\" data-rl_title=\"\" class=\"rl-gallery-link\" data-rl_caption=\"\" data-rel=\"lightbox-gallery-1\"><img width=\"160\" height=\"160\" src=\"http:\/\/www.gourmettes-fribourg.ch\/wp-content\/uploads\/2019\/10\/IMG_0438-160x160.jpg\" class=\"attachment-thumbnail size-thumbnail\" alt=\"\" loading=\"lazy\" srcset=\"http:\/\/www.gourmettes-fribourg.ch\/wp-content\/uploads\/2019\/10\/IMG_0438-160x160.jpg 160w, http:\/\/www.gourmettes-fribourg.ch\/wp-content\/uploads\/2019\/10\/IMG_0438-136x136.jpg 136w, http:\/\/www.gourmettes-fribourg.ch\/wp-content\/uploads\/2019\/10\/IMG_0438-100x100.jpg 100w\" sizes=\"(max-width: 160px) 100vw, 160px\" \/><\/a>\n\t\t\t<\/dt><\/dl><dl class='gallery-item'>\n\t\t\t<dt class='gallery-icon portrait'>\n\t\t\t\t<a href='http:\/\/www.gourmettes-fribourg.ch\/wp-content\/uploads\/2019\/10\/IMG_0436.jpg' title=\"\" data-rl_title=\"\" class=\"rl-gallery-link\" data-rl_caption=\"\" data-rel=\"lightbox-gallery-1\"><img width=\"160\" height=\"160\" src=\"http:\/\/www.gourmettes-fribourg.ch\/wp-content\/uploads\/2019\/10\/IMG_0436-160x160.jpg\" class=\"attachment-thumbnail size-thumbnail\" alt=\"\" loading=\"lazy\" srcset=\"http:\/\/www.gourmettes-fribourg.ch\/wp-content\/uploads\/2019\/10\/IMG_0436-160x160.jpg 160w, http:\/\/www.gourmettes-fribourg.ch\/wp-content\/uploads\/2019\/10\/IMG_0436-136x136.jpg 136w, http:\/\/www.gourmettes-fribourg.ch\/wp-content\/uploads\/2019\/10\/IMG_0436-100x100.jpg 100w\" sizes=\"(max-width: 160px) 100vw, 160px\" \/><\/a>\n\t\t\t<\/dt><\/dl><br style=\"clear: both\" \/><dl class='gallery-item'>\n\t\t\t<dt class='gallery-icon landscape'>\n\t\t\t\t<a href='http:\/\/www.gourmettes-fribourg.ch\/wp-content\/uploads\/2019\/10\/dd96339e-454a-4bf5-9802-29efef97a237.jpg' title=\"\" data-rl_title=\"\" class=\"rl-gallery-link\" data-rl_caption=\"\" data-rel=\"lightbox-gallery-1\"><img width=\"160\" height=\"160\" src=\"http:\/\/www.gourmettes-fribourg.ch\/wp-content\/uploads\/2019\/10\/dd96339e-454a-4bf5-9802-29efef97a237-160x160.jpg\" class=\"attachment-thumbnail size-thumbnail\" alt=\"\" loading=\"lazy\" srcset=\"http:\/\/www.gourmettes-fribourg.ch\/wp-content\/uploads\/2019\/10\/dd96339e-454a-4bf5-9802-29efef97a237-160x160.jpg 160w, http:\/\/www.gourmettes-fribourg.ch\/wp-content\/uploads\/2019\/10\/dd96339e-454a-4bf5-9802-29efef97a237-136x136.jpg 136w, http:\/\/www.gourmettes-fribourg.ch\/wp-content\/uploads\/2019\/10\/dd96339e-454a-4bf5-9802-29efef97a237-100x100.jpg 100w\" sizes=\"(max-width: 160px) 100vw, 160px\" \/><\/a>\n\t\t\t<\/dt><\/dl><dl class='gallery-item'>\n\t\t\t<dt class='gallery-icon portrait'>\n\t\t\t\t<a href='http:\/\/www.gourmettes-fribourg.ch\/wp-content\/uploads\/2019\/10\/IMG_0441.jpg' title=\"\" data-rl_title=\"\" class=\"rl-gallery-link\" data-rl_caption=\"\" data-rel=\"lightbox-gallery-1\"><img width=\"160\" height=\"160\" src=\"http:\/\/www.gourmettes-fribourg.ch\/wp-content\/uploads\/2019\/10\/IMG_0441-160x160.jpg\" class=\"attachment-thumbnail size-thumbnail\" alt=\"\" loading=\"lazy\" srcset=\"http:\/\/www.gourmettes-fribourg.ch\/wp-content\/uploads\/2019\/10\/IMG_0441-160x160.jpg 160w, http:\/\/www.gourmettes-fribourg.ch\/wp-content\/uploads\/2019\/10\/IMG_0441-136x136.jpg 136w, http:\/\/www.gourmettes-fribourg.ch\/wp-content\/uploads\/2019\/10\/IMG_0441-100x100.jpg 100w\" sizes=\"(max-width: 160px) 100vw, 160px\" \/><\/a>\n\t\t\t<\/dt><\/dl><dl class='gallery-item'>\n\t\t\t<dt class='gallery-icon portrait'>\n\t\t\t\t<a href='http:\/\/www.gourmettes-fribourg.ch\/wp-content\/uploads\/2019\/10\/IMG_0443.jpg' title=\"\" data-rl_title=\"\" class=\"rl-gallery-link\" data-rl_caption=\"\" data-rel=\"lightbox-gallery-1\"><img width=\"160\" height=\"160\" src=\"http:\/\/www.gourmettes-fribourg.ch\/wp-content\/uploads\/2019\/10\/IMG_0443-160x160.jpg\" class=\"attachment-thumbnail size-thumbnail\" alt=\"\" loading=\"lazy\" srcset=\"http:\/\/www.gourmettes-fribourg.ch\/wp-content\/uploads\/2019\/10\/IMG_0443-160x160.jpg 160w, http:\/\/www.gourmettes-fribourg.ch\/wp-content\/uploads\/2019\/10\/IMG_0443-136x136.jpg 136w, http:\/\/www.gourmettes-fribourg.ch\/wp-content\/uploads\/2019\/10\/IMG_0443-100x100.jpg 100w\" sizes=\"(max-width: 160px) 100vw, 160px\" \/><\/a>\n\t\t\t<\/dt><\/dl><br style=\"clear: both\" \/><dl class='gallery-item'>\n\t\t\t<dt class='gallery-icon portrait'>\n\t\t\t\t<a href='http:\/\/www.gourmettes-fribourg.ch\/wp-content\/uploads\/2019\/10\/IMG_0446.jpg' title=\"\" data-rl_title=\"\" class=\"rl-gallery-link\" data-rl_caption=\"\" data-rel=\"lightbox-gallery-1\"><img width=\"160\" height=\"160\" src=\"http:\/\/www.gourmettes-fribourg.ch\/wp-content\/uploads\/2019\/10\/IMG_0446-160x160.jpg\" class=\"attachment-thumbnail size-thumbnail\" alt=\"\" loading=\"lazy\" srcset=\"http:\/\/www.gourmettes-fribourg.ch\/wp-content\/uploads\/2019\/10\/IMG_0446-160x160.jpg 160w, http:\/\/www.gourmettes-fribourg.ch\/wp-content\/uploads\/2019\/10\/IMG_0446-136x136.jpg 136w, http:\/\/www.gourmettes-fribourg.ch\/wp-content\/uploads\/2019\/10\/IMG_0446-100x100.jpg 100w\" sizes=\"(max-width: 160px) 100vw, 160px\" \/><\/a>\n\t\t\t<\/dt><\/dl><dl class='gallery-item'>\n\t\t\t<dt class='gallery-icon portrait'>\n\t\t\t\t<a href='http:\/\/www.gourmettes-fribourg.ch\/wp-content\/uploads\/2019\/10\/IMG_0447.jpg' title=\"\" data-rl_title=\"\" class=\"rl-gallery-link\" data-rl_caption=\"\" data-rel=\"lightbox-gallery-1\"><img width=\"160\" height=\"160\" src=\"http:\/\/www.gourmettes-fribourg.ch\/wp-content\/uploads\/2019\/10\/IMG_0447-160x160.jpg\" class=\"attachment-thumbnail size-thumbnail\" alt=\"\" loading=\"lazy\" srcset=\"http:\/\/www.gourmettes-fribourg.ch\/wp-content\/uploads\/2019\/10\/IMG_0447-160x160.jpg 160w, http:\/\/www.gourmettes-fribourg.ch\/wp-content\/uploads\/2019\/10\/IMG_0447-136x136.jpg 136w, http:\/\/www.gourmettes-fribourg.ch\/wp-content\/uploads\/2019\/10\/IMG_0447-100x100.jpg 100w\" sizes=\"(max-width: 160px) 100vw, 160px\" \/><\/a>\n\t\t\t<\/dt><\/dl><dl class='gallery-item'>\n\t\t\t<dt class='gallery-icon portrait'>\n\t\t\t\t<a href='http:\/\/www.gourmettes-fribourg.ch\/wp-content\/uploads\/2019\/10\/IMG_0448.jpg' title=\"\" data-rl_title=\"\" class=\"rl-gallery-link\" data-rl_caption=\"\" data-rel=\"lightbox-gallery-1\"><img width=\"160\" height=\"160\" src=\"http:\/\/www.gourmettes-fribourg.ch\/wp-content\/uploads\/2019\/10\/IMG_0448-160x160.jpg\" class=\"attachment-thumbnail size-thumbnail\" alt=\"\" loading=\"lazy\" srcset=\"http:\/\/www.gourmettes-fribourg.ch\/wp-content\/uploads\/2019\/10\/IMG_0448-160x160.jpg 160w, http:\/\/www.gourmettes-fribourg.ch\/wp-content\/uploads\/2019\/10\/IMG_0448-136x136.jpg 136w, http:\/\/www.gourmettes-fribourg.ch\/wp-content\/uploads\/2019\/10\/IMG_0448-100x100.jpg 100w\" sizes=\"(max-width: 160px) 100vw, 160px\" \/><\/a>\n\t\t\t<\/dt><\/dl><br style=\"clear: both\" \/><dl class='gallery-item'>\n\t\t\t<dt class='gallery-icon portrait'>\n\t\t\t\t<a href='http:\/\/www.gourmettes-fribourg.ch\/wp-content\/uploads\/2019\/10\/IMG_0450.jpg' title=\"\" data-rl_title=\"\" class=\"rl-gallery-link\" data-rl_caption=\"\" data-rel=\"lightbox-gallery-1\"><img width=\"160\" height=\"160\" src=\"http:\/\/www.gourmettes-fribourg.ch\/wp-content\/uploads\/2019\/10\/IMG_0450-160x160.jpg\" class=\"attachment-thumbnail size-thumbnail\" alt=\"\" loading=\"lazy\" srcset=\"http:\/\/www.gourmettes-fribourg.ch\/wp-content\/uploads\/2019\/10\/IMG_0450-160x160.jpg 160w, http:\/\/www.gourmettes-fribourg.ch\/wp-content\/uploads\/2019\/10\/IMG_0450-136x136.jpg 136w, http:\/\/www.gourmettes-fribourg.ch\/wp-content\/uploads\/2019\/10\/IMG_0450-100x100.jpg 100w\" sizes=\"(max-width: 160px) 100vw, 160px\" \/><\/a>\n\t\t\t<\/dt><\/dl><dl class='gallery-item'>\n\t\t\t<dt class='gallery-icon portrait'>\n\t\t\t\t<a href='http:\/\/www.gourmettes-fribourg.ch\/wp-content\/uploads\/2019\/10\/IMG_0449.jpg' title=\"\" data-rl_title=\"\" class=\"rl-gallery-link\" data-rl_caption=\"\" data-rel=\"lightbox-gallery-1\"><img width=\"160\" height=\"160\" src=\"http:\/\/www.gourmettes-fribourg.ch\/wp-content\/uploads\/2019\/10\/IMG_0449-160x160.jpg\" class=\"attachment-thumbnail size-thumbnail\" alt=\"\" loading=\"lazy\" srcset=\"http:\/\/www.gourmettes-fribourg.ch\/wp-content\/uploads\/2019\/10\/IMG_0449-160x160.jpg 160w, http:\/\/www.gourmettes-fribourg.ch\/wp-content\/uploads\/2019\/10\/IMG_0449-136x136.jpg 136w, http:\/\/www.gourmettes-fribourg.ch\/wp-content\/uploads\/2019\/10\/IMG_0449-100x100.jpg 100w\" sizes=\"(max-width: 160px) 100vw, 160px\" \/><\/a>\n\t\t\t<\/dt><\/dl><dl class='gallery-item'>\n\t\t\t<dt class='gallery-icon portrait'>\n\t\t\t\t<a href='http:\/\/www.gourmettes-fribourg.ch\/wp-content\/uploads\/2019\/10\/IMG_0452.jpg' title=\"\" data-rl_title=\"\" class=\"rl-gallery-link\" data-rl_caption=\"\" data-rel=\"lightbox-gallery-1\"><img width=\"160\" height=\"160\" src=\"http:\/\/www.gourmettes-fribourg.ch\/wp-content\/uploads\/2019\/10\/IMG_0452-160x160.jpg\" class=\"attachment-thumbnail size-thumbnail\" alt=\"\" loading=\"lazy\" srcset=\"http:\/\/www.gourmettes-fribourg.ch\/wp-content\/uploads\/2019\/10\/IMG_0452-160x160.jpg 160w, http:\/\/www.gourmettes-fribourg.ch\/wp-content\/uploads\/2019\/10\/IMG_0452-136x136.jpg 136w, http:\/\/www.gourmettes-fribourg.ch\/wp-content\/uploads\/2019\/10\/IMG_0452-100x100.jpg 100w\" sizes=\"(max-width: 160px) 100vw, 160px\" \/><\/a>\n\t\t\t<\/dt><\/dl><br style=\"clear: both\" \/><dl class='gallery-item'>\n\t\t\t<dt class='gallery-icon portrait'>\n\t\t\t\t<a href='http:\/\/www.gourmettes-fribourg.ch\/wp-content\/uploads\/2019\/10\/IMG_0453.jpg' title=\"\" data-rl_title=\"\" class=\"rl-gallery-link\" data-rl_caption=\"\" data-rel=\"lightbox-gallery-1\"><img width=\"160\" height=\"160\" src=\"http:\/\/www.gourmettes-fribourg.ch\/wp-content\/uploads\/2019\/10\/IMG_0453-160x160.jpg\" class=\"attachment-thumbnail size-thumbnail\" alt=\"\" loading=\"lazy\" srcset=\"http:\/\/www.gourmettes-fribourg.ch\/wp-content\/uploads\/2019\/10\/IMG_0453-160x160.jpg 160w, http:\/\/www.gourmettes-fribourg.ch\/wp-content\/uploads\/2019\/10\/IMG_0453-136x136.jpg 136w, http:\/\/www.gourmettes-fribourg.ch\/wp-content\/uploads\/2019\/10\/IMG_0453-100x100.jpg 100w\" sizes=\"(max-width: 160px) 100vw, 160px\" \/><\/a>\n\t\t\t<\/dt><\/dl><dl class='gallery-item'>\n\t\t\t<dt class='gallery-icon portrait'>\n\t\t\t\t<a href='http:\/\/www.gourmettes-fribourg.ch\/wp-content\/uploads\/2019\/10\/IMG_0451.jpg' title=\"\" data-rl_title=\"\" class=\"rl-gallery-link\" data-rl_caption=\"\" data-rel=\"lightbox-gallery-1\"><img width=\"160\" height=\"160\" src=\"http:\/\/www.gourmettes-fribourg.ch\/wp-content\/uploads\/2019\/10\/IMG_0451-160x160.jpg\" class=\"attachment-thumbnail size-thumbnail\" alt=\"\" loading=\"lazy\" srcset=\"http:\/\/www.gourmettes-fribourg.ch\/wp-content\/uploads\/2019\/10\/IMG_0451-160x160.jpg 160w, http:\/\/www.gourmettes-fribourg.ch\/wp-content\/uploads\/2019\/10\/IMG_0451-136x136.jpg 136w, http:\/\/www.gourmettes-fribourg.ch\/wp-content\/uploads\/2019\/10\/IMG_0451-100x100.jpg 100w\" sizes=\"(max-width: 160px) 100vw, 160px\" \/><\/a>\n\t\t\t<\/dt><\/dl><dl class='gallery-item'>\n\t\t\t<dt class='gallery-icon portrait'>\n\t\t\t\t<a href='http:\/\/www.gourmettes-fribourg.ch\/wp-content\/uploads\/2019\/10\/IMG_0455.jpg' title=\"\" data-rl_title=\"\" class=\"rl-gallery-link\" data-rl_caption=\"\" data-rel=\"lightbox-gallery-1\"><img width=\"160\" height=\"160\" src=\"http:\/\/www.gourmettes-fribourg.ch\/wp-content\/uploads\/2019\/10\/IMG_0455-160x160.jpg\" class=\"attachment-thumbnail size-thumbnail\" alt=\"\" loading=\"lazy\" srcset=\"http:\/\/www.gourmettes-fribourg.ch\/wp-content\/uploads\/2019\/10\/IMG_0455-160x160.jpg 160w, http:\/\/www.gourmettes-fribourg.ch\/wp-content\/uploads\/2019\/10\/IMG_0455-136x136.jpg 136w, http:\/\/www.gourmettes-fribourg.ch\/wp-content\/uploads\/2019\/10\/IMG_0455-100x100.jpg 100w\" sizes=\"(max-width: 160px) 100vw, 160px\" \/><\/a>\n\t\t\t<\/dt><\/dl><br style=\"clear: both\" \/><dl class='gallery-item'>\n\t\t\t<dt class='gallery-icon portrait'>\n\t\t\t\t<a href='http:\/\/www.gourmettes-fribourg.ch\/wp-content\/uploads\/2019\/10\/IMG_0456.jpg' title=\"\" data-rl_title=\"\" class=\"rl-gallery-link\" data-rl_caption=\"\" data-rel=\"lightbox-gallery-1\"><img width=\"160\" height=\"160\" src=\"http:\/\/www.gourmettes-fribourg.ch\/wp-content\/uploads\/2019\/10\/IMG_0456-160x160.jpg\" class=\"attachment-thumbnail size-thumbnail\" alt=\"\" loading=\"lazy\" srcset=\"http:\/\/www.gourmettes-fribourg.ch\/wp-content\/uploads\/2019\/10\/IMG_0456-160x160.jpg 160w, http:\/\/www.gourmettes-fribourg.ch\/wp-content\/uploads\/2019\/10\/IMG_0456-136x136.jpg 136w, http:\/\/www.gourmettes-fribourg.ch\/wp-content\/uploads\/2019\/10\/IMG_0456-100x100.jpg 100w\" sizes=\"(max-width: 160px) 100vw, 160px\" \/><\/a>\n\t\t\t<\/dt><\/dl><dl class='gallery-item'>\n\t\t\t<dt class='gallery-icon portrait'>\n\t\t\t\t<a href='http:\/\/www.gourmettes-fribourg.ch\/wp-content\/uploads\/2019\/10\/IMG_0458.jpg' title=\"\" data-rl_title=\"\" class=\"rl-gallery-link\" data-rl_caption=\"\" data-rel=\"lightbox-gallery-1\"><img width=\"160\" height=\"160\" src=\"http:\/\/www.gourmettes-fribourg.ch\/wp-content\/uploads\/2019\/10\/IMG_0458-160x160.jpg\" class=\"attachment-thumbnail size-thumbnail\" alt=\"\" loading=\"lazy\" srcset=\"http:\/\/www.gourmettes-fribourg.ch\/wp-content\/uploads\/2019\/10\/IMG_0458-160x160.jpg 160w, http:\/\/www.gourmettes-fribourg.ch\/wp-content\/uploads\/2019\/10\/IMG_0458-136x136.jpg 136w, http:\/\/www.gourmettes-fribourg.ch\/wp-content\/uploads\/2019\/10\/IMG_0458-100x100.jpg 100w\" sizes=\"(max-width: 160px) 100vw, 160px\" \/><\/a>\n\t\t\t<\/dt><\/dl><dl class='gallery-item'>\n\t\t\t<dt class='gallery-icon portrait'>\n\t\t\t\t<a href='http:\/\/www.gourmettes-fribourg.ch\/wp-content\/uploads\/2019\/10\/IMG_0467.jpg' title=\"\" data-rl_title=\"\" class=\"rl-gallery-link\" data-rl_caption=\"\" data-rel=\"lightbox-gallery-1\"><img width=\"160\" height=\"160\" src=\"http:\/\/www.gourmettes-fribourg.ch\/wp-content\/uploads\/2019\/10\/IMG_0467-160x160.jpg\" class=\"attachment-thumbnail size-thumbnail\" alt=\"\" loading=\"lazy\" srcset=\"http:\/\/www.gourmettes-fribourg.ch\/wp-content\/uploads\/2019\/10\/IMG_0467-160x160.jpg 160w, http:\/\/www.gourmettes-fribourg.ch\/wp-content\/uploads\/2019\/10\/IMG_0467-136x136.jpg 136w, http:\/\/www.gourmettes-fribourg.ch\/wp-content\/uploads\/2019\/10\/IMG_0467-100x100.jpg 100w\" sizes=\"(max-width: 160px) 100vw, 160px\" \/><\/a>\n\t\t\t<\/dt><\/dl><br style=\"clear: both\" \/><dl class='gallery-item'>\n\t\t\t<dt class='gallery-icon portrait'>\n\t\t\t\t<a href='http:\/\/www.gourmettes-fribourg.ch\/wp-content\/uploads\/2019\/10\/IMG_0468.jpg' title=\"\" data-rl_title=\"\" class=\"rl-gallery-link\" data-rl_caption=\"\" data-rel=\"lightbox-gallery-1\"><img width=\"160\" height=\"160\" src=\"http:\/\/www.gourmettes-fribourg.ch\/wp-content\/uploads\/2019\/10\/IMG_0468-160x160.jpg\" class=\"attachment-thumbnail size-thumbnail\" alt=\"\" loading=\"lazy\" srcset=\"http:\/\/www.gourmettes-fribourg.ch\/wp-content\/uploads\/2019\/10\/IMG_0468-160x160.jpg 160w, http:\/\/www.gourmettes-fribourg.ch\/wp-content\/uploads\/2019\/10\/IMG_0468-136x136.jpg 136w, http:\/\/www.gourmettes-fribourg.ch\/wp-content\/uploads\/2019\/10\/IMG_0468-100x100.jpg 100w\" sizes=\"(max-width: 160px) 100vw, 160px\" \/><\/a>\n\t\t\t<\/dt><\/dl><dl class='gallery-item'>\n\t\t\t<dt class='gallery-icon portrait'>\n\t\t\t\t<a href='http:\/\/www.gourmettes-fribourg.ch\/wp-content\/uploads\/2019\/10\/IMG_0469.jpg' title=\"\" data-rl_title=\"\" class=\"rl-gallery-link\" data-rl_caption=\"\" data-rel=\"lightbox-gallery-1\"><img width=\"160\" height=\"160\" src=\"http:\/\/www.gourmettes-fribourg.ch\/wp-content\/uploads\/2019\/10\/IMG_0469-160x160.jpg\" class=\"attachment-thumbnail size-thumbnail\" alt=\"\" loading=\"lazy\" srcset=\"http:\/\/www.gourmettes-fribourg.ch\/wp-content\/uploads\/2019\/10\/IMG_0469-160x160.jpg 160w, http:\/\/www.gourmettes-fribourg.ch\/wp-content\/uploads\/2019\/10\/IMG_0469-136x136.jpg 136w, http:\/\/www.gourmettes-fribourg.ch\/wp-content\/uploads\/2019\/10\/IMG_0469-100x100.jpg 100w\" sizes=\"(max-width: 160px) 100vw, 160px\" \/><\/a>\n\t\t\t<\/dt><\/dl><dl class='gallery-item'>\n\t\t\t<dt class='gallery-icon portrait'>\n\t\t\t\t<a href='http:\/\/www.gourmettes-fribourg.ch\/wp-content\/uploads\/2019\/10\/IMG_0466.jpg' title=\"\" data-rl_title=\"\" class=\"rl-gallery-link\" data-rl_caption=\"\" data-rel=\"lightbox-gallery-1\"><img width=\"160\" height=\"160\" src=\"http:\/\/www.gourmettes-fribourg.ch\/wp-content\/uploads\/2019\/10\/IMG_0466-160x160.jpg\" class=\"attachment-thumbnail size-thumbnail\" alt=\"\" loading=\"lazy\" srcset=\"http:\/\/www.gourmettes-fribourg.ch\/wp-content\/uploads\/2019\/10\/IMG_0466-160x160.jpg 160w, http:\/\/www.gourmettes-fribourg.ch\/wp-content\/uploads\/2019\/10\/IMG_0466-136x136.jpg 136w, http:\/\/www.gourmettes-fribourg.ch\/wp-content\/uploads\/2019\/10\/IMG_0466-100x100.jpg 100w\" sizes=\"(max-width: 160px) 100vw, 160px\" \/><\/a>\n\t\t\t<\/dt><\/dl><br style=\"clear: both\" \/><dl class='gallery-item'>\n\t\t\t<dt class='gallery-icon portrait'>\n\t\t\t\t<a href='http:\/\/www.gourmettes-fribourg.ch\/wp-content\/uploads\/2019\/10\/IMG_0470.jpg' title=\"\" data-rl_title=\"\" class=\"rl-gallery-link\" data-rl_caption=\"\" data-rel=\"lightbox-gallery-1\"><img width=\"160\" height=\"160\" src=\"http:\/\/www.gourmettes-fribourg.ch\/wp-content\/uploads\/2019\/10\/IMG_0470-160x160.jpg\" class=\"attachment-thumbnail size-thumbnail\" alt=\"\" loading=\"lazy\" srcset=\"http:\/\/www.gourmettes-fribourg.ch\/wp-content\/uploads\/2019\/10\/IMG_0470-160x160.jpg 160w, http:\/\/www.gourmettes-fribourg.ch\/wp-content\/uploads\/2019\/10\/IMG_0470-136x136.jpg 136w, http:\/\/www.gourmettes-fribourg.ch\/wp-content\/uploads\/2019\/10\/IMG_0470-100x100.jpg 100w\" sizes=\"(max-width: 160px) 100vw, 160px\" \/><\/a>\n\t\t\t<\/dt><\/dl><dl class='gallery-item'>\n\t\t\t<dt class='gallery-icon portrait'>\n\t\t\t\t<a href='http:\/\/www.gourmettes-fribourg.ch\/wp-content\/uploads\/2019\/10\/IMG_0473.jpg' title=\"\" data-rl_title=\"\" class=\"rl-gallery-link\" data-rl_caption=\"\" data-rel=\"lightbox-gallery-1\"><img width=\"160\" height=\"160\" src=\"http:\/\/www.gourmettes-fribourg.ch\/wp-content\/uploads\/2019\/10\/IMG_0473-160x160.jpg\" class=\"attachment-thumbnail size-thumbnail\" alt=\"\" loading=\"lazy\" srcset=\"http:\/\/www.gourmettes-fribourg.ch\/wp-content\/uploads\/2019\/10\/IMG_0473-160x160.jpg 160w, http:\/\/www.gourmettes-fribourg.ch\/wp-content\/uploads\/2019\/10\/IMG_0473-136x136.jpg 136w, http:\/\/www.gourmettes-fribourg.ch\/wp-content\/uploads\/2019\/10\/IMG_0473-100x100.jpg 100w\" sizes=\"(max-width: 160px) 100vw, 160px\" \/><\/a>\n\t\t\t<\/dt><\/dl><dl class='gallery-item'>\n\t\t\t<dt class='gallery-icon portrait'>\n\t\t\t\t<a href='http:\/\/www.gourmettes-fribourg.ch\/wp-content\/uploads\/2019\/10\/IMG_0474.jpg' title=\"\" data-rl_title=\"\" class=\"rl-gallery-link\" data-rl_caption=\"\" data-rel=\"lightbox-gallery-1\"><img width=\"160\" height=\"160\" src=\"http:\/\/www.gourmettes-fribourg.ch\/wp-content\/uploads\/2019\/10\/IMG_0474-160x160.jpg\" class=\"attachment-thumbnail size-thumbnail\" alt=\"\" loading=\"lazy\" srcset=\"http:\/\/www.gourmettes-fribourg.ch\/wp-content\/uploads\/2019\/10\/IMG_0474-160x160.jpg 160w, http:\/\/www.gourmettes-fribourg.ch\/wp-content\/uploads\/2019\/10\/IMG_0474-136x136.jpg 136w, http:\/\/www.gourmettes-fribourg.ch\/wp-content\/uploads\/2019\/10\/IMG_0474-100x100.jpg 100w\" sizes=\"(max-width: 160px) 100vw, 160px\" \/><\/a>\n\t\t\t<\/dt><\/dl><br style=\"clear: both\" \/><dl class='gallery-item'>\n\t\t\t<dt class='gallery-icon portrait'>\n\t\t\t\t<a href='http:\/\/www.gourmettes-fribourg.ch\/wp-content\/uploads\/2019\/10\/IMG_0475.jpg' title=\"\" data-rl_title=\"\" class=\"rl-gallery-link\" data-rl_caption=\"\" data-rel=\"lightbox-gallery-1\"><img width=\"160\" height=\"160\" src=\"http:\/\/www.gourmettes-fribourg.ch\/wp-content\/uploads\/2019\/10\/IMG_0475-160x160.jpg\" class=\"attachment-thumbnail size-thumbnail\" alt=\"\" loading=\"lazy\" srcset=\"http:\/\/www.gourmettes-fribourg.ch\/wp-content\/uploads\/2019\/10\/IMG_0475-160x160.jpg 160w, http:\/\/www.gourmettes-fribourg.ch\/wp-content\/uploads\/2019\/10\/IMG_0475-136x136.jpg 136w, http:\/\/www.gourmettes-fribourg.ch\/wp-content\/uploads\/2019\/10\/IMG_0475-100x100.jpg 100w\" sizes=\"(max-width: 160px) 100vw, 160px\" \/><\/a>\n\t\t\t<\/dt><\/dl><dl class='gallery-item'>\n\t\t\t<dt class='gallery-icon portrait'>\n\t\t\t\t<a href='http:\/\/www.gourmettes-fribourg.ch\/wp-content\/uploads\/2019\/10\/IMG_0476.jpg' title=\"\" data-rl_title=\"\" class=\"rl-gallery-link\" data-rl_caption=\"\" data-rel=\"lightbox-gallery-1\"><img width=\"160\" height=\"160\" src=\"http:\/\/www.gourmettes-fribourg.ch\/wp-content\/uploads\/2019\/10\/IMG_0476-160x160.jpg\" class=\"attachment-thumbnail size-thumbnail\" alt=\"\" loading=\"lazy\" srcset=\"http:\/\/www.gourmettes-fribourg.ch\/wp-content\/uploads\/2019\/10\/IMG_0476-160x160.jpg 160w, http:\/\/www.gourmettes-fribourg.ch\/wp-content\/uploads\/2019\/10\/IMG_0476-136x136.jpg 136w, http:\/\/www.gourmettes-fribourg.ch\/wp-content\/uploads\/2019\/10\/IMG_0476-100x100.jpg 100w\" sizes=\"(max-width: 160px) 100vw, 160px\" \/><\/a>\n\t\t\t<\/dt><\/dl><dl class='gallery-item'>\n\t\t\t<dt class='gallery-icon portrait'>\n\t\t\t\t<a href='http:\/\/www.gourmettes-fribourg.ch\/wp-content\/uploads\/2019\/10\/IMG_0477.jpg' title=\"\" data-rl_title=\"\" class=\"rl-gallery-link\" data-rl_caption=\"\" data-rel=\"lightbox-gallery-1\"><img width=\"160\" height=\"160\" src=\"http:\/\/www.gourmettes-fribourg.ch\/wp-content\/uploads\/2019\/10\/IMG_0477-160x160.jpg\" class=\"attachment-thumbnail size-thumbnail\" alt=\"\" loading=\"lazy\" srcset=\"http:\/\/www.gourmettes-fribourg.ch\/wp-content\/uploads\/2019\/10\/IMG_0477-160x160.jpg 160w, http:\/\/www.gourmettes-fribourg.ch\/wp-content\/uploads\/2019\/10\/IMG_0477-136x136.jpg 136w, http:\/\/www.gourmettes-fribourg.ch\/wp-content\/uploads\/2019\/10\/IMG_0477-100x100.jpg 100w\" sizes=\"(max-width: 160px) 100vw, 160px\" \/><\/a>\n\t\t\t<\/dt><\/dl><br style=\"clear: both\" \/><dl class='gallery-item'>\n\t\t\t<dt class='gallery-icon portrait'>\n\t\t\t\t<a href='http:\/\/www.gourmettes-fribourg.ch\/wp-content\/uploads\/2019\/10\/IMG_0483.jpg' title=\"\" data-rl_title=\"\" class=\"rl-gallery-link\" data-rl_caption=\"\" data-rel=\"lightbox-gallery-1\"><img width=\"160\" height=\"160\" src=\"http:\/\/www.gourmettes-fribourg.ch\/wp-content\/uploads\/2019\/10\/IMG_0483-160x160.jpg\" class=\"attachment-thumbnail size-thumbnail\" alt=\"\" loading=\"lazy\" srcset=\"http:\/\/www.gourmettes-fribourg.ch\/wp-content\/uploads\/2019\/10\/IMG_0483-160x160.jpg 160w, http:\/\/www.gourmettes-fribourg.ch\/wp-content\/uploads\/2019\/10\/IMG_0483-136x136.jpg 136w, http:\/\/www.gourmettes-fribourg.ch\/wp-content\/uploads\/2019\/10\/IMG_0483-100x100.jpg 100w\" sizes=\"(max-width: 160px) 100vw, 160px\" \/><\/a>\n\t\t\t<\/dt><\/dl><dl class='gallery-item'>\n\t\t\t<dt class='gallery-icon portrait'>\n\t\t\t\t<a href='http:\/\/www.gourmettes-fribourg.ch\/wp-content\/uploads\/2019\/10\/IMG_0485.jpg' title=\"\" data-rl_title=\"\" class=\"rl-gallery-link\" data-rl_caption=\"\" data-rel=\"lightbox-gallery-1\"><img width=\"160\" height=\"160\" src=\"http:\/\/www.gourmettes-fribourg.ch\/wp-content\/uploads\/2019\/10\/IMG_0485-160x160.jpg\" class=\"attachment-thumbnail size-thumbnail\" alt=\"\" loading=\"lazy\" srcset=\"http:\/\/www.gourmettes-fribourg.ch\/wp-content\/uploads\/2019\/10\/IMG_0485-160x160.jpg 160w, http:\/\/www.gourmettes-fribourg.ch\/wp-content\/uploads\/2019\/10\/IMG_0485-136x136.jpg 136w, http:\/\/www.gourmettes-fribourg.ch\/wp-content\/uploads\/2019\/10\/IMG_0485-100x100.jpg 100w\" sizes=\"(max-width: 160px) 100vw, 160px\" \/><\/a>\n\t\t\t<\/dt><\/dl><dl class='gallery-item'>\n\t\t\t<dt class='gallery-icon portrait'>\n\t\t\t\t<a href='http:\/\/www.gourmettes-fribourg.ch\/wp-content\/uploads\/2019\/10\/IMG_0488.jpg' title=\"\" data-rl_title=\"\" class=\"rl-gallery-link\" data-rl_caption=\"\" data-rel=\"lightbox-gallery-1\"><img width=\"160\" height=\"160\" src=\"http:\/\/www.gourmettes-fribourg.ch\/wp-content\/uploads\/2019\/10\/IMG_0488-160x160.jpg\" class=\"attachment-thumbnail size-thumbnail\" alt=\"\" loading=\"lazy\" srcset=\"http:\/\/www.gourmettes-fribourg.ch\/wp-content\/uploads\/2019\/10\/IMG_0488-160x160.jpg 160w, http:\/\/www.gourmettes-fribourg.ch\/wp-content\/uploads\/2019\/10\/IMG_0488-136x136.jpg 136w, http:\/\/www.gourmettes-fribourg.ch\/wp-content\/uploads\/2019\/10\/IMG_0488-100x100.jpg 100w\" sizes=\"(max-width: 160px) 100vw, 160px\" \/><\/a>\n\t\t\t<\/dt><\/dl><br style=\"clear: both\" \/><dl class='gallery-item'>\n\t\t\t<dt class='gallery-icon portrait'>\n\t\t\t\t<a href='http:\/\/www.gourmettes-fribourg.ch\/wp-content\/uploads\/2019\/10\/IMG_0489.jpg' title=\"\" data-rl_title=\"\" class=\"rl-gallery-link\" data-rl_caption=\"\" data-rel=\"lightbox-gallery-1\"><img width=\"160\" height=\"160\" src=\"http:\/\/www.gourmettes-fribourg.ch\/wp-content\/uploads\/2019\/10\/IMG_0489-160x160.jpg\" class=\"attachment-thumbnail size-thumbnail\" alt=\"\" loading=\"lazy\" srcset=\"http:\/\/www.gourmettes-fribourg.ch\/wp-content\/uploads\/2019\/10\/IMG_0489-160x160.jpg 160w, http:\/\/www.gourmettes-fribourg.ch\/wp-content\/uploads\/2019\/10\/IMG_0489-136x136.jpg 136w, http:\/\/www.gourmettes-fribourg.ch\/wp-content\/uploads\/2019\/10\/IMG_0489-100x100.jpg 100w\" sizes=\"(max-width: 160px) 100vw, 160px\" \/><\/a>\n\t\t\t<\/dt><\/dl><dl class='gallery-item'>\n\t\t\t<dt class='gallery-icon portrait'>\n\t\t\t\t<a href='http:\/\/www.gourmettes-fribourg.ch\/wp-content\/uploads\/2019\/10\/IMG_0490.jpg' title=\"\" data-rl_title=\"\" class=\"rl-gallery-link\" data-rl_caption=\"\" data-rel=\"lightbox-gallery-1\"><img width=\"160\" height=\"160\" src=\"http:\/\/www.gourmettes-fribourg.ch\/wp-content\/uploads\/2019\/10\/IMG_0490-160x160.jpg\" class=\"attachment-thumbnail size-thumbnail\" alt=\"\" loading=\"lazy\" srcset=\"http:\/\/www.gourmettes-fribourg.ch\/wp-content\/uploads\/2019\/10\/IMG_0490-160x160.jpg 160w, http:\/\/www.gourmettes-fribourg.ch\/wp-content\/uploads\/2019\/10\/IMG_0490-136x136.jpg 136w, http:\/\/www.gourmettes-fribourg.ch\/wp-content\/uploads\/2019\/10\/IMG_0490-100x100.jpg 100w\" sizes=\"(max-width: 160px) 100vw, 160px\" \/><\/a>\n\t\t\t<\/dt><\/dl><dl class='gallery-item'>\n\t\t\t<dt class='gallery-icon portrait'>\n\t\t\t\t<a href='http:\/\/www.gourmettes-fribourg.ch\/wp-content\/uploads\/2019\/10\/IMG_0486.jpg' title=\"\" data-rl_title=\"\" class=\"rl-gallery-link\" data-rl_caption=\"\" data-rel=\"lightbox-gallery-1\"><img width=\"160\" height=\"160\" src=\"http:\/\/www.gourmettes-fribourg.ch\/wp-content\/uploads\/2019\/10\/IMG_0486-160x160.jpg\" class=\"attachment-thumbnail size-thumbnail\" alt=\"\" loading=\"lazy\" srcset=\"http:\/\/www.gourmettes-fribourg.ch\/wp-content\/uploads\/2019\/10\/IMG_0486-160x160.jpg 160w, http:\/\/www.gourmettes-fribourg.ch\/wp-content\/uploads\/2019\/10\/IMG_0486-136x136.jpg 136w, http:\/\/www.gourmettes-fribourg.ch\/wp-content\/uploads\/2019\/10\/IMG_0486-100x100.jpg 100w\" sizes=\"(max-width: 160px) 100vw, 160px\" \/><\/a>\n\t\t\t<\/dt><\/dl><br style=\"clear: both\" \/><dl class='gallery-item'>\n\t\t\t<dt class='gallery-icon portrait'>\n\t\t\t\t<a href='http:\/\/www.gourmettes-fribourg.ch\/wp-content\/uploads\/2019\/10\/IMG_0487.jpg' title=\"\" data-rl_title=\"\" class=\"rl-gallery-link\" data-rl_caption=\"\" data-rel=\"lightbox-gallery-1\"><img width=\"160\" height=\"160\" src=\"http:\/\/www.gourmettes-fribourg.ch\/wp-content\/uploads\/2019\/10\/IMG_0487-160x160.jpg\" class=\"attachment-thumbnail size-thumbnail\" alt=\"\" loading=\"lazy\" srcset=\"http:\/\/www.gourmettes-fribourg.ch\/wp-content\/uploads\/2019\/10\/IMG_0487-160x160.jpg 160w, http:\/\/www.gourmettes-fribourg.ch\/wp-content\/uploads\/2019\/10\/IMG_0487-136x136.jpg 136w, http:\/\/www.gourmettes-fribourg.ch\/wp-content\/uploads\/2019\/10\/IMG_0487-100x100.jpg 100w\" sizes=\"(max-width: 160px) 100vw, 160px\" \/><\/a>\n\t\t\t<\/dt><\/dl><dl class='gallery-item'>\n\t\t\t<dt class='gallery-icon portrait'>\n\t\t\t\t<a href='http:\/\/www.gourmettes-fribourg.ch\/wp-content\/uploads\/2019\/10\/IMG_05291.jpg' title=\"\" data-rl_title=\"\" class=\"rl-gallery-link\" data-rl_caption=\"\" data-rel=\"lightbox-gallery-1\"><img width=\"160\" height=\"160\" src=\"http:\/\/www.gourmettes-fribourg.ch\/wp-content\/uploads\/2019\/10\/IMG_05291-160x160.jpg\" class=\"attachment-thumbnail size-thumbnail\" alt=\"\" loading=\"lazy\" srcset=\"http:\/\/www.gourmettes-fribourg.ch\/wp-content\/uploads\/2019\/10\/IMG_05291-160x160.jpg 160w, http:\/\/www.gourmettes-fribourg.ch\/wp-content\/uploads\/2019\/10\/IMG_05291-136x136.jpg 136w, http:\/\/www.gourmettes-fribourg.ch\/wp-content\/uploads\/2019\/10\/IMG_05291-100x100.jpg 100w\" sizes=\"(max-width: 160px) 100vw, 160px\" \/><\/a>\n\t\t\t<\/dt><\/dl><dl class='gallery-item'>\n\t\t\t<dt class='gallery-icon portrait'>\n\t\t\t\t<a href='http:\/\/www.gourmettes-fribourg.ch\/wp-content\/uploads\/2019\/10\/IMG_0495.jpg' title=\"\" data-rl_title=\"\" class=\"rl-gallery-link\" data-rl_caption=\"\" data-rel=\"lightbox-gallery-1\"><img width=\"160\" height=\"160\" src=\"http:\/\/www.gourmettes-fribourg.ch\/wp-content\/uploads\/2019\/10\/IMG_0495-160x160.jpg\" class=\"attachment-thumbnail size-thumbnail\" alt=\"\" loading=\"lazy\" srcset=\"http:\/\/www.gourmettes-fribourg.ch\/wp-content\/uploads\/2019\/10\/IMG_0495-160x160.jpg 160w, http:\/\/www.gourmettes-fribourg.ch\/wp-content\/uploads\/2019\/10\/IMG_0495-136x136.jpg 136w, http:\/\/www.gourmettes-fribourg.ch\/wp-content\/uploads\/2019\/10\/IMG_0495-100x100.jpg 100w\" sizes=\"(max-width: 160px) 100vw, 160px\" \/><\/a>\n\t\t\t<\/dt><\/dl><br style=\"clear: both\" \/><dl class='gallery-item'>\n\t\t\t<dt class='gallery-icon portrait'>\n\t\t\t\t<a href='http:\/\/www.gourmettes-fribourg.ch\/wp-content\/uploads\/2019\/10\/IMG_0496.jpg' title=\"\" data-rl_title=\"\" class=\"rl-gallery-link\" data-rl_caption=\"\" data-rel=\"lightbox-gallery-1\"><img width=\"160\" height=\"160\" src=\"http:\/\/www.gourmettes-fribourg.ch\/wp-content\/uploads\/2019\/10\/IMG_0496-160x160.jpg\" class=\"attachment-thumbnail size-thumbnail\" alt=\"\" loading=\"lazy\" srcset=\"http:\/\/www.gourmettes-fribourg.ch\/wp-content\/uploads\/2019\/10\/IMG_0496-160x160.jpg 160w, http:\/\/www.gourmettes-fribourg.ch\/wp-content\/uploads\/2019\/10\/IMG_0496-136x136.jpg 136w, http:\/\/www.gourmettes-fribourg.ch\/wp-content\/uploads\/2019\/10\/IMG_0496-100x100.jpg 100w\" sizes=\"(max-width: 160px) 100vw, 160px\" \/><\/a>\n\t\t\t<\/dt><\/dl><dl class='gallery-item'>\n\t\t\t<dt class='gallery-icon portrait'>\n\t\t\t\t<a href='http:\/\/www.gourmettes-fribourg.ch\/wp-content\/uploads\/2019\/10\/IMG_0497.jpg' title=\"\" data-rl_title=\"\" class=\"rl-gallery-link\" data-rl_caption=\"\" data-rel=\"lightbox-gallery-1\"><img width=\"160\" height=\"160\" src=\"http:\/\/www.gourmettes-fribourg.ch\/wp-content\/uploads\/2019\/10\/IMG_0497-160x160.jpg\" class=\"attachment-thumbnail size-thumbnail\" alt=\"\" loading=\"lazy\" srcset=\"http:\/\/www.gourmettes-fribourg.ch\/wp-content\/uploads\/2019\/10\/IMG_0497-160x160.jpg 160w, http:\/\/www.gourmettes-fribourg.ch\/wp-content\/uploads\/2019\/10\/IMG_0497-136x136.jpg 136w, http:\/\/www.gourmettes-fribourg.ch\/wp-content\/uploads\/2019\/10\/IMG_0497-100x100.jpg 100w\" sizes=\"(max-width: 160px) 100vw, 160px\" \/><\/a>\n\t\t\t<\/dt><\/dl><dl class='gallery-item'>\n\t\t\t<dt class='gallery-icon portrait'>\n\t\t\t\t<a href='http:\/\/www.gourmettes-fribourg.ch\/wp-content\/uploads\/2019\/10\/IMG_0498.jpg' title=\"\" data-rl_title=\"\" class=\"rl-gallery-link\" data-rl_caption=\"\" data-rel=\"lightbox-gallery-1\"><img width=\"160\" height=\"160\" src=\"http:\/\/www.gourmettes-fribourg.ch\/wp-content\/uploads\/2019\/10\/IMG_0498-160x160.jpg\" class=\"attachment-thumbnail size-thumbnail\" alt=\"\" loading=\"lazy\" srcset=\"http:\/\/www.gourmettes-fribourg.ch\/wp-content\/uploads\/2019\/10\/IMG_0498-160x160.jpg 160w, http:\/\/www.gourmettes-fribourg.ch\/wp-content\/uploads\/2019\/10\/IMG_0498-136x136.jpg 136w, http:\/\/www.gourmettes-fribourg.ch\/wp-content\/uploads\/2019\/10\/IMG_0498-100x100.jpg 100w\" sizes=\"(max-width: 160px) 100vw, 160px\" \/><\/a>\n\t\t\t<\/dt><\/dl><br style=\"clear: both\" \/><dl class='gallery-item'>\n\t\t\t<dt class='gallery-icon portrait'>\n\t\t\t\t<a href='http:\/\/www.gourmettes-fribourg.ch\/wp-content\/uploads\/2019\/10\/IMG_0499.jpg' title=\"\" data-rl_title=\"\" class=\"rl-gallery-link\" data-rl_caption=\"\" data-rel=\"lightbox-gallery-1\"><img width=\"160\" height=\"160\" src=\"http:\/\/www.gourmettes-fribourg.ch\/wp-content\/uploads\/2019\/10\/IMG_0499-160x160.jpg\" class=\"attachment-thumbnail size-thumbnail\" alt=\"\" loading=\"lazy\" srcset=\"http:\/\/www.gourmettes-fribourg.ch\/wp-content\/uploads\/2019\/10\/IMG_0499-160x160.jpg 160w, http:\/\/www.gourmettes-fribourg.ch\/wp-content\/uploads\/2019\/10\/IMG_0499-136x136.jpg 136w, http:\/\/www.gourmettes-fribourg.ch\/wp-content\/uploads\/2019\/10\/IMG_0499-100x100.jpg 100w\" sizes=\"(max-width: 160px) 100vw, 160px\" \/><\/a>\n\t\t\t<\/dt><\/dl><dl class='gallery-item'>\n\t\t\t<dt class='gallery-icon portrait'>\n\t\t\t\t<a href='http:\/\/www.gourmettes-fribourg.ch\/wp-content\/uploads\/2019\/10\/IMG_0500.jpg' title=\"\" data-rl_title=\"\" class=\"rl-gallery-link\" data-rl_caption=\"\" data-rel=\"lightbox-gallery-1\"><img width=\"160\" height=\"160\" src=\"http:\/\/www.gourmettes-fribourg.ch\/wp-content\/uploads\/2019\/10\/IMG_0500-160x160.jpg\" class=\"attachment-thumbnail size-thumbnail\" alt=\"\" loading=\"lazy\" srcset=\"http:\/\/www.gourmettes-fribourg.ch\/wp-content\/uploads\/2019\/10\/IMG_0500-160x160.jpg 160w, http:\/\/www.gourmettes-fribourg.ch\/wp-content\/uploads\/2019\/10\/IMG_0500-136x136.jpg 136w, http:\/\/www.gourmettes-fribourg.ch\/wp-content\/uploads\/2019\/10\/IMG_0500-100x100.jpg 100w\" sizes=\"(max-width: 160px) 100vw, 160px\" \/><\/a>\n\t\t\t<\/dt><\/dl><dl class='gallery-item'>\n\t\t\t<dt class='gallery-icon portrait'>\n\t\t\t\t<a href='http:\/\/www.gourmettes-fribourg.ch\/wp-content\/uploads\/2019\/10\/IMG_0501.jpg' title=\"\" data-rl_title=\"\" class=\"rl-gallery-link\" data-rl_caption=\"\" data-rel=\"lightbox-gallery-1\"><img width=\"160\" height=\"160\" src=\"http:\/\/www.gourmettes-fribourg.ch\/wp-content\/uploads\/2019\/10\/IMG_0501-160x160.jpg\" class=\"attachment-thumbnail size-thumbnail\" alt=\"\" loading=\"lazy\" srcset=\"http:\/\/www.gourmettes-fribourg.ch\/wp-content\/uploads\/2019\/10\/IMG_0501-160x160.jpg 160w, http:\/\/www.gourmettes-fribourg.ch\/wp-content\/uploads\/2019\/10\/IMG_0501-136x136.jpg 136w, http:\/\/www.gourmettes-fribourg.ch\/wp-content\/uploads\/2019\/10\/IMG_0501-100x100.jpg 100w\" sizes=\"(max-width: 160px) 100vw, 160px\" \/><\/a>\n\t\t\t<\/dt><\/dl><br style=\"clear: both\" \/><dl class='gallery-item'>\n\t\t\t<dt class='gallery-icon portrait'>\n\t\t\t\t<a href='http:\/\/www.gourmettes-fribourg.ch\/wp-content\/uploads\/2019\/10\/IMG_0505.jpg' title=\"\" data-rl_title=\"\" class=\"rl-gallery-link\" data-rl_caption=\"\" data-rel=\"lightbox-gallery-1\"><img width=\"160\" height=\"160\" src=\"http:\/\/www.gourmettes-fribourg.ch\/wp-content\/uploads\/2019\/10\/IMG_0505-160x160.jpg\" class=\"attachment-thumbnail size-thumbnail\" alt=\"\" loading=\"lazy\" srcset=\"http:\/\/www.gourmettes-fribourg.ch\/wp-content\/uploads\/2019\/10\/IMG_0505-160x160.jpg 160w, http:\/\/www.gourmettes-fribourg.ch\/wp-content\/uploads\/2019\/10\/IMG_0505-136x136.jpg 136w, http:\/\/www.gourmettes-fribourg.ch\/wp-content\/uploads\/2019\/10\/IMG_0505-100x100.jpg 100w\" sizes=\"(max-width: 160px) 100vw, 160px\" \/><\/a>\n\t\t\t<\/dt><\/dl><dl class='gallery-item'>\n\t\t\t<dt class='gallery-icon portrait'>\n\t\t\t\t<a href='http:\/\/www.gourmettes-fribourg.ch\/wp-content\/uploads\/2019\/10\/IMG_0521.jpg' title=\"\" data-rl_title=\"\" class=\"rl-gallery-link\" data-rl_caption=\"\" data-rel=\"lightbox-gallery-1\"><img width=\"160\" height=\"160\" src=\"http:\/\/www.gourmettes-fribourg.ch\/wp-content\/uploads\/2019\/10\/IMG_0521-160x160.jpg\" class=\"attachment-thumbnail size-thumbnail\" alt=\"\" loading=\"lazy\" srcset=\"http:\/\/www.gourmettes-fribourg.ch\/wp-content\/uploads\/2019\/10\/IMG_0521-160x160.jpg 160w, http:\/\/www.gourmettes-fribourg.ch\/wp-content\/uploads\/2019\/10\/IMG_0521-136x136.jpg 136w, http:\/\/www.gourmettes-fribourg.ch\/wp-content\/uploads\/2019\/10\/IMG_0521-100x100.jpg 100w\" sizes=\"(max-width: 160px) 100vw, 160px\" \/><\/a>\n\t\t\t<\/dt><\/dl><dl class='gallery-item'>\n\t\t\t<dt class='gallery-icon portrait'>\n\t\t\t\t<a href='http:\/\/www.gourmettes-fribourg.ch\/wp-content\/uploads\/2019\/10\/IMG_0502.jpg' title=\"\" data-rl_title=\"\" class=\"rl-gallery-link\" data-rl_caption=\"\" data-rel=\"lightbox-gallery-1\"><img width=\"160\" height=\"160\" src=\"http:\/\/www.gourmettes-fribourg.ch\/wp-content\/uploads\/2019\/10\/IMG_0502-160x160.jpg\" class=\"attachment-thumbnail size-thumbnail\" alt=\"\" loading=\"lazy\" srcset=\"http:\/\/www.gourmettes-fribourg.ch\/wp-content\/uploads\/2019\/10\/IMG_0502-160x160.jpg 160w, http:\/\/www.gourmettes-fribourg.ch\/wp-content\/uploads\/2019\/10\/IMG_0502-136x136.jpg 136w, http:\/\/www.gourmettes-fribourg.ch\/wp-content\/uploads\/2019\/10\/IMG_0502-100x100.jpg 100w\" sizes=\"(max-width: 160px) 100vw, 160px\" \/><\/a>\n\t\t\t<\/dt><\/dl><br style=\"clear: both\" \/><dl class='gallery-item'>\n\t\t\t<dt class='gallery-icon portrait'>\n\t\t\t\t<a href='http:\/\/www.gourmettes-fribourg.ch\/wp-content\/uploads\/2019\/10\/IMG_0503.jpg' title=\"\" data-rl_title=\"\" class=\"rl-gallery-link\" data-rl_caption=\"\" data-rel=\"lightbox-gallery-1\"><img width=\"160\" height=\"160\" src=\"http:\/\/www.gourmettes-fribourg.ch\/wp-content\/uploads\/2019\/10\/IMG_0503-160x160.jpg\" class=\"attachment-thumbnail size-thumbnail\" alt=\"\" loading=\"lazy\" srcset=\"http:\/\/www.gourmettes-fribourg.ch\/wp-content\/uploads\/2019\/10\/IMG_0503-160x160.jpg 160w, http:\/\/www.gourmettes-fribourg.ch\/wp-content\/uploads\/2019\/10\/IMG_0503-136x136.jpg 136w, http:\/\/www.gourmettes-fribourg.ch\/wp-content\/uploads\/2019\/10\/IMG_0503-100x100.jpg 100w\" sizes=\"(max-width: 160px) 100vw, 160px\" \/><\/a>\n\t\t\t<\/dt><\/dl><dl class='gallery-item'>\n\t\t\t<dt class='gallery-icon portrait'>\n\t\t\t\t<a href='http:\/\/www.gourmettes-fribourg.ch\/wp-content\/uploads\/2019\/10\/IMG_0504.jpg' title=\"\" data-rl_title=\"\" class=\"rl-gallery-link\" data-rl_caption=\"\" data-rel=\"lightbox-gallery-1\"><img width=\"160\" height=\"160\" src=\"http:\/\/www.gourmettes-fribourg.ch\/wp-content\/uploads\/2019\/10\/IMG_0504-160x160.jpg\" class=\"attachment-thumbnail size-thumbnail\" alt=\"\" loading=\"lazy\" srcset=\"http:\/\/www.gourmettes-fribourg.ch\/wp-content\/uploads\/2019\/10\/IMG_0504-160x160.jpg 160w, http:\/\/www.gourmettes-fribourg.ch\/wp-content\/uploads\/2019\/10\/IMG_0504-136x136.jpg 136w, http:\/\/www.gourmettes-fribourg.ch\/wp-content\/uploads\/2019\/10\/IMG_0504-100x100.jpg 100w\" sizes=\"(max-width: 160px) 100vw, 160px\" \/><\/a>\n\t\t\t<\/dt><\/dl><dl class='gallery-item'>\n\t\t\t<dt class='gallery-icon portrait'>\n\t\t\t\t<a href='http:\/\/www.gourmettes-fribourg.ch\/wp-content\/uploads\/2019\/10\/IMG_0506.jpg' title=\"\" data-rl_title=\"\" class=\"rl-gallery-link\" data-rl_caption=\"\" data-rel=\"lightbox-gallery-1\"><img width=\"160\" height=\"160\" src=\"http:\/\/www.gourmettes-fribourg.ch\/wp-content\/uploads\/2019\/10\/IMG_0506-160x160.jpg\" class=\"attachment-thumbnail size-thumbnail\" alt=\"\" loading=\"lazy\" srcset=\"http:\/\/www.gourmettes-fribourg.ch\/wp-content\/uploads\/2019\/10\/IMG_0506-160x160.jpg 160w, http:\/\/www.gourmettes-fribourg.ch\/wp-content\/uploads\/2019\/10\/IMG_0506-136x136.jpg 136w, http:\/\/www.gourmettes-fribourg.ch\/wp-content\/uploads\/2019\/10\/IMG_0506-100x100.jpg 100w\" sizes=\"(max-width: 160px) 100vw, 160px\" \/><\/a>\n\t\t\t<\/dt><\/dl><br style=\"clear: both\" \/><dl class='gallery-item'>\n\t\t\t<dt class='gallery-icon portrait'>\n\t\t\t\t<a href='http:\/\/www.gourmettes-fribourg.ch\/wp-content\/uploads\/2019\/10\/IMG_0509.jpg' title=\"\" data-rl_title=\"\" class=\"rl-gallery-link\" data-rl_caption=\"\" data-rel=\"lightbox-gallery-1\"><img width=\"160\" height=\"160\" src=\"http:\/\/www.gourmettes-fribourg.ch\/wp-content\/uploads\/2019\/10\/IMG_0509-160x160.jpg\" class=\"attachment-thumbnail size-thumbnail\" alt=\"\" loading=\"lazy\" srcset=\"http:\/\/www.gourmettes-fribourg.ch\/wp-content\/uploads\/2019\/10\/IMG_0509-160x160.jpg 160w, http:\/\/www.gourmettes-fribourg.ch\/wp-content\/uploads\/2019\/10\/IMG_0509-136x136.jpg 136w, http:\/\/www.gourmettes-fribourg.ch\/wp-content\/uploads\/2019\/10\/IMG_0509-100x100.jpg 100w\" sizes=\"(max-width: 160px) 100vw, 160px\" \/><\/a>\n\t\t\t<\/dt><\/dl><dl class='gallery-item'>\n\t\t\t<dt class='gallery-icon portrait'>\n\t\t\t\t<a href='http:\/\/www.gourmettes-fribourg.ch\/wp-content\/uploads\/2019\/10\/IMG_0510.jpg' title=\"\" data-rl_title=\"\" class=\"rl-gallery-link\" data-rl_caption=\"\" data-rel=\"lightbox-gallery-1\"><img width=\"160\" height=\"160\" src=\"http:\/\/www.gourmettes-fribourg.ch\/wp-content\/uploads\/2019\/10\/IMG_0510-160x160.jpg\" class=\"attachment-thumbnail size-thumbnail\" alt=\"\" loading=\"lazy\" srcset=\"http:\/\/www.gourmettes-fribourg.ch\/wp-content\/uploads\/2019\/10\/IMG_0510-160x160.jpg 160w, http:\/\/www.gourmettes-fribourg.ch\/wp-content\/uploads\/2019\/10\/IMG_0510-136x136.jpg 136w, http:\/\/www.gourmettes-fribourg.ch\/wp-content\/uploads\/2019\/10\/IMG_0510-100x100.jpg 100w\" sizes=\"(max-width: 160px) 100vw, 160px\" \/><\/a>\n\t\t\t<\/dt><\/dl><dl class='gallery-item'>\n\t\t\t<dt class='gallery-icon portrait'>\n\t\t\t\t<a href='http:\/\/www.gourmettes-fribourg.ch\/wp-content\/uploads\/2019\/10\/IMG_0511.jpg' title=\"\" data-rl_title=\"\" class=\"rl-gallery-link\" data-rl_caption=\"\" data-rel=\"lightbox-gallery-1\"><img width=\"160\" height=\"160\" src=\"http:\/\/www.gourmettes-fribourg.ch\/wp-content\/uploads\/2019\/10\/IMG_0511-160x160.jpg\" class=\"attachment-thumbnail size-thumbnail\" alt=\"\" loading=\"lazy\" srcset=\"http:\/\/www.gourmettes-fribourg.ch\/wp-content\/uploads\/2019\/10\/IMG_0511-160x160.jpg 160w, http:\/\/www.gourmettes-fribourg.ch\/wp-content\/uploads\/2019\/10\/IMG_0511-136x136.jpg 136w, http:\/\/www.gourmettes-fribourg.ch\/wp-content\/uploads\/2019\/10\/IMG_0511-100x100.jpg 100w\" sizes=\"(max-width: 160px) 100vw, 160px\" \/><\/a>\n\t\t\t<\/dt><\/dl><br style=\"clear: both\" \/><dl class='gallery-item'>\n\t\t\t<dt class='gallery-icon portrait'>\n\t\t\t\t<a href='http:\/\/www.gourmettes-fribourg.ch\/wp-content\/uploads\/2019\/10\/IMG_0517.jpg' title=\"\" data-rl_title=\"\" class=\"rl-gallery-link\" data-rl_caption=\"\" data-rel=\"lightbox-gallery-1\"><img width=\"160\" height=\"160\" src=\"http:\/\/www.gourmettes-fribourg.ch\/wp-content\/uploads\/2019\/10\/IMG_0517-160x160.jpg\" class=\"attachment-thumbnail size-thumbnail\" alt=\"\" loading=\"lazy\" srcset=\"http:\/\/www.gourmettes-fribourg.ch\/wp-content\/uploads\/2019\/10\/IMG_0517-160x160.jpg 160w, http:\/\/www.gourmettes-fribourg.ch\/wp-content\/uploads\/2019\/10\/IMG_0517-136x136.jpg 136w, http:\/\/www.gourmettes-fribourg.ch\/wp-content\/uploads\/2019\/10\/IMG_0517-100x100.jpg 100w\" sizes=\"(max-width: 160px) 100vw, 160px\" \/><\/a>\n\t\t\t<\/dt><\/dl><dl class='gallery-item'>\n\t\t\t<dt class='gallery-icon portrait'>\n\t\t\t\t<a href='http:\/\/www.gourmettes-fribourg.ch\/wp-content\/uploads\/2019\/10\/IMG_0518.jpg' title=\"\" data-rl_title=\"\" class=\"rl-gallery-link\" data-rl_caption=\"\" data-rel=\"lightbox-gallery-1\"><img width=\"160\" height=\"160\" src=\"http:\/\/www.gourmettes-fribourg.ch\/wp-content\/uploads\/2019\/10\/IMG_0518-160x160.jpg\" class=\"attachment-thumbnail size-thumbnail\" alt=\"\" loading=\"lazy\" srcset=\"http:\/\/www.gourmettes-fribourg.ch\/wp-content\/uploads\/2019\/10\/IMG_0518-160x160.jpg 160w, http:\/\/www.gourmettes-fribourg.ch\/wp-content\/uploads\/2019\/10\/IMG_0518-136x136.jpg 136w, http:\/\/www.gourmettes-fribourg.ch\/wp-content\/uploads\/2019\/10\/IMG_0518-100x100.jpg 100w\" sizes=\"(max-width: 160px) 100vw, 160px\" \/><\/a>\n\t\t\t<\/dt><\/dl><dl class='gallery-item'>\n\t\t\t<dt class='gallery-icon portrait'>\n\t\t\t\t<a href='http:\/\/www.gourmettes-fribourg.ch\/wp-content\/uploads\/2019\/10\/IMG_0520.jpg' title=\"\" data-rl_title=\"\" class=\"rl-gallery-link\" data-rl_caption=\"\" data-rel=\"lightbox-gallery-1\"><img width=\"160\" height=\"160\" src=\"http:\/\/www.gourmettes-fribourg.ch\/wp-content\/uploads\/2019\/10\/IMG_0520-160x160.jpg\" class=\"attachment-thumbnail size-thumbnail\" alt=\"\" loading=\"lazy\" srcset=\"http:\/\/www.gourmettes-fribourg.ch\/wp-content\/uploads\/2019\/10\/IMG_0520-160x160.jpg 160w, http:\/\/www.gourmettes-fribourg.ch\/wp-content\/uploads\/2019\/10\/IMG_0520-136x136.jpg 136w, http:\/\/www.gourmettes-fribourg.ch\/wp-content\/uploads\/2019\/10\/IMG_0520-100x100.jpg 100w\" sizes=\"(max-width: 160px) 100vw, 160px\" \/><\/a>\n\t\t\t<\/dt><\/dl><br style=\"clear: both\" \/><dl class='gallery-item'>\n\t\t\t<dt class='gallery-icon portrait'>\n\t\t\t\t<a href='http:\/\/www.gourmettes-fribourg.ch\/wp-content\/uploads\/2019\/10\/IMG_0524.jpg' title=\"\" data-rl_title=\"\" class=\"rl-gallery-link\" data-rl_caption=\"\" data-rel=\"lightbox-gallery-1\"><img width=\"160\" height=\"160\" src=\"http:\/\/www.gourmettes-fribourg.ch\/wp-content\/uploads\/2019\/10\/IMG_0524-160x160.jpg\" class=\"attachment-thumbnail size-thumbnail\" alt=\"\" loading=\"lazy\" srcset=\"http:\/\/www.gourmettes-fribourg.ch\/wp-content\/uploads\/2019\/10\/IMG_0524-160x160.jpg 160w, http:\/\/www.gourmettes-fribourg.ch\/wp-content\/uploads\/2019\/10\/IMG_0524-136x136.jpg 136w, http:\/\/www.gourmettes-fribourg.ch\/wp-content\/uploads\/2019\/10\/IMG_0524-100x100.jpg 100w\" sizes=\"(max-width: 160px) 100vw, 160px\" \/><\/a>\n\t\t\t<\/dt><\/dl><dl class='gallery-item'>\n\t\t\t<dt class='gallery-icon portrait'>\n\t\t\t\t<a href='http:\/\/www.gourmettes-fribourg.ch\/wp-content\/uploads\/2019\/10\/IMG_0523.jpg' title=\"\" data-rl_title=\"\" class=\"rl-gallery-link\" data-rl_caption=\"\" data-rel=\"lightbox-gallery-1\"><img width=\"160\" height=\"160\" src=\"http:\/\/www.gourmettes-fribourg.ch\/wp-content\/uploads\/2019\/10\/IMG_0523-160x160.jpg\" class=\"attachment-thumbnail size-thumbnail\" alt=\"\" loading=\"lazy\" srcset=\"http:\/\/www.gourmettes-fribourg.ch\/wp-content\/uploads\/2019\/10\/IMG_0523-160x160.jpg 160w, http:\/\/www.gourmettes-fribourg.ch\/wp-content\/uploads\/2019\/10\/IMG_0523-136x136.jpg 136w, http:\/\/www.gourmettes-fribourg.ch\/wp-content\/uploads\/2019\/10\/IMG_0523-100x100.jpg 100w\" sizes=\"(max-width: 160px) 100vw, 160px\" \/><\/a>\n\t\t\t<\/dt><\/dl><dl class='gallery-item'>\n\t\t\t<dt class='gallery-icon portrait'>\n\t\t\t\t<a href='http:\/\/www.gourmettes-fribourg.ch\/wp-content\/uploads\/2019\/10\/IMG_0525.jpg' title=\"\" data-rl_title=\"\" class=\"rl-gallery-link\" data-rl_caption=\"\" data-rel=\"lightbox-gallery-1\"><img width=\"160\" height=\"160\" src=\"http:\/\/www.gourmettes-fribourg.ch\/wp-content\/uploads\/2019\/10\/IMG_0525-160x160.jpg\" class=\"attachment-thumbnail size-thumbnail\" alt=\"\" loading=\"lazy\" srcset=\"http:\/\/www.gourmettes-fribourg.ch\/wp-content\/uploads\/2019\/10\/IMG_0525-160x160.jpg 160w, http:\/\/www.gourmettes-fribourg.ch\/wp-content\/uploads\/2019\/10\/IMG_0525-136x136.jpg 136w, http:\/\/www.gourmettes-fribourg.ch\/wp-content\/uploads\/2019\/10\/IMG_0525-100x100.jpg 100w\" sizes=\"(max-width: 160px) 100vw, 160px\" \/><\/a>\n\t\t\t<\/dt><\/dl><br style=\"clear: both\" \/><dl class='gallery-item'>\n\t\t\t<dt class='gallery-icon portrait'>\n\t\t\t\t<a href='http:\/\/www.gourmettes-fribourg.ch\/wp-content\/uploads\/2019\/10\/IMG_0526.jpg' title=\"\" data-rl_title=\"\" class=\"rl-gallery-link\" data-rl_caption=\"\" data-rel=\"lightbox-gallery-1\"><img width=\"160\" height=\"160\" src=\"http:\/\/www.gourmettes-fribourg.ch\/wp-content\/uploads\/2019\/10\/IMG_0526-160x160.jpg\" class=\"attachment-thumbnail size-thumbnail\" alt=\"\" loading=\"lazy\" srcset=\"http:\/\/www.gourmettes-fribourg.ch\/wp-content\/uploads\/2019\/10\/IMG_0526-160x160.jpg 160w, http:\/\/www.gourmettes-fribourg.ch\/wp-content\/uploads\/2019\/10\/IMG_0526-136x136.jpg 136w, http:\/\/www.gourmettes-fribourg.ch\/wp-content\/uploads\/2019\/10\/IMG_0526-100x100.jpg 100w\" sizes=\"(max-width: 160px) 100vw, 160px\" \/><\/a>\n\t\t\t<\/dt><\/dl><dl class='gallery-item'>\n\t\t\t<dt class='gallery-icon portrait'>\n\t\t\t\t<a href='http:\/\/www.gourmettes-fribourg.ch\/wp-content\/uploads\/2019\/10\/IMG_0527.jpg' title=\"\" data-rl_title=\"\" class=\"rl-gallery-link\" data-rl_caption=\"\" data-rel=\"lightbox-gallery-1\"><img width=\"160\" height=\"160\" src=\"http:\/\/www.gourmettes-fribourg.ch\/wp-content\/uploads\/2019\/10\/IMG_0527-160x160.jpg\" class=\"attachment-thumbnail size-thumbnail\" alt=\"\" loading=\"lazy\" srcset=\"http:\/\/www.gourmettes-fribourg.ch\/wp-content\/uploads\/2019\/10\/IMG_0527-160x160.jpg 160w, http:\/\/www.gourmettes-fribourg.ch\/wp-content\/uploads\/2019\/10\/IMG_0527-136x136.jpg 136w, http:\/\/www.gourmettes-fribourg.ch\/wp-content\/uploads\/2019\/10\/IMG_0527-100x100.jpg 100w\" sizes=\"(max-width: 160px) 100vw, 160px\" \/><\/a>\n\t\t\t<\/dt><\/dl><dl class='gallery-item'>\n\t\t\t<dt class='gallery-icon portrait'>\n\t\t\t\t<a href='http:\/\/www.gourmettes-fribourg.ch\/wp-content\/uploads\/2019\/10\/IMG_0530.jpg' title=\"\" data-rl_title=\"\" class=\"rl-gallery-link\" data-rl_caption=\"\" data-rel=\"lightbox-gallery-1\"><img width=\"160\" height=\"160\" src=\"http:\/\/www.gourmettes-fribourg.ch\/wp-content\/uploads\/2019\/10\/IMG_0530-160x160.jpg\" class=\"attachment-thumbnail size-thumbnail\" alt=\"\" loading=\"lazy\" srcset=\"http:\/\/www.gourmettes-fribourg.ch\/wp-content\/uploads\/2019\/10\/IMG_0530-160x160.jpg 160w, http:\/\/www.gourmettes-fribourg.ch\/wp-content\/uploads\/2019\/10\/IMG_0530-136x136.jpg 136w, http:\/\/www.gourmettes-fribourg.ch\/wp-content\/uploads\/2019\/10\/IMG_0530-100x100.jpg 100w\" sizes=\"(max-width: 160px) 100vw, 160px\" \/><\/a>\n\t\t\t<\/dt><\/dl><br style=\"clear: both\" \/><dl class='gallery-item'>\n\t\t\t<dt class='gallery-icon portrait'>\n\t\t\t\t<a href='http:\/\/www.gourmettes-fribourg.ch\/wp-content\/uploads\/2019\/10\/IMG_0531.jpg' title=\"\" data-rl_title=\"\" class=\"rl-gallery-link\" data-rl_caption=\"\" data-rel=\"lightbox-gallery-1\"><img width=\"160\" height=\"160\" src=\"http:\/\/www.gourmettes-fribourg.ch\/wp-content\/uploads\/2019\/10\/IMG_0531-160x160.jpg\" class=\"attachment-thumbnail size-thumbnail\" alt=\"\" loading=\"lazy\" srcset=\"http:\/\/www.gourmettes-fribourg.ch\/wp-content\/uploads\/2019\/10\/IMG_0531-160x160.jpg 160w, http:\/\/www.gourmettes-fribourg.ch\/wp-content\/uploads\/2019\/10\/IMG_0531-136x136.jpg 136w, http:\/\/www.gourmettes-fribourg.ch\/wp-content\/uploads\/2019\/10\/IMG_0531-100x100.jpg 100w\" sizes=\"(max-width: 160px) 100vw, 160px\" \/><\/a>\n\t\t\t<\/dt><\/dl><dl class='gallery-item'>\n\t\t\t<dt class='gallery-icon portrait'>\n\t\t\t\t<a href='http:\/\/www.gourmettes-fribourg.ch\/wp-content\/uploads\/2019\/10\/IMG_0743.jpg' title=\"\" data-rl_title=\"\" class=\"rl-gallery-link\" data-rl_caption=\"\" data-rel=\"lightbox-gallery-1\"><img width=\"160\" height=\"160\" src=\"http:\/\/www.gourmettes-fribourg.ch\/wp-content\/uploads\/2019\/10\/IMG_0743-160x160.jpg\" class=\"attachment-thumbnail size-thumbnail\" alt=\"\" loading=\"lazy\" srcset=\"http:\/\/www.gourmettes-fribourg.ch\/wp-content\/uploads\/2019\/10\/IMG_0743-160x160.jpg 160w, http:\/\/www.gourmettes-fribourg.ch\/wp-content\/uploads\/2019\/10\/IMG_0743-136x136.jpg 136w, http:\/\/www.gourmettes-fribourg.ch\/wp-content\/uploads\/2019\/10\/IMG_0743-100x100.jpg 100w\" sizes=\"(max-width: 160px) 100vw, 160px\" \/><\/a>\n\t\t\t<\/dt><\/dl><dl class='gallery-item'>\n\t\t\t<dt class='gallery-icon portrait'>\n\t\t\t\t<a href='http:\/\/www.gourmettes-fribourg.ch\/wp-content\/uploads\/2019\/10\/IMG_0744.jpg' title=\"\" data-rl_title=\"\" class=\"rl-gallery-link\" data-rl_caption=\"\" data-rel=\"lightbox-gallery-1\"><img width=\"160\" height=\"160\" src=\"http:\/\/www.gourmettes-fribourg.ch\/wp-content\/uploads\/2019\/10\/IMG_0744-160x160.jpg\" class=\"attachment-thumbnail size-thumbnail\" alt=\"\" loading=\"lazy\" srcset=\"http:\/\/www.gourmettes-fribourg.ch\/wp-content\/uploads\/2019\/10\/IMG_0744-160x160.jpg 160w, http:\/\/www.gourmettes-fribourg.ch\/wp-content\/uploads\/2019\/10\/IMG_0744-136x136.jpg 136w, http:\/\/www.gourmettes-fribourg.ch\/wp-content\/uploads\/2019\/10\/IMG_0744-100x100.jpg 100w\" sizes=\"(max-width: 160px) 100vw, 160px\" \/><\/a>\n\t\t\t<\/dt><\/dl><br style=\"clear: both\" \/><dl class='gallery-item'>\n\t\t\t<dt class='gallery-icon portrait'>\n\t\t\t\t<a href='http:\/\/www.gourmettes-fribourg.ch\/wp-content\/uploads\/2019\/10\/IMG_0745.jpg' title=\"\" data-rl_title=\"\" class=\"rl-gallery-link\" data-rl_caption=\"\" data-rel=\"lightbox-gallery-1\"><img width=\"160\" height=\"160\" src=\"http:\/\/www.gourmettes-fribourg.ch\/wp-content\/uploads\/2019\/10\/IMG_0745-160x160.jpg\" class=\"attachment-thumbnail size-thumbnail\" alt=\"\" loading=\"lazy\" srcset=\"http:\/\/www.gourmettes-fribourg.ch\/wp-content\/uploads\/2019\/10\/IMG_0745-160x160.jpg 160w, http:\/\/www.gourmettes-fribourg.ch\/wp-content\/uploads\/2019\/10\/IMG_0745-136x136.jpg 136w, http:\/\/www.gourmettes-fribourg.ch\/wp-content\/uploads\/2019\/10\/IMG_0745-100x100.jpg 100w\" sizes=\"(max-width: 160px) 100vw, 160px\" \/><\/a>\n\t\t\t<\/dt><\/dl><dl class='gallery-item'>\n\t\t\t<dt class='gallery-icon portrait'>\n\t\t\t\t<a href='http:\/\/www.gourmettes-fribourg.ch\/wp-content\/uploads\/2019\/10\/IMG_0747.jpg' title=\"\" data-rl_title=\"\" class=\"rl-gallery-link\" data-rl_caption=\"\" data-rel=\"lightbox-gallery-1\"><img width=\"160\" height=\"160\" src=\"http:\/\/www.gourmettes-fribourg.ch\/wp-content\/uploads\/2019\/10\/IMG_0747-160x160.jpg\" class=\"attachment-thumbnail size-thumbnail\" alt=\"\" loading=\"lazy\" srcset=\"http:\/\/www.gourmettes-fribourg.ch\/wp-content\/uploads\/2019\/10\/IMG_0747-160x160.jpg 160w, http:\/\/www.gourmettes-fribourg.ch\/wp-content\/uploads\/2019\/10\/IMG_0747-136x136.jpg 136w, http:\/\/www.gourmettes-fribourg.ch\/wp-content\/uploads\/2019\/10\/IMG_0747-100x100.jpg 100w\" sizes=\"(max-width: 160px) 100vw, 160px\" \/><\/a>\n\t\t\t<\/dt><\/dl><dl class='gallery-item'>\n\t\t\t<dt class='gallery-icon portrait'>\n\t\t\t\t<a href='http:\/\/www.gourmettes-fribourg.ch\/wp-content\/uploads\/2019\/10\/IMG_0748.jpg' title=\"\" data-rl_title=\"\" class=\"rl-gallery-link\" data-rl_caption=\"\" data-rel=\"lightbox-gallery-1\"><img width=\"160\" height=\"160\" src=\"http:\/\/www.gourmettes-fribourg.ch\/wp-content\/uploads\/2019\/10\/IMG_0748-160x160.jpg\" class=\"attachment-thumbnail size-thumbnail\" alt=\"\" loading=\"lazy\" srcset=\"http:\/\/www.gourmettes-fribourg.ch\/wp-content\/uploads\/2019\/10\/IMG_0748-160x160.jpg 160w, http:\/\/www.gourmettes-fribourg.ch\/wp-content\/uploads\/2019\/10\/IMG_0748-136x136.jpg 136w, http:\/\/www.gourmettes-fribourg.ch\/wp-content\/uploads\/2019\/10\/IMG_0748-100x100.jpg 100w\" sizes=\"(max-width: 160px) 100vw, 160px\" \/><\/a>\n\t\t\t<\/dt><\/dl><br style=\"clear: both\" \/><dl class='gallery-item'>\n\t\t\t<dt class='gallery-icon portrait'>\n\t\t\t\t<a href='http:\/\/www.gourmettes-fribourg.ch\/wp-content\/uploads\/2019\/10\/IMG_0749.jpg' title=\"\" data-rl_title=\"\" class=\"rl-gallery-link\" data-rl_caption=\"\" data-rel=\"lightbox-gallery-1\"><img width=\"160\" height=\"160\" src=\"http:\/\/www.gourmettes-fribourg.ch\/wp-content\/uploads\/2019\/10\/IMG_0749-160x160.jpg\" class=\"attachment-thumbnail size-thumbnail\" alt=\"\" loading=\"lazy\" srcset=\"http:\/\/www.gourmettes-fribourg.ch\/wp-content\/uploads\/2019\/10\/IMG_0749-160x160.jpg 160w, http:\/\/www.gourmettes-fribourg.ch\/wp-content\/uploads\/2019\/10\/IMG_0749-136x136.jpg 136w, http:\/\/www.gourmettes-fribourg.ch\/wp-content\/uploads\/2019\/10\/IMG_0749-100x100.jpg 100w\" sizes=\"(max-width: 160px) 100vw, 160px\" \/><\/a>\n\t\t\t<\/dt><\/dl><dl class='gallery-item'>\n\t\t\t<dt class='gallery-icon portrait'>\n\t\t\t\t<a href='http:\/\/www.gourmettes-fribourg.ch\/wp-content\/uploads\/2019\/10\/IMG_0544.jpg' title=\"\" data-rl_title=\"\" class=\"rl-gallery-link\" data-rl_caption=\"\" data-rel=\"lightbox-gallery-1\"><img width=\"160\" height=\"160\" src=\"http:\/\/www.gourmettes-fribourg.ch\/wp-content\/uploads\/2019\/10\/IMG_0544-160x160.jpg\" class=\"attachment-thumbnail size-thumbnail\" alt=\"\" loading=\"lazy\" srcset=\"http:\/\/www.gourmettes-fribourg.ch\/wp-content\/uploads\/2019\/10\/IMG_0544-160x160.jpg 160w, http:\/\/www.gourmettes-fribourg.ch\/wp-content\/uploads\/2019\/10\/IMG_0544-136x136.jpg 136w, http:\/\/www.gourmettes-fribourg.ch\/wp-content\/uploads\/2019\/10\/IMG_0544-100x100.jpg 100w\" sizes=\"(max-width: 160px) 100vw, 160px\" \/><\/a>\n\t\t\t<\/dt><\/dl><dl class='gallery-item'>\n\t\t\t<dt class='gallery-icon portrait'>\n\t\t\t\t<a href='http:\/\/www.gourmettes-fribourg.ch\/wp-content\/uploads\/2019\/10\/9e848e71-701d-4c47-99ee-49d33aedbde8.jpg' title=\"\" data-rl_title=\"\" class=\"rl-gallery-link\" data-rl_caption=\"\" data-rel=\"lightbox-gallery-1\"><img width=\"160\" height=\"160\" src=\"http:\/\/www.gourmettes-fribourg.ch\/wp-content\/uploads\/2019\/10\/9e848e71-701d-4c47-99ee-49d33aedbde8-160x160.jpg\" class=\"attachment-thumbnail size-thumbnail\" alt=\"\" loading=\"lazy\" srcset=\"http:\/\/www.gourmettes-fribourg.ch\/wp-content\/uploads\/2019\/10\/9e848e71-701d-4c47-99ee-49d33aedbde8-160x160.jpg 160w, http:\/\/www.gourmettes-fribourg.ch\/wp-content\/uploads\/2019\/10\/9e848e71-701d-4c47-99ee-49d33aedbde8-136x136.jpg 136w, http:\/\/www.gourmettes-fribourg.ch\/wp-content\/uploads\/2019\/10\/9e848e71-701d-4c47-99ee-49d33aedbde8-100x100.jpg 100w\" sizes=\"(max-width: 160px) 100vw, 160px\" \/><\/a>\n\t\t\t<\/dt><\/dl><br style=\"clear: both\" \/><dl class='gallery-item'>\n\t\t\t<dt class='gallery-icon portrait'>\n\t\t\t\t<a href='http:\/\/www.gourmettes-fribourg.ch\/wp-content\/uploads\/2019\/10\/5710cf38-ff40-417e-8122-61ce4fc2ec45.jpg' title=\"\" data-rl_title=\"\" class=\"rl-gallery-link\" data-rl_caption=\"\" data-rel=\"lightbox-gallery-1\"><img width=\"160\" height=\"160\" src=\"http:\/\/www.gourmettes-fribourg.ch\/wp-content\/uploads\/2019\/10\/5710cf38-ff40-417e-8122-61ce4fc2ec45-160x160.jpg\" class=\"attachment-thumbnail size-thumbnail\" alt=\"\" loading=\"lazy\" srcset=\"http:\/\/www.gourmettes-fribourg.ch\/wp-content\/uploads\/2019\/10\/5710cf38-ff40-417e-8122-61ce4fc2ec45-160x160.jpg 160w, http:\/\/www.gourmettes-fribourg.ch\/wp-content\/uploads\/2019\/10\/5710cf38-ff40-417e-8122-61ce4fc2ec45-136x136.jpg 136w, http:\/\/www.gourmettes-fribourg.ch\/wp-content\/uploads\/2019\/10\/5710cf38-ff40-417e-8122-61ce4fc2ec45-100x100.jpg 100w\" sizes=\"(max-width: 160px) 100vw, 160px\" \/><\/a>\n\t\t\t<\/dt><\/dl><dl class='gallery-item'>\n\t\t\t<dt class='gallery-icon portrait'>\n\t\t\t\t<a href='http:\/\/www.gourmettes-fribourg.ch\/wp-content\/uploads\/2019\/10\/95031e2c-4525-432c-8b5f-d8270de354e7.jpg' title=\"\" data-rl_title=\"\" class=\"rl-gallery-link\" data-rl_caption=\"\" data-rel=\"lightbox-gallery-1\"><img width=\"160\" height=\"160\" src=\"http:\/\/www.gourmettes-fribourg.ch\/wp-content\/uploads\/2019\/10\/95031e2c-4525-432c-8b5f-d8270de354e7-160x160.jpg\" class=\"attachment-thumbnail size-thumbnail\" alt=\"\" loading=\"lazy\" srcset=\"http:\/\/www.gourmettes-fribourg.ch\/wp-content\/uploads\/2019\/10\/95031e2c-4525-432c-8b5f-d8270de354e7-160x160.jpg 160w, http:\/\/www.gourmettes-fribourg.ch\/wp-content\/uploads\/2019\/10\/95031e2c-4525-432c-8b5f-d8270de354e7-136x136.jpg 136w, http:\/\/www.gourmettes-fribourg.ch\/wp-content\/uploads\/2019\/10\/95031e2c-4525-432c-8b5f-d8270de354e7-100x100.jpg 100w\" sizes=\"(max-width: 160px) 100vw, 160px\" \/><\/a>\n\t\t\t<\/dt><\/dl><dl class='gallery-item'>\n\t\t\t<dt class='gallery-icon portrait'>\n\t\t\t\t<a href='http:\/\/www.gourmettes-fribourg.ch\/wp-content\/uploads\/2019\/10\/bf530afb-1c01-42b1-8820-c85eb146d397.jpg' title=\"\" data-rl_title=\"\" class=\"rl-gallery-link\" data-rl_caption=\"\" data-rel=\"lightbox-gallery-1\"><img width=\"160\" height=\"160\" src=\"http:\/\/www.gourmettes-fribourg.ch\/wp-content\/uploads\/2019\/10\/bf530afb-1c01-42b1-8820-c85eb146d397-160x160.jpg\" class=\"attachment-thumbnail size-thumbnail\" alt=\"\" loading=\"lazy\" srcset=\"http:\/\/www.gourmettes-fribourg.ch\/wp-content\/uploads\/2019\/10\/bf530afb-1c01-42b1-8820-c85eb146d397-160x160.jpg 160w, http:\/\/www.gourmettes-fribourg.ch\/wp-content\/uploads\/2019\/10\/bf530afb-1c01-42b1-8820-c85eb146d397-136x136.jpg 136w, http:\/\/www.gourmettes-fribourg.ch\/wp-content\/uploads\/2019\/10\/bf530afb-1c01-42b1-8820-c85eb146d397-100x100.jpg 100w\" sizes=\"(max-width: 160px) 100vw, 160px\" \/><\/a>\n\t\t\t<\/dt><\/dl><br style=\"clear: both\" \/><dl class='gallery-item'>\n\t\t\t<dt class='gallery-icon portrait'>\n\t\t\t\t<a href='http:\/\/www.gourmettes-fribourg.ch\/wp-content\/uploads\/2019\/10\/IMG_0566.jpg' title=\"\" data-rl_title=\"\" class=\"rl-gallery-link\" data-rl_caption=\"\" data-rel=\"lightbox-gallery-1\"><img width=\"160\" height=\"160\" src=\"http:\/\/www.gourmettes-fribourg.ch\/wp-content\/uploads\/2019\/10\/IMG_0566-160x160.jpg\" class=\"attachment-thumbnail size-thumbnail\" alt=\"\" loading=\"lazy\" srcset=\"http:\/\/www.gourmettes-fribourg.ch\/wp-content\/uploads\/2019\/10\/IMG_0566-160x160.jpg 160w, http:\/\/www.gourmettes-fribourg.ch\/wp-content\/uploads\/2019\/10\/IMG_0566-136x136.jpg 136w, http:\/\/www.gourmettes-fribourg.ch\/wp-content\/uploads\/2019\/10\/IMG_0566-100x100.jpg 100w\" sizes=\"(max-width: 160px) 100vw, 160px\" \/><\/a>\n\t\t\t<\/dt><\/dl><dl class='gallery-item'>\n\t\t\t<dt class='gallery-icon portrait'>\n\t\t\t\t<a href='http:\/\/www.gourmettes-fribourg.ch\/wp-content\/uploads\/2019\/10\/60af754a-db89-4a05-8942-1ed6089b6f6a.jpg' title=\"\" data-rl_title=\"\" class=\"rl-gallery-link\" data-rl_caption=\"\" data-rel=\"lightbox-gallery-1\"><img width=\"160\" height=\"160\" src=\"http:\/\/www.gourmettes-fribourg.ch\/wp-content\/uploads\/2019\/10\/60af754a-db89-4a05-8942-1ed6089b6f6a-160x160.jpg\" class=\"attachment-thumbnail size-thumbnail\" alt=\"\" loading=\"lazy\" srcset=\"http:\/\/www.gourmettes-fribourg.ch\/wp-content\/uploads\/2019\/10\/60af754a-db89-4a05-8942-1ed6089b6f6a-160x160.jpg 160w, http:\/\/www.gourmettes-fribourg.ch\/wp-content\/uploads\/2019\/10\/60af754a-db89-4a05-8942-1ed6089b6f6a-136x136.jpg 136w, http:\/\/www.gourmettes-fribourg.ch\/wp-content\/uploads\/2019\/10\/60af754a-db89-4a05-8942-1ed6089b6f6a-100x100.jpg 100w\" sizes=\"(max-width: 160px) 100vw, 160px\" \/><\/a>\n\t\t\t<\/dt><\/dl><dl class='gallery-item'>\n\t\t\t<dt class='gallery-icon portrait'>\n\t\t\t\t<a href='http:\/\/www.gourmettes-fribourg.ch\/wp-content\/uploads\/2019\/10\/IMG_0562.jpg' title=\"\" data-rl_title=\"\" class=\"rl-gallery-link\" data-rl_caption=\"\" data-rel=\"lightbox-gallery-1\"><img width=\"160\" height=\"160\" src=\"http:\/\/www.gourmettes-fribourg.ch\/wp-content\/uploads\/2019\/10\/IMG_0562-160x160.jpg\" class=\"attachment-thumbnail size-thumbnail\" alt=\"\" loading=\"lazy\" srcset=\"http:\/\/www.gourmettes-fribourg.ch\/wp-content\/uploads\/2019\/10\/IMG_0562-160x160.jpg 160w, http:\/\/www.gourmettes-fribourg.ch\/wp-content\/uploads\/2019\/10\/IMG_0562-136x136.jpg 136w, http:\/\/www.gourmettes-fribourg.ch\/wp-content\/uploads\/2019\/10\/IMG_0562-100x100.jpg 100w\" sizes=\"(max-width: 160px) 100vw, 160px\" \/><\/a>\n\t\t\t<\/dt><\/dl><br style=\"clear: both\" \/><dl class='gallery-item'>\n\t\t\t<dt class='gallery-icon portrait'>\n\t\t\t\t<a href='http:\/\/www.gourmettes-fribourg.ch\/wp-content\/uploads\/2019\/10\/IMG_0563.jpg' title=\"\" data-rl_title=\"\" class=\"rl-gallery-link\" data-rl_caption=\"\" data-rel=\"lightbox-gallery-1\"><img width=\"160\" height=\"160\" src=\"http:\/\/www.gourmettes-fribourg.ch\/wp-content\/uploads\/2019\/10\/IMG_0563-160x160.jpg\" class=\"attachment-thumbnail size-thumbnail\" alt=\"\" loading=\"lazy\" srcset=\"http:\/\/www.gourmettes-fribourg.ch\/wp-content\/uploads\/2019\/10\/IMG_0563-160x160.jpg 160w, http:\/\/www.gourmettes-fribourg.ch\/wp-content\/uploads\/2019\/10\/IMG_0563-136x136.jpg 136w, http:\/\/www.gourmettes-fribourg.ch\/wp-content\/uploads\/2019\/10\/IMG_0563-100x100.jpg 100w\" sizes=\"(max-width: 160px) 100vw, 160px\" \/><\/a>\n\t\t\t<\/dt><\/dl><dl class='gallery-item'>\n\t\t\t<dt class='gallery-icon portrait'>\n\t\t\t\t<a href='http:\/\/www.gourmettes-fribourg.ch\/wp-content\/uploads\/2019\/10\/IMG_0561.jpg' title=\"\" data-rl_title=\"\" class=\"rl-gallery-link\" data-rl_caption=\"\" data-rel=\"lightbox-gallery-1\"><img width=\"160\" height=\"160\" src=\"http:\/\/www.gourmettes-fribourg.ch\/wp-content\/uploads\/2019\/10\/IMG_0561-160x160.jpg\" class=\"attachment-thumbnail size-thumbnail\" alt=\"\" loading=\"lazy\" srcset=\"http:\/\/www.gourmettes-fribourg.ch\/wp-content\/uploads\/2019\/10\/IMG_0561-160x160.jpg 160w, http:\/\/www.gourmettes-fribourg.ch\/wp-content\/uploads\/2019\/10\/IMG_0561-136x136.jpg 136w, http:\/\/www.gourmettes-fribourg.ch\/wp-content\/uploads\/2019\/10\/IMG_0561-100x100.jpg 100w\" sizes=\"(max-width: 160px) 100vw, 160px\" \/><\/a>\n\t\t\t<\/dt><\/dl><dl class='gallery-item'>\n\t\t\t<dt class='gallery-icon portrait'>\n\t\t\t\t<a href='http:\/\/www.gourmettes-fribourg.ch\/wp-content\/uploads\/2019\/10\/IMG_0570.jpg' title=\"\" data-rl_title=\"\" class=\"rl-gallery-link\" data-rl_caption=\"\" data-rel=\"lightbox-gallery-1\"><img width=\"160\" height=\"160\" src=\"http:\/\/www.gourmettes-fribourg.ch\/wp-content\/uploads\/2019\/10\/IMG_0570-160x160.jpg\" class=\"attachment-thumbnail size-thumbnail\" alt=\"\" loading=\"lazy\" srcset=\"http:\/\/www.gourmettes-fribourg.ch\/wp-content\/uploads\/2019\/10\/IMG_0570-160x160.jpg 160w, http:\/\/www.gourmettes-fribourg.ch\/wp-content\/uploads\/2019\/10\/IMG_0570-136x136.jpg 136w, http:\/\/www.gourmettes-fribourg.ch\/wp-content\/uploads\/2019\/10\/IMG_0570-100x100.jpg 100w\" sizes=\"(max-width: 160px) 100vw, 160px\" \/><\/a>\n\t\t\t<\/dt><\/dl><br style=\"clear: both\" \/><dl class='gallery-item'>\n\t\t\t<dt class='gallery-icon portrait'>\n\t\t\t\t<a href='http:\/\/www.gourmettes-fribourg.ch\/wp-content\/uploads\/2019\/10\/IMG_0571.jpg' title=\"\" data-rl_title=\"\" class=\"rl-gallery-link\" data-rl_caption=\"\" data-rel=\"lightbox-gallery-1\"><img width=\"160\" height=\"160\" src=\"http:\/\/www.gourmettes-fribourg.ch\/wp-content\/uploads\/2019\/10\/IMG_0571-160x160.jpg\" class=\"attachment-thumbnail size-thumbnail\" alt=\"\" loading=\"lazy\" srcset=\"http:\/\/www.gourmettes-fribourg.ch\/wp-content\/uploads\/2019\/10\/IMG_0571-160x160.jpg 160w, http:\/\/www.gourmettes-fribourg.ch\/wp-content\/uploads\/2019\/10\/IMG_0571-136x136.jpg 136w, http:\/\/www.gourmettes-fribourg.ch\/wp-content\/uploads\/2019\/10\/IMG_0571-100x100.jpg 100w\" sizes=\"(max-width: 160px) 100vw, 160px\" \/><\/a>\n\t\t\t<\/dt><\/dl><dl class='gallery-item'>\n\t\t\t<dt class='gallery-icon portrait'>\n\t\t\t\t<a href='http:\/\/www.gourmettes-fribourg.ch\/wp-content\/uploads\/2019\/10\/IMG_0572.jpg' title=\"\" data-rl_title=\"\" class=\"rl-gallery-link\" data-rl_caption=\"\" data-rel=\"lightbox-gallery-1\"><img width=\"160\" height=\"160\" src=\"http:\/\/www.gourmettes-fribourg.ch\/wp-content\/uploads\/2019\/10\/IMG_0572-160x160.jpg\" class=\"attachment-thumbnail size-thumbnail\" alt=\"\" loading=\"lazy\" srcset=\"http:\/\/www.gourmettes-fribourg.ch\/wp-content\/uploads\/2019\/10\/IMG_0572-160x160.jpg 160w, http:\/\/www.gourmettes-fribourg.ch\/wp-content\/uploads\/2019\/10\/IMG_0572-136x136.jpg 136w, http:\/\/www.gourmettes-fribourg.ch\/wp-content\/uploads\/2019\/10\/IMG_0572-100x100.jpg 100w\" sizes=\"(max-width: 160px) 100vw, 160px\" \/><\/a>\n\t\t\t<\/dt><\/dl><dl class='gallery-item'>\n\t\t\t<dt class='gallery-icon portrait'>\n\t\t\t\t<a href='http:\/\/www.gourmettes-fribourg.ch\/wp-content\/uploads\/2019\/10\/IMG_0573.jpg' title=\"\" data-rl_title=\"\" class=\"rl-gallery-link\" data-rl_caption=\"\" data-rel=\"lightbox-gallery-1\"><img width=\"160\" height=\"160\" src=\"http:\/\/www.gourmettes-fribourg.ch\/wp-content\/uploads\/2019\/10\/IMG_0573-160x160.jpg\" class=\"attachment-thumbnail size-thumbnail\" alt=\"\" loading=\"lazy\" srcset=\"http:\/\/www.gourmettes-fribourg.ch\/wp-content\/uploads\/2019\/10\/IMG_0573-160x160.jpg 160w, http:\/\/www.gourmettes-fribourg.ch\/wp-content\/uploads\/2019\/10\/IMG_0573-136x136.jpg 136w, http:\/\/www.gourmettes-fribourg.ch\/wp-content\/uploads\/2019\/10\/IMG_0573-100x100.jpg 100w\" sizes=\"(max-width: 160px) 100vw, 160px\" \/><\/a>\n\t\t\t<\/dt><\/dl><br style=\"clear: both\" \/><dl class='gallery-item'>\n\t\t\t<dt class='gallery-icon portrait'>\n\t\t\t\t<a href='http:\/\/www.gourmettes-fribourg.ch\/wp-content\/uploads\/2019\/10\/IMG_0574.jpg' title=\"\" data-rl_title=\"\" class=\"rl-gallery-link\" data-rl_caption=\"\" data-rel=\"lightbox-gallery-1\"><img width=\"160\" height=\"160\" src=\"http:\/\/www.gourmettes-fribourg.ch\/wp-content\/uploads\/2019\/10\/IMG_0574-160x160.jpg\" class=\"attachment-thumbnail size-thumbnail\" alt=\"\" loading=\"lazy\" srcset=\"http:\/\/www.gourmettes-fribourg.ch\/wp-content\/uploads\/2019\/10\/IMG_0574-160x160.jpg 160w, http:\/\/www.gourmettes-fribourg.ch\/wp-content\/uploads\/2019\/10\/IMG_0574-136x136.jpg 136w, http:\/\/www.gourmettes-fribourg.ch\/wp-content\/uploads\/2019\/10\/IMG_0574-100x100.jpg 100w\" sizes=\"(max-width: 160px) 100vw, 160px\" \/><\/a>\n\t\t\t<\/dt><\/dl><dl class='gallery-item'>\n\t\t\t<dt class='gallery-icon portrait'>\n\t\t\t\t<a href='http:\/\/www.gourmettes-fribourg.ch\/wp-content\/uploads\/2019\/10\/IMG_0576.jpg' title=\"\" data-rl_title=\"\" class=\"rl-gallery-link\" data-rl_caption=\"\" data-rel=\"lightbox-gallery-1\"><img width=\"160\" height=\"160\" src=\"http:\/\/www.gourmettes-fribourg.ch\/wp-content\/uploads\/2019\/10\/IMG_0576-160x160.jpg\" class=\"attachment-thumbnail size-thumbnail\" alt=\"\" loading=\"lazy\" srcset=\"http:\/\/www.gourmettes-fribourg.ch\/wp-content\/uploads\/2019\/10\/IMG_0576-160x160.jpg 160w, http:\/\/www.gourmettes-fribourg.ch\/wp-content\/uploads\/2019\/10\/IMG_0576-136x136.jpg 136w, http:\/\/www.gourmettes-fribourg.ch\/wp-content\/uploads\/2019\/10\/IMG_0576-100x100.jpg 100w\" sizes=\"(max-width: 160px) 100vw, 160px\" \/><\/a>\n\t\t\t<\/dt><\/dl><dl class='gallery-item'>\n\t\t\t<dt class='gallery-icon portrait'>\n\t\t\t\t<a href='http:\/\/www.gourmettes-fribourg.ch\/wp-content\/uploads\/2019\/10\/IMG_0578.jpg' title=\"\" data-rl_title=\"\" class=\"rl-gallery-link\" data-rl_caption=\"\" data-rel=\"lightbox-gallery-1\"><img width=\"160\" height=\"160\" src=\"http:\/\/www.gourmettes-fribourg.ch\/wp-content\/uploads\/2019\/10\/IMG_0578-160x160.jpg\" class=\"attachment-thumbnail size-thumbnail\" alt=\"\" loading=\"lazy\" srcset=\"http:\/\/www.gourmettes-fribourg.ch\/wp-content\/uploads\/2019\/10\/IMG_0578-160x160.jpg 160w, http:\/\/www.gourmettes-fribourg.ch\/wp-content\/uploads\/2019\/10\/IMG_0578-136x136.jpg 136w, http:\/\/www.gourmettes-fribourg.ch\/wp-content\/uploads\/2019\/10\/IMG_0578-100x100.jpg 100w\" sizes=\"(max-width: 160px) 100vw, 160px\" \/><\/a>\n\t\t\t<\/dt><\/dl><br style=\"clear: both\" \/><dl class='gallery-item'>\n\t\t\t<dt class='gallery-icon portrait'>\n\t\t\t\t<a href='http:\/\/www.gourmettes-fribourg.ch\/wp-content\/uploads\/2019\/10\/2b389256-ae57-4188-9279-32bce577dd47.jpg' title=\"\" data-rl_title=\"\" class=\"rl-gallery-link\" data-rl_caption=\"\" data-rel=\"lightbox-gallery-1\"><img width=\"160\" height=\"160\" src=\"http:\/\/www.gourmettes-fribourg.ch\/wp-content\/uploads\/2019\/10\/2b389256-ae57-4188-9279-32bce577dd47-160x160.jpg\" class=\"attachment-thumbnail size-thumbnail\" alt=\"\" loading=\"lazy\" srcset=\"http:\/\/www.gourmettes-fribourg.ch\/wp-content\/uploads\/2019\/10\/2b389256-ae57-4188-9279-32bce577dd47-160x160.jpg 160w, http:\/\/www.gourmettes-fribourg.ch\/wp-content\/uploads\/2019\/10\/2b389256-ae57-4188-9279-32bce577dd47-136x136.jpg 136w, http:\/\/www.gourmettes-fribourg.ch\/wp-content\/uploads\/2019\/10\/2b389256-ae57-4188-9279-32bce577dd47-100x100.jpg 100w\" sizes=\"(max-width: 160px) 100vw, 160px\" \/><\/a>\n\t\t\t<\/dt><\/dl><dl class='gallery-item'>\n\t\t\t<dt class='gallery-icon portrait'>\n\t\t\t\t<a href='http:\/\/www.gourmettes-fribourg.ch\/wp-content\/uploads\/2019\/10\/0e10ac73-b639-49a9-8c48-908919e8e3bf.jpg' title=\"\" data-rl_title=\"\" class=\"rl-gallery-link\" data-rl_caption=\"\" data-rel=\"lightbox-gallery-1\"><img width=\"160\" height=\"160\" src=\"http:\/\/www.gourmettes-fribourg.ch\/wp-content\/uploads\/2019\/10\/0e10ac73-b639-49a9-8c48-908919e8e3bf-160x160.jpg\" class=\"attachment-thumbnail size-thumbnail\" alt=\"\" loading=\"lazy\" srcset=\"http:\/\/www.gourmettes-fribourg.ch\/wp-content\/uploads\/2019\/10\/0e10ac73-b639-49a9-8c48-908919e8e3bf-160x160.jpg 160w, http:\/\/www.gourmettes-fribourg.ch\/wp-content\/uploads\/2019\/10\/0e10ac73-b639-49a9-8c48-908919e8e3bf-136x136.jpg 136w, http:\/\/www.gourmettes-fribourg.ch\/wp-content\/uploads\/2019\/10\/0e10ac73-b639-49a9-8c48-908919e8e3bf-100x100.jpg 100w\" sizes=\"(max-width: 160px) 100vw, 160px\" \/><\/a>\n\t\t\t<\/dt><\/dl><dl class='gallery-item'>\n\t\t\t<dt class='gallery-icon portrait'>\n\t\t\t\t<a href='http:\/\/www.gourmettes-fribourg.ch\/wp-content\/uploads\/2019\/10\/IMG_0579.jpg' title=\"\" data-rl_title=\"\" class=\"rl-gallery-link\" data-rl_caption=\"\" data-rel=\"lightbox-gallery-1\"><img width=\"160\" height=\"160\" src=\"http:\/\/www.gourmettes-fribourg.ch\/wp-content\/uploads\/2019\/10\/IMG_0579-160x160.jpg\" class=\"attachment-thumbnail size-thumbnail\" alt=\"\" loading=\"lazy\" srcset=\"http:\/\/www.gourmettes-fribourg.ch\/wp-content\/uploads\/2019\/10\/IMG_0579-160x160.jpg 160w, http:\/\/www.gourmettes-fribourg.ch\/wp-content\/uploads\/2019\/10\/IMG_0579-136x136.jpg 136w, http:\/\/www.gourmettes-fribourg.ch\/wp-content\/uploads\/2019\/10\/IMG_0579-100x100.jpg 100w\" sizes=\"(max-width: 160px) 100vw, 160px\" \/><\/a>\n\t\t\t<\/dt><\/dl><br style=\"clear: both\" \/><dl class='gallery-item'>\n\t\t\t<dt class='gallery-icon portrait'>\n\t\t\t\t<a href='http:\/\/www.gourmettes-fribourg.ch\/wp-content\/uploads\/2019\/10\/IMG_0581.jpg' title=\"\" data-rl_title=\"\" class=\"rl-gallery-link\" data-rl_caption=\"\" data-rel=\"lightbox-gallery-1\"><img width=\"160\" height=\"160\" src=\"http:\/\/www.gourmettes-fribourg.ch\/wp-content\/uploads\/2019\/10\/IMG_0581-160x160.jpg\" class=\"attachment-thumbnail size-thumbnail\" alt=\"\" loading=\"lazy\" srcset=\"http:\/\/www.gourmettes-fribourg.ch\/wp-content\/uploads\/2019\/10\/IMG_0581-160x160.jpg 160w, http:\/\/www.gourmettes-fribourg.ch\/wp-content\/uploads\/2019\/10\/IMG_0581-136x136.jpg 136w, http:\/\/www.gourmettes-fribourg.ch\/wp-content\/uploads\/2019\/10\/IMG_0581-100x100.jpg 100w\" sizes=\"(max-width: 160px) 100vw, 160px\" \/><\/a>\n\t\t\t<\/dt><\/dl><dl class='gallery-item'>\n\t\t\t<dt class='gallery-icon portrait'>\n\t\t\t\t<a href='http:\/\/www.gourmettes-fribourg.ch\/wp-content\/uploads\/2019\/10\/IMG_0582.jpg' title=\"\" data-rl_title=\"\" class=\"rl-gallery-link\" data-rl_caption=\"\" data-rel=\"lightbox-gallery-1\"><img width=\"160\" height=\"160\" src=\"http:\/\/www.gourmettes-fribourg.ch\/wp-content\/uploads\/2019\/10\/IMG_0582-160x160.jpg\" class=\"attachment-thumbnail size-thumbnail\" alt=\"\" loading=\"lazy\" srcset=\"http:\/\/www.gourmettes-fribourg.ch\/wp-content\/uploads\/2019\/10\/IMG_0582-160x160.jpg 160w, http:\/\/www.gourmettes-fribourg.ch\/wp-content\/uploads\/2019\/10\/IMG_0582-136x136.jpg 136w, http:\/\/www.gourmettes-fribourg.ch\/wp-content\/uploads\/2019\/10\/IMG_0582-100x100.jpg 100w\" sizes=\"(max-width: 160px) 100vw, 160px\" \/><\/a>\n\t\t\t<\/dt><\/dl><dl class='gallery-item'>\n\t\t\t<dt class='gallery-icon landscape'>\n\t\t\t\t<a href='http:\/\/www.gourmettes-fribourg.ch\/wp-content\/uploads\/2019\/10\/IMG_0586.jpg' title=\"\" data-rl_title=\"\" class=\"rl-gallery-link\" data-rl_caption=\"\" data-rel=\"lightbox-gallery-1\"><img width=\"160\" height=\"160\" src=\"http:\/\/www.gourmettes-fribourg.ch\/wp-content\/uploads\/2019\/10\/IMG_0586-160x160.jpg\" class=\"attachment-thumbnail size-thumbnail\" alt=\"\" loading=\"lazy\" srcset=\"http:\/\/www.gourmettes-fribourg.ch\/wp-content\/uploads\/2019\/10\/IMG_0586-160x160.jpg 160w, http:\/\/www.gourmettes-fribourg.ch\/wp-content\/uploads\/2019\/10\/IMG_0586-136x136.jpg 136w, http:\/\/www.gourmettes-fribourg.ch\/wp-content\/uploads\/2019\/10\/IMG_0586-100x100.jpg 100w\" sizes=\"(max-width: 160px) 100vw, 160px\" \/><\/a>\n\t\t\t<\/dt><\/dl><br style=\"clear: both\" \/><dl class='gallery-item'>\n\t\t\t<dt class='gallery-icon portrait'>\n\t\t\t\t<a href='http:\/\/www.gourmettes-fribourg.ch\/wp-content\/uploads\/2019\/10\/IMG_0590.jpg' title=\"\" data-rl_title=\"\" class=\"rl-gallery-link\" data-rl_caption=\"\" data-rel=\"lightbox-gallery-1\"><img width=\"160\" height=\"160\" src=\"http:\/\/www.gourmettes-fribourg.ch\/wp-content\/uploads\/2019\/10\/IMG_0590-160x160.jpg\" class=\"attachment-thumbnail size-thumbnail\" alt=\"\" loading=\"lazy\" srcset=\"http:\/\/www.gourmettes-fribourg.ch\/wp-content\/uploads\/2019\/10\/IMG_0590-160x160.jpg 160w, http:\/\/www.gourmettes-fribourg.ch\/wp-content\/uploads\/2019\/10\/IMG_0590-136x136.jpg 136w, http:\/\/www.gourmettes-fribourg.ch\/wp-content\/uploads\/2019\/10\/IMG_0590-100x100.jpg 100w\" sizes=\"(max-width: 160px) 100vw, 160px\" \/><\/a>\n\t\t\t<\/dt><\/dl><dl class='gallery-item'>\n\t\t\t<dt class='gallery-icon portrait'>\n\t\t\t\t<a href='http:\/\/www.gourmettes-fribourg.ch\/wp-content\/uploads\/2019\/10\/IMG_0592.jpg' title=\"\" data-rl_title=\"\" class=\"rl-gallery-link\" data-rl_caption=\"\" data-rel=\"lightbox-gallery-1\"><img width=\"160\" height=\"160\" src=\"http:\/\/www.gourmettes-fribourg.ch\/wp-content\/uploads\/2019\/10\/IMG_0592-160x160.jpg\" class=\"attachment-thumbnail size-thumbnail\" alt=\"\" loading=\"lazy\" srcset=\"http:\/\/www.gourmettes-fribourg.ch\/wp-content\/uploads\/2019\/10\/IMG_0592-160x160.jpg 160w, http:\/\/www.gourmettes-fribourg.ch\/wp-content\/uploads\/2019\/10\/IMG_0592-136x136.jpg 136w, http:\/\/www.gourmettes-fribourg.ch\/wp-content\/uploads\/2019\/10\/IMG_0592-100x100.jpg 100w\" sizes=\"(max-width: 160px) 100vw, 160px\" \/><\/a>\n\t\t\t<\/dt><\/dl><dl class='gallery-item'>\n\t\t\t<dt class='gallery-icon portrait'>\n\t\t\t\t<a href='http:\/\/www.gourmettes-fribourg.ch\/wp-content\/uploads\/2019\/10\/1f0501f2-caf3-414d-a9e6-4644d2222815.jpg' title=\"\" data-rl_title=\"\" class=\"rl-gallery-link\" data-rl_caption=\"\" data-rel=\"lightbox-gallery-1\"><img width=\"160\" height=\"160\" src=\"http:\/\/www.gourmettes-fribourg.ch\/wp-content\/uploads\/2019\/10\/1f0501f2-caf3-414d-a9e6-4644d2222815-160x160.jpg\" class=\"attachment-thumbnail size-thumbnail\" alt=\"\" loading=\"lazy\" srcset=\"http:\/\/www.gourmettes-fribourg.ch\/wp-content\/uploads\/2019\/10\/1f0501f2-caf3-414d-a9e6-4644d2222815-160x160.jpg 160w, http:\/\/www.gourmettes-fribourg.ch\/wp-content\/uploads\/2019\/10\/1f0501f2-caf3-414d-a9e6-4644d2222815-136x136.jpg 136w, http:\/\/www.gourmettes-fribourg.ch\/wp-content\/uploads\/2019\/10\/1f0501f2-caf3-414d-a9e6-4644d2222815-100x100.jpg 100w\" sizes=\"(max-width: 160px) 100vw, 160px\" \/><\/a>\n\t\t\t<\/dt><\/dl><br style=\"clear: both\" \/><dl class='gallery-item'>\n\t\t\t<dt class='gallery-icon portrait'>\n\t\t\t\t<a href='http:\/\/www.gourmettes-fribourg.ch\/wp-content\/uploads\/2019\/10\/89053c4f-2285-4e90-a9c8-165031b9175f.jpg' title=\"\" data-rl_title=\"\" class=\"rl-gallery-link\" data-rl_caption=\"\" data-rel=\"lightbox-gallery-1\"><img width=\"160\" height=\"160\" src=\"http:\/\/www.gourmettes-fribourg.ch\/wp-content\/uploads\/2019\/10\/89053c4f-2285-4e90-a9c8-165031b9175f-160x160.jpg\" class=\"attachment-thumbnail size-thumbnail\" alt=\"\" loading=\"lazy\" srcset=\"http:\/\/www.gourmettes-fribourg.ch\/wp-content\/uploads\/2019\/10\/89053c4f-2285-4e90-a9c8-165031b9175f-160x160.jpg 160w, http:\/\/www.gourmettes-fribourg.ch\/wp-content\/uploads\/2019\/10\/89053c4f-2285-4e90-a9c8-165031b9175f-136x136.jpg 136w, http:\/\/www.gourmettes-fribourg.ch\/wp-content\/uploads\/2019\/10\/89053c4f-2285-4e90-a9c8-165031b9175f-100x100.jpg 100w\" sizes=\"(max-width: 160px) 100vw, 160px\" \/><\/a>\n\t\t\t<\/dt><\/dl><dl class='gallery-item'>\n\t\t\t<dt class='gallery-icon portrait'>\n\t\t\t\t<a href='http:\/\/www.gourmettes-fribourg.ch\/wp-content\/uploads\/2019\/10\/d02c2594-a7ba-40c1-a19b-0cde55a7f59d.jpg' title=\"\" data-rl_title=\"\" class=\"rl-gallery-link\" data-rl_caption=\"\" data-rel=\"lightbox-gallery-1\"><img width=\"160\" height=\"160\" src=\"http:\/\/www.gourmettes-fribourg.ch\/wp-content\/uploads\/2019\/10\/d02c2594-a7ba-40c1-a19b-0cde55a7f59d-160x160.jpg\" class=\"attachment-thumbnail size-thumbnail\" alt=\"\" loading=\"lazy\" srcset=\"http:\/\/www.gourmettes-fribourg.ch\/wp-content\/uploads\/2019\/10\/d02c2594-a7ba-40c1-a19b-0cde55a7f59d-160x160.jpg 160w, http:\/\/www.gourmettes-fribourg.ch\/wp-content\/uploads\/2019\/10\/d02c2594-a7ba-40c1-a19b-0cde55a7f59d-136x136.jpg 136w, http:\/\/www.gourmettes-fribourg.ch\/wp-content\/uploads\/2019\/10\/d02c2594-a7ba-40c1-a19b-0cde55a7f59d-100x100.jpg 100w\" sizes=\"(max-width: 160px) 100vw, 160px\" \/><\/a>\n\t\t\t<\/dt><\/dl><dl class='gallery-item'>\n\t\t\t<dt class='gallery-icon portrait'>\n\t\t\t\t<a href='http:\/\/www.gourmettes-fribourg.ch\/wp-content\/uploads\/2019\/10\/bd1153a6-a2cc-4b2c-ac7d-fa476d0f0eb2.jpg' title=\"\" data-rl_title=\"\" class=\"rl-gallery-link\" data-rl_caption=\"\" data-rel=\"lightbox-gallery-1\"><img width=\"160\" height=\"160\" src=\"http:\/\/www.gourmettes-fribourg.ch\/wp-content\/uploads\/2019\/10\/bd1153a6-a2cc-4b2c-ac7d-fa476d0f0eb2-160x160.jpg\" class=\"attachment-thumbnail size-thumbnail\" alt=\"\" loading=\"lazy\" srcset=\"http:\/\/www.gourmettes-fribourg.ch\/wp-content\/uploads\/2019\/10\/bd1153a6-a2cc-4b2c-ac7d-fa476d0f0eb2-160x160.jpg 160w, http:\/\/www.gourmettes-fribourg.ch\/wp-content\/uploads\/2019\/10\/bd1153a6-a2cc-4b2c-ac7d-fa476d0f0eb2-136x136.jpg 136w, http:\/\/www.gourmettes-fribourg.ch\/wp-content\/uploads\/2019\/10\/bd1153a6-a2cc-4b2c-ac7d-fa476d0f0eb2-100x100.jpg 100w\" sizes=\"(max-width: 160px) 100vw, 160px\" \/><\/a>\n\t\t\t<\/dt><\/dl><br style=\"clear: both\" \/><dl class='gallery-item'>\n\t\t\t<dt class='gallery-icon portrait'>\n\t\t\t\t<a href='http:\/\/www.gourmettes-fribourg.ch\/wp-content\/uploads\/2019\/10\/2c5dd599-9fc1-4e27-943e-9a1cb598f6c2.jpg' title=\"\" data-rl_title=\"\" class=\"rl-gallery-link\" data-rl_caption=\"\" data-rel=\"lightbox-gallery-1\"><img width=\"160\" height=\"160\" src=\"http:\/\/www.gourmettes-fribourg.ch\/wp-content\/uploads\/2019\/10\/2c5dd599-9fc1-4e27-943e-9a1cb598f6c2-160x160.jpg\" class=\"attachment-thumbnail size-thumbnail\" alt=\"\" loading=\"lazy\" srcset=\"http:\/\/www.gourmettes-fribourg.ch\/wp-content\/uploads\/2019\/10\/2c5dd599-9fc1-4e27-943e-9a1cb598f6c2-160x160.jpg 160w, http:\/\/www.gourmettes-fribourg.ch\/wp-content\/uploads\/2019\/10\/2c5dd599-9fc1-4e27-943e-9a1cb598f6c2-136x136.jpg 136w, http:\/\/www.gourmettes-fribourg.ch\/wp-content\/uploads\/2019\/10\/2c5dd599-9fc1-4e27-943e-9a1cb598f6c2-100x100.jpg 100w\" sizes=\"(max-width: 160px) 100vw, 160px\" \/><\/a>\n\t\t\t<\/dt><\/dl><dl class='gallery-item'>\n\t\t\t<dt class='gallery-icon portrait'>\n\t\t\t\t<a href='http:\/\/www.gourmettes-fribourg.ch\/wp-content\/uploads\/2019\/10\/1b617277-7c4d-4f70-a329-20840338f700.jpg' title=\"\" data-rl_title=\"\" class=\"rl-gallery-link\" data-rl_caption=\"\" data-rel=\"lightbox-gallery-1\"><img width=\"160\" height=\"160\" src=\"http:\/\/www.gourmettes-fribourg.ch\/wp-content\/uploads\/2019\/10\/1b617277-7c4d-4f70-a329-20840338f700-160x160.jpg\" class=\"attachment-thumbnail size-thumbnail\" alt=\"\" loading=\"lazy\" srcset=\"http:\/\/www.gourmettes-fribourg.ch\/wp-content\/uploads\/2019\/10\/1b617277-7c4d-4f70-a329-20840338f700-160x160.jpg 160w, http:\/\/www.gourmettes-fribourg.ch\/wp-content\/uploads\/2019\/10\/1b617277-7c4d-4f70-a329-20840338f700-136x136.jpg 136w, http:\/\/www.gourmettes-fribourg.ch\/wp-content\/uploads\/2019\/10\/1b617277-7c4d-4f70-a329-20840338f700-100x100.jpg 100w\" sizes=\"(max-width: 160px) 100vw, 160px\" \/><\/a>\n\t\t\t<\/dt><\/dl><dl class='gallery-item'>\n\t\t\t<dt class='gallery-icon portrait'>\n\t\t\t\t<a href='http:\/\/www.gourmettes-fribourg.ch\/wp-content\/uploads\/2019\/10\/5f9ffa9b-24fa-4672-a884-0b031cb24a29.jpg' title=\"\" data-rl_title=\"\" class=\"rl-gallery-link\" data-rl_caption=\"\" data-rel=\"lightbox-gallery-1\"><img width=\"160\" height=\"160\" src=\"http:\/\/www.gourmettes-fribourg.ch\/wp-content\/uploads\/2019\/10\/5f9ffa9b-24fa-4672-a884-0b031cb24a29-160x160.jpg\" class=\"attachment-thumbnail size-thumbnail\" alt=\"\" loading=\"lazy\" srcset=\"http:\/\/www.gourmettes-fribourg.ch\/wp-content\/uploads\/2019\/10\/5f9ffa9b-24fa-4672-a884-0b031cb24a29-160x160.jpg 160w, http:\/\/www.gourmettes-fribourg.ch\/wp-content\/uploads\/2019\/10\/5f9ffa9b-24fa-4672-a884-0b031cb24a29-136x136.jpg 136w, http:\/\/www.gourmettes-fribourg.ch\/wp-content\/uploads\/2019\/10\/5f9ffa9b-24fa-4672-a884-0b031cb24a29-100x100.jpg 100w\" sizes=\"(max-width: 160px) 100vw, 160px\" \/><\/a>\n\t\t\t<\/dt><\/dl><br style=\"clear: both\" \/><dl class='gallery-item'>\n\t\t\t<dt class='gallery-icon landscape'>\n\t\t\t\t<a href='http:\/\/www.gourmettes-fribourg.ch\/wp-content\/uploads\/2019\/10\/45014079-9ccf-48cb-a1ba-e42181515b2e.jpg' title=\"\" data-rl_title=\"\" class=\"rl-gallery-link\" data-rl_caption=\"\" data-rel=\"lightbox-gallery-1\"><img width=\"160\" height=\"160\" src=\"http:\/\/www.gourmettes-fribourg.ch\/wp-content\/uploads\/2019\/10\/45014079-9ccf-48cb-a1ba-e42181515b2e-160x160.jpg\" class=\"attachment-thumbnail size-thumbnail\" alt=\"\" loading=\"lazy\" srcset=\"http:\/\/www.gourmettes-fribourg.ch\/wp-content\/uploads\/2019\/10\/45014079-9ccf-48cb-a1ba-e42181515b2e-160x160.jpg 160w, http:\/\/www.gourmettes-fribourg.ch\/wp-content\/uploads\/2019\/10\/45014079-9ccf-48cb-a1ba-e42181515b2e-136x136.jpg 136w, http:\/\/www.gourmettes-fribourg.ch\/wp-content\/uploads\/2019\/10\/45014079-9ccf-48cb-a1ba-e42181515b2e-100x100.jpg 100w\" sizes=\"(max-width: 160px) 100vw, 160px\" \/><\/a>\n\t\t\t<\/dt><\/dl><dl class='gallery-item'>\n\t\t\t<dt class='gallery-icon landscape'>\n\t\t\t\t<a href='http:\/\/www.gourmettes-fribourg.ch\/wp-content\/uploads\/2019\/10\/ac76c2db-5746-4085-8640-6ce57ba868a2.jpg' title=\"\" data-rl_title=\"\" class=\"rl-gallery-link\" data-rl_caption=\"\" data-rel=\"lightbox-gallery-1\"><img width=\"160\" height=\"160\" src=\"http:\/\/www.gourmettes-fribourg.ch\/wp-content\/uploads\/2019\/10\/ac76c2db-5746-4085-8640-6ce57ba868a2-160x160.jpg\" class=\"attachment-thumbnail size-thumbnail\" alt=\"\" loading=\"lazy\" srcset=\"http:\/\/www.gourmettes-fribourg.ch\/wp-content\/uploads\/2019\/10\/ac76c2db-5746-4085-8640-6ce57ba868a2-160x160.jpg 160w, http:\/\/www.gourmettes-fribourg.ch\/wp-content\/uploads\/2019\/10\/ac76c2db-5746-4085-8640-6ce57ba868a2-136x136.jpg 136w, http:\/\/www.gourmettes-fribourg.ch\/wp-content\/uploads\/2019\/10\/ac76c2db-5746-4085-8640-6ce57ba868a2-100x100.jpg 100w\" sizes=\"(max-width: 160px) 100vw, 160px\" \/><\/a>\n\t\t\t<\/dt><\/dl><dl class='gallery-item'>\n\t\t\t<dt class='gallery-icon landscape'>\n\t\t\t\t<a href='http:\/\/www.gourmettes-fribourg.ch\/wp-content\/uploads\/2019\/10\/45b17cd4-b257-42c2-a099-fc96850d54b3.jpg' title=\"\" data-rl_title=\"\" class=\"rl-gallery-link\" data-rl_caption=\"\" data-rel=\"lightbox-gallery-1\"><img width=\"160\" height=\"160\" src=\"http:\/\/www.gourmettes-fribourg.ch\/wp-content\/uploads\/2019\/10\/45b17cd4-b257-42c2-a099-fc96850d54b3-160x160.jpg\" class=\"attachment-thumbnail size-thumbnail\" alt=\"\" loading=\"lazy\" srcset=\"http:\/\/www.gourmettes-fribourg.ch\/wp-content\/uploads\/2019\/10\/45b17cd4-b257-42c2-a099-fc96850d54b3-160x160.jpg 160w, http:\/\/www.gourmettes-fribourg.ch\/wp-content\/uploads\/2019\/10\/45b17cd4-b257-42c2-a099-fc96850d54b3-136x136.jpg 136w, http:\/\/www.gourmettes-fribourg.ch\/wp-content\/uploads\/2019\/10\/45b17cd4-b257-42c2-a099-fc96850d54b3-100x100.jpg 100w\" sizes=\"(max-width: 160px) 100vw, 160px\" \/><\/a>\n\t\t\t<\/dt><\/dl><br style=\"clear: both\" \/><dl class='gallery-item'>\n\t\t\t<dt class='gallery-icon portrait'>\n\t\t\t\t<a href='http:\/\/www.gourmettes-fribourg.ch\/wp-content\/uploads\/2019\/10\/cd989ec0-b2cd-4ef6-a6ef-eea208698ef6.jpg' title=\"\" data-rl_title=\"\" class=\"rl-gallery-link\" data-rl_caption=\"\" data-rel=\"lightbox-gallery-1\"><img width=\"160\" height=\"160\" src=\"http:\/\/www.gourmettes-fribourg.ch\/wp-content\/uploads\/2019\/10\/cd989ec0-b2cd-4ef6-a6ef-eea208698ef6-160x160.jpg\" class=\"attachment-thumbnail size-thumbnail\" alt=\"\" loading=\"lazy\" srcset=\"http:\/\/www.gourmettes-fribourg.ch\/wp-content\/uploads\/2019\/10\/cd989ec0-b2cd-4ef6-a6ef-eea208698ef6-160x160.jpg 160w, http:\/\/www.gourmettes-fribourg.ch\/wp-content\/uploads\/2019\/10\/cd989ec0-b2cd-4ef6-a6ef-eea208698ef6-136x136.jpg 136w, http:\/\/www.gourmettes-fribourg.ch\/wp-content\/uploads\/2019\/10\/cd989ec0-b2cd-4ef6-a6ef-eea208698ef6-100x100.jpg 100w\" sizes=\"(max-width: 160px) 100vw, 160px\" \/><\/a>\n\t\t\t<\/dt><\/dl><dl class='gallery-item'>\n\t\t\t<dt class='gallery-icon landscape'>\n\t\t\t\t<a href='http:\/\/www.gourmettes-fribourg.ch\/wp-content\/uploads\/2019\/10\/f4ee56e9-a0a3-405b-b2ae-2d800cda1f92.jpg' title=\"\" data-rl_title=\"\" class=\"rl-gallery-link\" data-rl_caption=\"\" data-rel=\"lightbox-gallery-1\"><img width=\"160\" height=\"160\" src=\"http:\/\/www.gourmettes-fribourg.ch\/wp-content\/uploads\/2019\/10\/f4ee56e9-a0a3-405b-b2ae-2d800cda1f92-160x160.jpg\" class=\"attachment-thumbnail size-thumbnail\" alt=\"\" loading=\"lazy\" srcset=\"http:\/\/www.gourmettes-fribourg.ch\/wp-content\/uploads\/2019\/10\/f4ee56e9-a0a3-405b-b2ae-2d800cda1f92-160x160.jpg 160w, http:\/\/www.gourmettes-fribourg.ch\/wp-content\/uploads\/2019\/10\/f4ee56e9-a0a3-405b-b2ae-2d800cda1f92-136x136.jpg 136w, http:\/\/www.gourmettes-fribourg.ch\/wp-content\/uploads\/2019\/10\/f4ee56e9-a0a3-405b-b2ae-2d800cda1f92-100x100.jpg 100w\" sizes=\"(max-width: 160px) 100vw, 160px\" \/><\/a>\n\t\t\t<\/dt><\/dl><dl class='gallery-item'>\n\t\t\t<dt class='gallery-icon portrait'>\n\t\t\t\t<a href='http:\/\/www.gourmettes-fribourg.ch\/wp-content\/uploads\/2019\/10\/IMG_0593.jpg' title=\"\" data-rl_title=\"\" class=\"rl-gallery-link\" data-rl_caption=\"\" data-rel=\"lightbox-gallery-1\"><img width=\"160\" height=\"160\" src=\"http:\/\/www.gourmettes-fribourg.ch\/wp-content\/uploads\/2019\/10\/IMG_0593-160x160.jpg\" class=\"attachment-thumbnail size-thumbnail\" alt=\"\" loading=\"lazy\" srcset=\"http:\/\/www.gourmettes-fribourg.ch\/wp-content\/uploads\/2019\/10\/IMG_0593-160x160.jpg 160w, http:\/\/www.gourmettes-fribourg.ch\/wp-content\/uploads\/2019\/10\/IMG_0593-136x136.jpg 136w, http:\/\/www.gourmettes-fribourg.ch\/wp-content\/uploads\/2019\/10\/IMG_0593-100x100.jpg 100w\" sizes=\"(max-width: 160px) 100vw, 160px\" \/><\/a>\n\t\t\t<\/dt><\/dl><br style=\"clear: both\" \/><dl class='gallery-item'>\n\t\t\t<dt class='gallery-icon portrait'>\n\t\t\t\t<a href='http:\/\/www.gourmettes-fribourg.ch\/wp-content\/uploads\/2019\/10\/ee6afd9a-0306-49db-9f6d-f9f32909d83b.jpg' title=\"\" data-rl_title=\"\" class=\"rl-gallery-link\" data-rl_caption=\"\" data-rel=\"lightbox-gallery-1\"><img width=\"160\" height=\"160\" src=\"http:\/\/www.gourmettes-fribourg.ch\/wp-content\/uploads\/2019\/10\/ee6afd9a-0306-49db-9f6d-f9f32909d83b-160x160.jpg\" class=\"attachment-thumbnail size-thumbnail\" alt=\"\" loading=\"lazy\" srcset=\"http:\/\/www.gourmettes-fribourg.ch\/wp-content\/uploads\/2019\/10\/ee6afd9a-0306-49db-9f6d-f9f32909d83b-160x160.jpg 160w, http:\/\/www.gourmettes-fribourg.ch\/wp-content\/uploads\/2019\/10\/ee6afd9a-0306-49db-9f6d-f9f32909d83b-136x136.jpg 136w, http:\/\/www.gourmettes-fribourg.ch\/wp-content\/uploads\/2019\/10\/ee6afd9a-0306-49db-9f6d-f9f32909d83b-100x100.jpg 100w\" sizes=\"(max-width: 160px) 100vw, 160px\" \/><\/a>\n\t\t\t<\/dt><\/dl><dl class='gallery-item'>\n\t\t\t<dt class='gallery-icon portrait'>\n\t\t\t\t<a href='http:\/\/www.gourmettes-fribourg.ch\/wp-content\/uploads\/2019\/10\/4515bd8d-1281-49da-b948-ab8daffb20eb.jpg' title=\"\" data-rl_title=\"\" class=\"rl-gallery-link\" data-rl_caption=\"\" data-rel=\"lightbox-gallery-1\"><img width=\"160\" height=\"160\" src=\"http:\/\/www.gourmettes-fribourg.ch\/wp-content\/uploads\/2019\/10\/4515bd8d-1281-49da-b948-ab8daffb20eb-160x160.jpg\" class=\"attachment-thumbnail size-thumbnail\" alt=\"\" loading=\"lazy\" srcset=\"http:\/\/www.gourmettes-fribourg.ch\/wp-content\/uploads\/2019\/10\/4515bd8d-1281-49da-b948-ab8daffb20eb-160x160.jpg 160w, http:\/\/www.gourmettes-fribourg.ch\/wp-content\/uploads\/2019\/10\/4515bd8d-1281-49da-b948-ab8daffb20eb-136x136.jpg 136w, http:\/\/www.gourmettes-fribourg.ch\/wp-content\/uploads\/2019\/10\/4515bd8d-1281-49da-b948-ab8daffb20eb-100x100.jpg 100w\" sizes=\"(max-width: 160px) 100vw, 160px\" \/><\/a>\n\t\t\t<\/dt><\/dl><dl class='gallery-item'>\n\t\t\t<dt class='gallery-icon portrait'>\n\t\t\t\t<a href='http:\/\/www.gourmettes-fribourg.ch\/wp-content\/uploads\/2019\/10\/f9884d3e-afed-4503-a254-ea92102dfbb3.jpg' title=\"\" data-rl_title=\"\" class=\"rl-gallery-link\" data-rl_caption=\"\" data-rel=\"lightbox-gallery-1\"><img width=\"160\" height=\"160\" src=\"http:\/\/www.gourmettes-fribourg.ch\/wp-content\/uploads\/2019\/10\/f9884d3e-afed-4503-a254-ea92102dfbb3-160x160.jpg\" class=\"attachment-thumbnail size-thumbnail\" alt=\"\" loading=\"lazy\" srcset=\"http:\/\/www.gourmettes-fribourg.ch\/wp-content\/uploads\/2019\/10\/f9884d3e-afed-4503-a254-ea92102dfbb3-160x160.jpg 160w, http:\/\/www.gourmettes-fribourg.ch\/wp-content\/uploads\/2019\/10\/f9884d3e-afed-4503-a254-ea92102dfbb3-136x136.jpg 136w, http:\/\/www.gourmettes-fribourg.ch\/wp-content\/uploads\/2019\/10\/f9884d3e-afed-4503-a254-ea92102dfbb3-100x100.jpg 100w\" sizes=\"(max-width: 160px) 100vw, 160px\" \/><\/a>\n\t\t\t<\/dt><\/dl><br style=\"clear: both\" \/><dl class='gallery-item'>\n\t\t\t<dt class='gallery-icon portrait'>\n\t\t\t\t<a href='http:\/\/www.gourmettes-fribourg.ch\/wp-content\/uploads\/2019\/10\/f768a28a-5f2f-4d58-b3bc-5a22d0eea7b9.jpg' title=\"\" data-rl_title=\"\" class=\"rl-gallery-link\" data-rl_caption=\"\" data-rel=\"lightbox-gallery-1\"><img width=\"160\" height=\"160\" src=\"http:\/\/www.gourmettes-fribourg.ch\/wp-content\/uploads\/2019\/10\/f768a28a-5f2f-4d58-b3bc-5a22d0eea7b9-160x160.jpg\" class=\"attachment-thumbnail size-thumbnail\" alt=\"\" loading=\"lazy\" srcset=\"http:\/\/www.gourmettes-fribourg.ch\/wp-content\/uploads\/2019\/10\/f768a28a-5f2f-4d58-b3bc-5a22d0eea7b9-160x160.jpg 160w, http:\/\/www.gourmettes-fribourg.ch\/wp-content\/uploads\/2019\/10\/f768a28a-5f2f-4d58-b3bc-5a22d0eea7b9-136x136.jpg 136w, http:\/\/www.gourmettes-fribourg.ch\/wp-content\/uploads\/2019\/10\/f768a28a-5f2f-4d58-b3bc-5a22d0eea7b9-100x100.jpg 100w\" sizes=\"(max-width: 160px) 100vw, 160px\" \/><\/a>\n\t\t\t<\/dt><\/dl><dl class='gallery-item'>\n\t\t\t<dt class='gallery-icon portrait'>\n\t\t\t\t<a href='http:\/\/www.gourmettes-fribourg.ch\/wp-content\/uploads\/2019\/10\/11de37e1-1f98-4649-ae5d-d3a35cc0a763.jpg' title=\"\" data-rl_title=\"\" class=\"rl-gallery-link\" data-rl_caption=\"\" data-rel=\"lightbox-gallery-1\"><img width=\"160\" height=\"160\" src=\"http:\/\/www.gourmettes-fribourg.ch\/wp-content\/uploads\/2019\/10\/11de37e1-1f98-4649-ae5d-d3a35cc0a763-160x160.jpg\" class=\"attachment-thumbnail size-thumbnail\" alt=\"\" loading=\"lazy\" srcset=\"http:\/\/www.gourmettes-fribourg.ch\/wp-content\/uploads\/2019\/10\/11de37e1-1f98-4649-ae5d-d3a35cc0a763-160x160.jpg 160w, http:\/\/www.gourmettes-fribourg.ch\/wp-content\/uploads\/2019\/10\/11de37e1-1f98-4649-ae5d-d3a35cc0a763-136x136.jpg 136w, http:\/\/www.gourmettes-fribourg.ch\/wp-content\/uploads\/2019\/10\/11de37e1-1f98-4649-ae5d-d3a35cc0a763-100x100.jpg 100w\" sizes=\"(max-width: 160px) 100vw, 160px\" \/><\/a>\n\t\t\t<\/dt><\/dl><dl class='gallery-item'>\n\t\t\t<dt class='gallery-icon portrait'>\n\t\t\t\t<a href='http:\/\/www.gourmettes-fribourg.ch\/wp-content\/uploads\/2019\/10\/8aeea1f4-0164-4fbc-bbcf-ef7ee5c78ae7.jpg' title=\"\" data-rl_title=\"\" class=\"rl-gallery-link\" data-rl_caption=\"\" data-rel=\"lightbox-gallery-1\"><img width=\"160\" height=\"160\" src=\"http:\/\/www.gourmettes-fribourg.ch\/wp-content\/uploads\/2019\/10\/8aeea1f4-0164-4fbc-bbcf-ef7ee5c78ae7-160x160.jpg\" class=\"attachment-thumbnail size-thumbnail\" alt=\"\" loading=\"lazy\" srcset=\"http:\/\/www.gourmettes-fribourg.ch\/wp-content\/uploads\/2019\/10\/8aeea1f4-0164-4fbc-bbcf-ef7ee5c78ae7-160x160.jpg 160w, http:\/\/www.gourmettes-fribourg.ch\/wp-content\/uploads\/2019\/10\/8aeea1f4-0164-4fbc-bbcf-ef7ee5c78ae7-136x136.jpg 136w, http:\/\/www.gourmettes-fribourg.ch\/wp-content\/uploads\/2019\/10\/8aeea1f4-0164-4fbc-bbcf-ef7ee5c78ae7-100x100.jpg 100w\" sizes=\"(max-width: 160px) 100vw, 160px\" \/><\/a>\n\t\t\t<\/dt><\/dl><br style=\"clear: both\" \/><dl class='gallery-item'>\n\t\t\t<dt class='gallery-icon portrait'>\n\t\t\t\t<a href='http:\/\/www.gourmettes-fribourg.ch\/wp-content\/uploads\/2019\/10\/7e1195e6-97d5-4f43-8924-573183a940c1.jpg' title=\"\" data-rl_title=\"\" class=\"rl-gallery-link\" data-rl_caption=\"\" data-rel=\"lightbox-gallery-1\"><img width=\"160\" height=\"160\" src=\"http:\/\/www.gourmettes-fribourg.ch\/wp-content\/uploads\/2019\/10\/7e1195e6-97d5-4f43-8924-573183a940c1-160x160.jpg\" class=\"attachment-thumbnail size-thumbnail\" alt=\"\" loading=\"lazy\" srcset=\"http:\/\/www.gourmettes-fribourg.ch\/wp-content\/uploads\/2019\/10\/7e1195e6-97d5-4f43-8924-573183a940c1-160x160.jpg 160w, http:\/\/www.gourmettes-fribourg.ch\/wp-content\/uploads\/2019\/10\/7e1195e6-97d5-4f43-8924-573183a940c1-136x136.jpg 136w, http:\/\/www.gourmettes-fribourg.ch\/wp-content\/uploads\/2019\/10\/7e1195e6-97d5-4f43-8924-573183a940c1-100x100.jpg 100w\" sizes=\"(max-width: 160px) 100vw, 160px\" \/><\/a>\n\t\t\t<\/dt><\/dl><dl class='gallery-item'>\n\t\t\t<dt class='gallery-icon portrait'>\n\t\t\t\t<a href='http:\/\/www.gourmettes-fribourg.ch\/wp-content\/uploads\/2019\/10\/499bbcc7-d3e1-4ac3-85bc-f36ff4d2be33.jpg' title=\"\" data-rl_title=\"\" class=\"rl-gallery-link\" data-rl_caption=\"\" data-rel=\"lightbox-gallery-1\"><img width=\"160\" height=\"160\" src=\"http:\/\/www.gourmettes-fribourg.ch\/wp-content\/uploads\/2019\/10\/499bbcc7-d3e1-4ac3-85bc-f36ff4d2be33-160x160.jpg\" class=\"attachment-thumbnail size-thumbnail\" alt=\"\" loading=\"lazy\" srcset=\"http:\/\/www.gourmettes-fribourg.ch\/wp-content\/uploads\/2019\/10\/499bbcc7-d3e1-4ac3-85bc-f36ff4d2be33-160x160.jpg 160w, http:\/\/www.gourmettes-fribourg.ch\/wp-content\/uploads\/2019\/10\/499bbcc7-d3e1-4ac3-85bc-f36ff4d2be33-136x136.jpg 136w, http:\/\/www.gourmettes-fribourg.ch\/wp-content\/uploads\/2019\/10\/499bbcc7-d3e1-4ac3-85bc-f36ff4d2be33-100x100.jpg 100w\" sizes=\"(max-width: 160px) 100vw, 160px\" \/><\/a>\n\t\t\t<\/dt><\/dl><dl class='gallery-item'>\n\t\t\t<dt class='gallery-icon portrait'>\n\t\t\t\t<a href='http:\/\/www.gourmettes-fribourg.ch\/wp-content\/uploads\/2019\/10\/2903e092-0dab-4391-9b74-c8e4a9cf0075.jpg' title=\"\" data-rl_title=\"\" class=\"rl-gallery-link\" data-rl_caption=\"\" data-rel=\"lightbox-gallery-1\"><img width=\"160\" height=\"160\" src=\"http:\/\/www.gourmettes-fribourg.ch\/wp-content\/uploads\/2019\/10\/2903e092-0dab-4391-9b74-c8e4a9cf0075-160x160.jpg\" class=\"attachment-thumbnail size-thumbnail\" alt=\"\" loading=\"lazy\" srcset=\"http:\/\/www.gourmettes-fribourg.ch\/wp-content\/uploads\/2019\/10\/2903e092-0dab-4391-9b74-c8e4a9cf0075-160x160.jpg 160w, http:\/\/www.gourmettes-fribourg.ch\/wp-content\/uploads\/2019\/10\/2903e092-0dab-4391-9b74-c8e4a9cf0075-136x136.jpg 136w, http:\/\/www.gourmettes-fribourg.ch\/wp-content\/uploads\/2019\/10\/2903e092-0dab-4391-9b74-c8e4a9cf0075-100x100.jpg 100w\" sizes=\"(max-width: 160px) 100vw, 160px\" \/><\/a>\n\t\t\t<\/dt><\/dl><br style=\"clear: both\" \/><dl class='gallery-item'>\n\t\t\t<dt class='gallery-icon portrait'>\n\t\t\t\t<a href='http:\/\/www.gourmettes-fribourg.ch\/wp-content\/uploads\/2019\/10\/bb1e2104-ac3b-4c93-973e-e1e414efd11a.jpg' title=\"\" data-rl_title=\"\" class=\"rl-gallery-link\" data-rl_caption=\"\" data-rel=\"lightbox-gallery-1\"><img width=\"160\" height=\"160\" src=\"http:\/\/www.gourmettes-fribourg.ch\/wp-content\/uploads\/2019\/10\/bb1e2104-ac3b-4c93-973e-e1e414efd11a-160x160.jpg\" class=\"attachment-thumbnail size-thumbnail\" alt=\"\" loading=\"lazy\" srcset=\"http:\/\/www.gourmettes-fribourg.ch\/wp-content\/uploads\/2019\/10\/bb1e2104-ac3b-4c93-973e-e1e414efd11a-160x160.jpg 160w, http:\/\/www.gourmettes-fribourg.ch\/wp-content\/uploads\/2019\/10\/bb1e2104-ac3b-4c93-973e-e1e414efd11a-136x136.jpg 136w, http:\/\/www.gourmettes-fribourg.ch\/wp-content\/uploads\/2019\/10\/bb1e2104-ac3b-4c93-973e-e1e414efd11a-100x100.jpg 100w\" sizes=\"(max-width: 160px) 100vw, 160px\" \/><\/a>\n\t\t\t<\/dt><\/dl><dl class='gallery-item'>\n\t\t\t<dt class='gallery-icon portrait'>\n\t\t\t\t<a href='http:\/\/www.gourmettes-fribourg.ch\/wp-content\/uploads\/2019\/10\/f37c430c-47aa-4608-b98e-64ee31362b1f.jpg' title=\"\" data-rl_title=\"\" class=\"rl-gallery-link\" data-rl_caption=\"\" data-rel=\"lightbox-gallery-1\"><img width=\"160\" height=\"160\" src=\"http:\/\/www.gourmettes-fribourg.ch\/wp-content\/uploads\/2019\/10\/f37c430c-47aa-4608-b98e-64ee31362b1f-160x160.jpg\" class=\"attachment-thumbnail size-thumbnail\" alt=\"\" loading=\"lazy\" srcset=\"http:\/\/www.gourmettes-fribourg.ch\/wp-content\/uploads\/2019\/10\/f37c430c-47aa-4608-b98e-64ee31362b1f-160x160.jpg 160w, http:\/\/www.gourmettes-fribourg.ch\/wp-content\/uploads\/2019\/10\/f37c430c-47aa-4608-b98e-64ee31362b1f-136x136.jpg 136w, http:\/\/www.gourmettes-fribourg.ch\/wp-content\/uploads\/2019\/10\/f37c430c-47aa-4608-b98e-64ee31362b1f-100x100.jpg 100w\" sizes=\"(max-width: 160px) 100vw, 160px\" \/><\/a>\n\t\t\t<\/dt><\/dl><dl class='gallery-item'>\n\t\t\t<dt class='gallery-icon portrait'>\n\t\t\t\t<a href='http:\/\/www.gourmettes-fribourg.ch\/wp-content\/uploads\/2019\/10\/IMG_0602.jpg' title=\"\" data-rl_title=\"\" class=\"rl-gallery-link\" data-rl_caption=\"\" data-rel=\"lightbox-gallery-1\"><img width=\"160\" height=\"160\" src=\"http:\/\/www.gourmettes-fribourg.ch\/wp-content\/uploads\/2019\/10\/IMG_0602-160x160.jpg\" class=\"attachment-thumbnail size-thumbnail\" alt=\"\" loading=\"lazy\" srcset=\"http:\/\/www.gourmettes-fribourg.ch\/wp-content\/uploads\/2019\/10\/IMG_0602-160x160.jpg 160w, http:\/\/www.gourmettes-fribourg.ch\/wp-content\/uploads\/2019\/10\/IMG_0602-136x136.jpg 136w, http:\/\/www.gourmettes-fribourg.ch\/wp-content\/uploads\/2019\/10\/IMG_0602-100x100.jpg 100w\" sizes=\"(max-width: 160px) 100vw, 160px\" \/><\/a>\n\t\t\t<\/dt><\/dl><br style=\"clear: both\" \/><dl class='gallery-item'>\n\t\t\t<dt class='gallery-icon portrait'>\n\t\t\t\t<a href='http:\/\/www.gourmettes-fribourg.ch\/wp-content\/uploads\/2019\/10\/IMG_0603.jpg' title=\"\" data-rl_title=\"\" class=\"rl-gallery-link\" data-rl_caption=\"\" data-rel=\"lightbox-gallery-1\"><img width=\"160\" height=\"160\" src=\"http:\/\/www.gourmettes-fribourg.ch\/wp-content\/uploads\/2019\/10\/IMG_0603-160x160.jpg\" class=\"attachment-thumbnail size-thumbnail\" alt=\"\" loading=\"lazy\" srcset=\"http:\/\/www.gourmettes-fribourg.ch\/wp-content\/uploads\/2019\/10\/IMG_0603-160x160.jpg 160w, http:\/\/www.gourmettes-fribourg.ch\/wp-content\/uploads\/2019\/10\/IMG_0603-136x136.jpg 136w, http:\/\/www.gourmettes-fribourg.ch\/wp-content\/uploads\/2019\/10\/IMG_0603-100x100.jpg 100w\" sizes=\"(max-width: 160px) 100vw, 160px\" \/><\/a>\n\t\t\t<\/dt><\/dl><dl class='gallery-item'>\n\t\t\t<dt class='gallery-icon portrait'>\n\t\t\t\t<a href='http:\/\/www.gourmettes-fribourg.ch\/wp-content\/uploads\/2019\/10\/IMG_0604.jpg' title=\"\" data-rl_title=\"\" class=\"rl-gallery-link\" data-rl_caption=\"\" data-rel=\"lightbox-gallery-1\"><img width=\"160\" height=\"160\" src=\"http:\/\/www.gourmettes-fribourg.ch\/wp-content\/uploads\/2019\/10\/IMG_0604-160x160.jpg\" class=\"attachment-thumbnail size-thumbnail\" alt=\"\" loading=\"lazy\" srcset=\"http:\/\/www.gourmettes-fribourg.ch\/wp-content\/uploads\/2019\/10\/IMG_0604-160x160.jpg 160w, http:\/\/www.gourmettes-fribourg.ch\/wp-content\/uploads\/2019\/10\/IMG_0604-136x136.jpg 136w, http:\/\/www.gourmettes-fribourg.ch\/wp-content\/uploads\/2019\/10\/IMG_0604-100x100.jpg 100w\" sizes=\"(max-width: 160px) 100vw, 160px\" \/><\/a>\n\t\t\t<\/dt><\/dl><dl class='gallery-item'>\n\t\t\t<dt class='gallery-icon portrait'>\n\t\t\t\t<a href='http:\/\/www.gourmettes-fribourg.ch\/wp-content\/uploads\/2019\/10\/IMG_04901.jpg' title=\"\" data-rl_title=\"\" class=\"rl-gallery-link\" data-rl_caption=\"\" data-rel=\"lightbox-gallery-1\"><img width=\"160\" height=\"160\" src=\"http:\/\/www.gourmettes-fribourg.ch\/wp-content\/uploads\/2019\/10\/IMG_04901-160x160.jpg\" class=\"attachment-thumbnail size-thumbnail\" alt=\"\" loading=\"lazy\" srcset=\"http:\/\/www.gourmettes-fribourg.ch\/wp-content\/uploads\/2019\/10\/IMG_04901-160x160.jpg 160w, http:\/\/www.gourmettes-fribourg.ch\/wp-content\/uploads\/2019\/10\/IMG_04901-136x136.jpg 136w, http:\/\/www.gourmettes-fribourg.ch\/wp-content\/uploads\/2019\/10\/IMG_04901-100x100.jpg 100w\" sizes=\"(max-width: 160px) 100vw, 160px\" \/><\/a>\n\t\t\t<\/dt><\/dl><br style=\"clear: both\" \/><dl class='gallery-item'>\n\t\t\t<dt class='gallery-icon portrait'>\n\t\t\t\t<a href='http:\/\/www.gourmettes-fribourg.ch\/wp-content\/uploads\/2019\/10\/IMG_04891.jpg' title=\"\" data-rl_title=\"\" class=\"rl-gallery-link\" data-rl_caption=\"\" data-rel=\"lightbox-gallery-1\"><img width=\"160\" height=\"160\" src=\"http:\/\/www.gourmettes-fribourg.ch\/wp-content\/uploads\/2019\/10\/IMG_04891-160x160.jpg\" class=\"attachment-thumbnail size-thumbnail\" alt=\"\" loading=\"lazy\" srcset=\"http:\/\/www.gourmettes-fribourg.ch\/wp-content\/uploads\/2019\/10\/IMG_04891-160x160.jpg 160w, http:\/\/www.gourmettes-fribourg.ch\/wp-content\/uploads\/2019\/10\/IMG_04891-136x136.jpg 136w, http:\/\/www.gourmettes-fribourg.ch\/wp-content\/uploads\/2019\/10\/IMG_04891-100x100.jpg 100w\" sizes=\"(max-width: 160px) 100vw, 160px\" \/><\/a>\n\t\t\t<\/dt><\/dl><dl class='gallery-item'>\n\t\t\t<dt class='gallery-icon portrait'>\n\t\t\t\t<a href='http:\/\/www.gourmettes-fribourg.ch\/wp-content\/uploads\/2019\/10\/IMG_04881.jpg' title=\"\" data-rl_title=\"\" class=\"rl-gallery-link\" data-rl_caption=\"\" data-rel=\"lightbox-gallery-1\"><img width=\"160\" height=\"160\" src=\"http:\/\/www.gourmettes-fribourg.ch\/wp-content\/uploads\/2019\/10\/IMG_04881-160x160.jpg\" class=\"attachment-thumbnail size-thumbnail\" alt=\"\" loading=\"lazy\" srcset=\"http:\/\/www.gourmettes-fribourg.ch\/wp-content\/uploads\/2019\/10\/IMG_04881-160x160.jpg 160w, http:\/\/www.gourmettes-fribourg.ch\/wp-content\/uploads\/2019\/10\/IMG_04881-136x136.jpg 136w, http:\/\/www.gourmettes-fribourg.ch\/wp-content\/uploads\/2019\/10\/IMG_04881-100x100.jpg 100w\" sizes=\"(max-width: 160px) 100vw, 160px\" \/><\/a>\n\t\t\t<\/dt><\/dl><dl class='gallery-item'>\n\t\t\t<dt class='gallery-icon portrait'>\n\t\t\t\t<a href='http:\/\/www.gourmettes-fribourg.ch\/wp-content\/uploads\/2019\/10\/IMG_04871.jpg' title=\"\" data-rl_title=\"\" class=\"rl-gallery-link\" data-rl_caption=\"\" data-rel=\"lightbox-gallery-1\"><img width=\"160\" height=\"160\" src=\"http:\/\/www.gourmettes-fribourg.ch\/wp-content\/uploads\/2019\/10\/IMG_04871-160x160.jpg\" class=\"attachment-thumbnail size-thumbnail\" alt=\"\" loading=\"lazy\" srcset=\"http:\/\/www.gourmettes-fribourg.ch\/wp-content\/uploads\/2019\/10\/IMG_04871-160x160.jpg 160w, http:\/\/www.gourmettes-fribourg.ch\/wp-content\/uploads\/2019\/10\/IMG_04871-136x136.jpg 136w, http:\/\/www.gourmettes-fribourg.ch\/wp-content\/uploads\/2019\/10\/IMG_04871-100x100.jpg 100w\" sizes=\"(max-width: 160px) 100vw, 160px\" \/><\/a>\n\t\t\t<\/dt><\/dl><br style=\"clear: both\" \/><dl class='gallery-item'>\n\t\t\t<dt class='gallery-icon portrait'>\n\t\t\t\t<a href='http:\/\/www.gourmettes-fribourg.ch\/wp-content\/uploads\/2019\/10\/IMG_04861.jpg' title=\"\" data-rl_title=\"\" class=\"rl-gallery-link\" data-rl_caption=\"\" data-rel=\"lightbox-gallery-1\"><img width=\"160\" height=\"160\" src=\"http:\/\/www.gourmettes-fribourg.ch\/wp-content\/uploads\/2019\/10\/IMG_04861-160x160.jpg\" class=\"attachment-thumbnail size-thumbnail\" alt=\"\" loading=\"lazy\" srcset=\"http:\/\/www.gourmettes-fribourg.ch\/wp-content\/uploads\/2019\/10\/IMG_04861-160x160.jpg 160w, http:\/\/www.gourmettes-fribourg.ch\/wp-content\/uploads\/2019\/10\/IMG_04861-136x136.jpg 136w, http:\/\/www.gourmettes-fribourg.ch\/wp-content\/uploads\/2019\/10\/IMG_04861-100x100.jpg 100w\" sizes=\"(max-width: 160px) 100vw, 160px\" \/><\/a>\n\t\t\t<\/dt><\/dl><dl class='gallery-item'>\n\t\t\t<dt class='gallery-icon portrait'>\n\t\t\t\t<a href='http:\/\/www.gourmettes-fribourg.ch\/wp-content\/uploads\/2019\/10\/IMG_04851.jpg' title=\"\" data-rl_title=\"\" class=\"rl-gallery-link\" data-rl_caption=\"\" data-rel=\"lightbox-gallery-1\"><img width=\"160\" height=\"160\" src=\"http:\/\/www.gourmettes-fribourg.ch\/wp-content\/uploads\/2019\/10\/IMG_04851-160x160.jpg\" class=\"attachment-thumbnail size-thumbnail\" alt=\"\" loading=\"lazy\" srcset=\"http:\/\/www.gourmettes-fribourg.ch\/wp-content\/uploads\/2019\/10\/IMG_04851-160x160.jpg 160w, http:\/\/www.gourmettes-fribourg.ch\/wp-content\/uploads\/2019\/10\/IMG_04851-136x136.jpg 136w, http:\/\/www.gourmettes-fribourg.ch\/wp-content\/uploads\/2019\/10\/IMG_04851-100x100.jpg 100w\" sizes=\"(max-width: 160px) 100vw, 160px\" \/><\/a>\n\t\t\t<\/dt><\/dl><dl class='gallery-item'>\n\t\t\t<dt class='gallery-icon portrait'>\n\t\t\t\t<a href='http:\/\/www.gourmettes-fribourg.ch\/wp-content\/uploads\/2019\/10\/IMG_04831.jpg' title=\"\" data-rl_title=\"\" class=\"rl-gallery-link\" data-rl_caption=\"\" data-rel=\"lightbox-gallery-1\"><img width=\"160\" height=\"160\" src=\"http:\/\/www.gourmettes-fribourg.ch\/wp-content\/uploads\/2019\/10\/IMG_04831-160x160.jpg\" class=\"attachment-thumbnail size-thumbnail\" alt=\"\" loading=\"lazy\" srcset=\"http:\/\/www.gourmettes-fribourg.ch\/wp-content\/uploads\/2019\/10\/IMG_04831-160x160.jpg 160w, http:\/\/www.gourmettes-fribourg.ch\/wp-content\/uploads\/2019\/10\/IMG_04831-136x136.jpg 136w, http:\/\/www.gourmettes-fribourg.ch\/wp-content\/uploads\/2019\/10\/IMG_04831-100x100.jpg 100w\" sizes=\"(max-width: 160px) 100vw, 160px\" \/><\/a>\n\t\t\t<\/dt><\/dl><br style=\"clear: both\" \/><dl class='gallery-item'>\n\t\t\t<dt class='gallery-icon portrait'>\n\t\t\t\t<a href='http:\/\/www.gourmettes-fribourg.ch\/wp-content\/uploads\/2019\/10\/IMG_04771.jpg' title=\"\" data-rl_title=\"\" class=\"rl-gallery-link\" data-rl_caption=\"\" data-rel=\"lightbox-gallery-1\"><img width=\"160\" height=\"160\" src=\"http:\/\/www.gourmettes-fribourg.ch\/wp-content\/uploads\/2019\/10\/IMG_04771-160x160.jpg\" class=\"attachment-thumbnail size-thumbnail\" alt=\"\" loading=\"lazy\" srcset=\"http:\/\/www.gourmettes-fribourg.ch\/wp-content\/uploads\/2019\/10\/IMG_04771-160x160.jpg 160w, http:\/\/www.gourmettes-fribourg.ch\/wp-content\/uploads\/2019\/10\/IMG_04771-136x136.jpg 136w, http:\/\/www.gourmettes-fribourg.ch\/wp-content\/uploads\/2019\/10\/IMG_04771-100x100.jpg 100w\" sizes=\"(max-width: 160px) 100vw, 160px\" \/><\/a>\n\t\t\t<\/dt><\/dl><dl class='gallery-item'>\n\t\t\t<dt class='gallery-icon portrait'>\n\t\t\t\t<a href='http:\/\/www.gourmettes-fribourg.ch\/wp-content\/uploads\/2019\/10\/IMG_04761.jpg' title=\"\" data-rl_title=\"\" class=\"rl-gallery-link\" data-rl_caption=\"\" data-rel=\"lightbox-gallery-1\"><img width=\"160\" height=\"160\" src=\"http:\/\/www.gourmettes-fribourg.ch\/wp-content\/uploads\/2019\/10\/IMG_04761-160x160.jpg\" class=\"attachment-thumbnail size-thumbnail\" alt=\"\" loading=\"lazy\" srcset=\"http:\/\/www.gourmettes-fribourg.ch\/wp-content\/uploads\/2019\/10\/IMG_04761-160x160.jpg 160w, http:\/\/www.gourmettes-fribourg.ch\/wp-content\/uploads\/2019\/10\/IMG_04761-136x136.jpg 136w, http:\/\/www.gourmettes-fribourg.ch\/wp-content\/uploads\/2019\/10\/IMG_04761-100x100.jpg 100w\" sizes=\"(max-width: 160px) 100vw, 160px\" \/><\/a>\n\t\t\t<\/dt><\/dl><dl class='gallery-item'>\n\t\t\t<dt class='gallery-icon portrait'>\n\t\t\t\t<a href='http:\/\/www.gourmettes-fribourg.ch\/wp-content\/uploads\/2019\/10\/IMG_04751.jpg' title=\"\" data-rl_title=\"\" class=\"rl-gallery-link\" data-rl_caption=\"\" data-rel=\"lightbox-gallery-1\"><img width=\"160\" height=\"160\" src=\"http:\/\/www.gourmettes-fribourg.ch\/wp-content\/uploads\/2019\/10\/IMG_04751-160x160.jpg\" class=\"attachment-thumbnail size-thumbnail\" alt=\"\" loading=\"lazy\" srcset=\"http:\/\/www.gourmettes-fribourg.ch\/wp-content\/uploads\/2019\/10\/IMG_04751-160x160.jpg 160w, http:\/\/www.gourmettes-fribourg.ch\/wp-content\/uploads\/2019\/10\/IMG_04751-136x136.jpg 136w, http:\/\/www.gourmettes-fribourg.ch\/wp-content\/uploads\/2019\/10\/IMG_04751-100x100.jpg 100w\" sizes=\"(max-width: 160px) 100vw, 160px\" \/><\/a>\n\t\t\t<\/dt><\/dl><br style=\"clear: both\" \/><dl class='gallery-item'>\n\t\t\t<dt class='gallery-icon portrait'>\n\t\t\t\t<a href='http:\/\/www.gourmettes-fribourg.ch\/wp-content\/uploads\/2019\/10\/IMG_04741.jpg' title=\"\" data-rl_title=\"\" class=\"rl-gallery-link\" data-rl_caption=\"\" data-rel=\"lightbox-gallery-1\"><img width=\"160\" height=\"160\" src=\"http:\/\/www.gourmettes-fribourg.ch\/wp-content\/uploads\/2019\/10\/IMG_04741-160x160.jpg\" class=\"attachment-thumbnail size-thumbnail\" alt=\"\" loading=\"lazy\" srcset=\"http:\/\/www.gourmettes-fribourg.ch\/wp-content\/uploads\/2019\/10\/IMG_04741-160x160.jpg 160w, http:\/\/www.gourmettes-fribourg.ch\/wp-content\/uploads\/2019\/10\/IMG_04741-136x136.jpg 136w, http:\/\/www.gourmettes-fribourg.ch\/wp-content\/uploads\/2019\/10\/IMG_04741-100x100.jpg 100w\" sizes=\"(max-width: 160px) 100vw, 160px\" \/><\/a>\n\t\t\t<\/dt><\/dl><dl class='gallery-item'>\n\t\t\t<dt class='gallery-icon portrait'>\n\t\t\t\t<a href='http:\/\/www.gourmettes-fribourg.ch\/wp-content\/uploads\/2019\/10\/IMG_04731.jpg' title=\"\" data-rl_title=\"\" class=\"rl-gallery-link\" data-rl_caption=\"\" data-rel=\"lightbox-gallery-1\"><img width=\"160\" height=\"160\" src=\"http:\/\/www.gourmettes-fribourg.ch\/wp-content\/uploads\/2019\/10\/IMG_04731-160x160.jpg\" class=\"attachment-thumbnail size-thumbnail\" alt=\"\" loading=\"lazy\" srcset=\"http:\/\/www.gourmettes-fribourg.ch\/wp-content\/uploads\/2019\/10\/IMG_04731-160x160.jpg 160w, http:\/\/www.gourmettes-fribourg.ch\/wp-content\/uploads\/2019\/10\/IMG_04731-136x136.jpg 136w, http:\/\/www.gourmettes-fribourg.ch\/wp-content\/uploads\/2019\/10\/IMG_04731-100x100.jpg 100w\" sizes=\"(max-width: 160px) 100vw, 160px\" \/><\/a>\n\t\t\t<\/dt><\/dl><dl class='gallery-item'>\n\t\t\t<dt class='gallery-icon portrait'>\n\t\t\t\t<a href='http:\/\/www.gourmettes-fribourg.ch\/wp-content\/uploads\/2019\/10\/IMG_04701.jpg' title=\"\" data-rl_title=\"\" class=\"rl-gallery-link\" data-rl_caption=\"\" data-rel=\"lightbox-gallery-1\"><img width=\"160\" height=\"160\" src=\"http:\/\/www.gourmettes-fribourg.ch\/wp-content\/uploads\/2019\/10\/IMG_04701-160x160.jpg\" class=\"attachment-thumbnail size-thumbnail\" alt=\"\" loading=\"lazy\" srcset=\"http:\/\/www.gourmettes-fribourg.ch\/wp-content\/uploads\/2019\/10\/IMG_04701-160x160.jpg 160w, http:\/\/www.gourmettes-fribourg.ch\/wp-content\/uploads\/2019\/10\/IMG_04701-136x136.jpg 136w, http:\/\/www.gourmettes-fribourg.ch\/wp-content\/uploads\/2019\/10\/IMG_04701-100x100.jpg 100w\" sizes=\"(max-width: 160px) 100vw, 160px\" \/><\/a>\n\t\t\t<\/dt><\/dl><br style=\"clear: both\" \/><dl class='gallery-item'>\n\t\t\t<dt class='gallery-icon portrait'>\n\t\t\t\t<a href='http:\/\/www.gourmettes-fribourg.ch\/wp-content\/uploads\/2019\/10\/IMG_04691.jpg' title=\"\" data-rl_title=\"\" class=\"rl-gallery-link\" data-rl_caption=\"\" data-rel=\"lightbox-gallery-1\"><img width=\"160\" height=\"160\" src=\"http:\/\/www.gourmettes-fribourg.ch\/wp-content\/uploads\/2019\/10\/IMG_04691-160x160.jpg\" class=\"attachment-thumbnail size-thumbnail\" alt=\"\" loading=\"lazy\" srcset=\"http:\/\/www.gourmettes-fribourg.ch\/wp-content\/uploads\/2019\/10\/IMG_04691-160x160.jpg 160w, http:\/\/www.gourmettes-fribourg.ch\/wp-content\/uploads\/2019\/10\/IMG_04691-136x136.jpg 136w, http:\/\/www.gourmettes-fribourg.ch\/wp-content\/uploads\/2019\/10\/IMG_04691-100x100.jpg 100w\" sizes=\"(max-width: 160px) 100vw, 160px\" \/><\/a>\n\t\t\t<\/dt><\/dl><dl class='gallery-item'>\n\t\t\t<dt class='gallery-icon portrait'>\n\t\t\t\t<a href='http:\/\/www.gourmettes-fribourg.ch\/wp-content\/uploads\/2019\/10\/IMG_04681.jpg' title=\"\" data-rl_title=\"\" class=\"rl-gallery-link\" data-rl_caption=\"\" data-rel=\"lightbox-gallery-1\"><img width=\"160\" height=\"160\" src=\"http:\/\/www.gourmettes-fribourg.ch\/wp-content\/uploads\/2019\/10\/IMG_04681-160x160.jpg\" class=\"attachment-thumbnail size-thumbnail\" alt=\"\" loading=\"lazy\" srcset=\"http:\/\/www.gourmettes-fribourg.ch\/wp-content\/uploads\/2019\/10\/IMG_04681-160x160.jpg 160w, http:\/\/www.gourmettes-fribourg.ch\/wp-content\/uploads\/2019\/10\/IMG_04681-136x136.jpg 136w, http:\/\/www.gourmettes-fribourg.ch\/wp-content\/uploads\/2019\/10\/IMG_04681-100x100.jpg 100w\" sizes=\"(max-width: 160px) 100vw, 160px\" \/><\/a>\n\t\t\t<\/dt><\/dl><dl class='gallery-item'>\n\t\t\t<dt class='gallery-icon portrait'>\n\t\t\t\t<a href='http:\/\/www.gourmettes-fribourg.ch\/wp-content\/uploads\/2019\/10\/IMG_04671.jpg' title=\"\" data-rl_title=\"\" class=\"rl-gallery-link\" data-rl_caption=\"\" data-rel=\"lightbox-gallery-1\"><img width=\"160\" height=\"160\" src=\"http:\/\/www.gourmettes-fribourg.ch\/wp-content\/uploads\/2019\/10\/IMG_04671-160x160.jpg\" class=\"attachment-thumbnail size-thumbnail\" alt=\"\" loading=\"lazy\" srcset=\"http:\/\/www.gourmettes-fribourg.ch\/wp-content\/uploads\/2019\/10\/IMG_04671-160x160.jpg 160w, http:\/\/www.gourmettes-fribourg.ch\/wp-content\/uploads\/2019\/10\/IMG_04671-136x136.jpg 136w, http:\/\/www.gourmettes-fribourg.ch\/wp-content\/uploads\/2019\/10\/IMG_04671-100x100.jpg 100w\" sizes=\"(max-width: 160px) 100vw, 160px\" \/><\/a>\n\t\t\t<\/dt><\/dl><br style=\"clear: both\" \/><dl class='gallery-item'>\n\t\t\t<dt class='gallery-icon portrait'>\n\t\t\t\t<a href='http:\/\/www.gourmettes-fribourg.ch\/wp-content\/uploads\/2019\/10\/IMG_04661.jpg' title=\"\" data-rl_title=\"\" class=\"rl-gallery-link\" data-rl_caption=\"\" data-rel=\"lightbox-gallery-1\"><img width=\"160\" height=\"160\" src=\"http:\/\/www.gourmettes-fribourg.ch\/wp-content\/uploads\/2019\/10\/IMG_04661-160x160.jpg\" class=\"attachment-thumbnail size-thumbnail\" alt=\"\" loading=\"lazy\" srcset=\"http:\/\/www.gourmettes-fribourg.ch\/wp-content\/uploads\/2019\/10\/IMG_04661-160x160.jpg 160w, http:\/\/www.gourmettes-fribourg.ch\/wp-content\/uploads\/2019\/10\/IMG_04661-136x136.jpg 136w, http:\/\/www.gourmettes-fribourg.ch\/wp-content\/uploads\/2019\/10\/IMG_04661-100x100.jpg 100w\" sizes=\"(max-width: 160px) 100vw, 160px\" \/><\/a>\n\t\t\t<\/dt><\/dl><dl class='gallery-item'>\n\t\t\t<dt class='gallery-icon portrait'>\n\t\t\t\t<a href='http:\/\/www.gourmettes-fribourg.ch\/wp-content\/uploads\/2019\/10\/IMG_04581.jpg' title=\"\" data-rl_title=\"\" class=\"rl-gallery-link\" data-rl_caption=\"\" data-rel=\"lightbox-gallery-1\"><img width=\"160\" height=\"160\" src=\"http:\/\/www.gourmettes-fribourg.ch\/wp-content\/uploads\/2019\/10\/IMG_04581-160x160.jpg\" class=\"attachment-thumbnail size-thumbnail\" alt=\"\" loading=\"lazy\" srcset=\"http:\/\/www.gourmettes-fribourg.ch\/wp-content\/uploads\/2019\/10\/IMG_04581-160x160.jpg 160w, http:\/\/www.gourmettes-fribourg.ch\/wp-content\/uploads\/2019\/10\/IMG_04581-136x136.jpg 136w, http:\/\/www.gourmettes-fribourg.ch\/wp-content\/uploads\/2019\/10\/IMG_04581-100x100.jpg 100w\" sizes=\"(max-width: 160px) 100vw, 160px\" \/><\/a>\n\t\t\t<\/dt><\/dl><dl class='gallery-item'>\n\t\t\t<dt class='gallery-icon portrait'>\n\t\t\t\t<a href='http:\/\/www.gourmettes-fribourg.ch\/wp-content\/uploads\/2019\/10\/IMG_04561.jpg' title=\"\" data-rl_title=\"\" class=\"rl-gallery-link\" data-rl_caption=\"\" data-rel=\"lightbox-gallery-1\"><img width=\"160\" height=\"160\" src=\"http:\/\/www.gourmettes-fribourg.ch\/wp-content\/uploads\/2019\/10\/IMG_04561-160x160.jpg\" class=\"attachment-thumbnail size-thumbnail\" alt=\"\" loading=\"lazy\" srcset=\"http:\/\/www.gourmettes-fribourg.ch\/wp-content\/uploads\/2019\/10\/IMG_04561-160x160.jpg 160w, http:\/\/www.gourmettes-fribourg.ch\/wp-content\/uploads\/2019\/10\/IMG_04561-136x136.jpg 136w, http:\/\/www.gourmettes-fribourg.ch\/wp-content\/uploads\/2019\/10\/IMG_04561-100x100.jpg 100w\" sizes=\"(max-width: 160px) 100vw, 160px\" \/><\/a>\n\t\t\t<\/dt><\/dl><br style=\"clear: both\" \/><dl class='gallery-item'>\n\t\t\t<dt class='gallery-icon portrait'>\n\t\t\t\t<a href='http:\/\/www.gourmettes-fribourg.ch\/wp-content\/uploads\/2019\/10\/IMG_04551.jpg' title=\"\" data-rl_title=\"\" class=\"rl-gallery-link\" data-rl_caption=\"\" data-rel=\"lightbox-gallery-1\"><img width=\"160\" height=\"160\" src=\"http:\/\/www.gourmettes-fribourg.ch\/wp-content\/uploads\/2019\/10\/IMG_04551-160x160.jpg\" class=\"attachment-thumbnail size-thumbnail\" alt=\"\" loading=\"lazy\" srcset=\"http:\/\/www.gourmettes-fribourg.ch\/wp-content\/uploads\/2019\/10\/IMG_04551-160x160.jpg 160w, http:\/\/www.gourmettes-fribourg.ch\/wp-content\/uploads\/2019\/10\/IMG_04551-136x136.jpg 136w, http:\/\/www.gourmettes-fribourg.ch\/wp-content\/uploads\/2019\/10\/IMG_04551-100x100.jpg 100w\" sizes=\"(max-width: 160px) 100vw, 160px\" \/><\/a>\n\t\t\t<\/dt><\/dl><dl class='gallery-item'>\n\t\t\t<dt class='gallery-icon portrait'>\n\t\t\t\t<a href='http:\/\/www.gourmettes-fribourg.ch\/wp-content\/uploads\/2019\/10\/IMG_04531.jpg' title=\"\" data-rl_title=\"\" class=\"rl-gallery-link\" data-rl_caption=\"\" data-rel=\"lightbox-gallery-1\"><img width=\"160\" height=\"160\" src=\"http:\/\/www.gourmettes-fribourg.ch\/wp-content\/uploads\/2019\/10\/IMG_04531-160x160.jpg\" class=\"attachment-thumbnail size-thumbnail\" alt=\"\" loading=\"lazy\" srcset=\"http:\/\/www.gourmettes-fribourg.ch\/wp-content\/uploads\/2019\/10\/IMG_04531-160x160.jpg 160w, http:\/\/www.gourmettes-fribourg.ch\/wp-content\/uploads\/2019\/10\/IMG_04531-136x136.jpg 136w, http:\/\/www.gourmettes-fribourg.ch\/wp-content\/uploads\/2019\/10\/IMG_04531-100x100.jpg 100w\" sizes=\"(max-width: 160px) 100vw, 160px\" \/><\/a>\n\t\t\t<\/dt><\/dl><dl class='gallery-item'>\n\t\t\t<dt class='gallery-icon portrait'>\n\t\t\t\t<a href='http:\/\/www.gourmettes-fribourg.ch\/wp-content\/uploads\/2019\/10\/IMG_04521.jpg' title=\"\" data-rl_title=\"\" class=\"rl-gallery-link\" data-rl_caption=\"\" data-rel=\"lightbox-gallery-1\"><img width=\"160\" height=\"160\" src=\"http:\/\/www.gourmettes-fribourg.ch\/wp-content\/uploads\/2019\/10\/IMG_04521-160x160.jpg\" class=\"attachment-thumbnail size-thumbnail\" alt=\"\" loading=\"lazy\" srcset=\"http:\/\/www.gourmettes-fribourg.ch\/wp-content\/uploads\/2019\/10\/IMG_04521-160x160.jpg 160w, http:\/\/www.gourmettes-fribourg.ch\/wp-content\/uploads\/2019\/10\/IMG_04521-136x136.jpg 136w, http:\/\/www.gourmettes-fribourg.ch\/wp-content\/uploads\/2019\/10\/IMG_04521-100x100.jpg 100w\" sizes=\"(max-width: 160px) 100vw, 160px\" \/><\/a>\n\t\t\t<\/dt><\/dl><br style=\"clear: both\" \/><dl class='gallery-item'>\n\t\t\t<dt class='gallery-icon portrait'>\n\t\t\t\t<a href='http:\/\/www.gourmettes-fribourg.ch\/wp-content\/uploads\/2019\/10\/IMG_04511.jpg' title=\"\" data-rl_title=\"\" class=\"rl-gallery-link\" data-rl_caption=\"\" data-rel=\"lightbox-gallery-1\"><img width=\"160\" height=\"160\" src=\"http:\/\/www.gourmettes-fribourg.ch\/wp-content\/uploads\/2019\/10\/IMG_04511-160x160.jpg\" class=\"attachment-thumbnail size-thumbnail\" alt=\"\" loading=\"lazy\" srcset=\"http:\/\/www.gourmettes-fribourg.ch\/wp-content\/uploads\/2019\/10\/IMG_04511-160x160.jpg 160w, http:\/\/www.gourmettes-fribourg.ch\/wp-content\/uploads\/2019\/10\/IMG_04511-136x136.jpg 136w, http:\/\/www.gourmettes-fribourg.ch\/wp-content\/uploads\/2019\/10\/IMG_04511-100x100.jpg 100w\" sizes=\"(max-width: 160px) 100vw, 160px\" \/><\/a>\n\t\t\t<\/dt><\/dl><dl class='gallery-item'>\n\t\t\t<dt class='gallery-icon portrait'>\n\t\t\t\t<a href='http:\/\/www.gourmettes-fribourg.ch\/wp-content\/uploads\/2019\/10\/IMG_04501.jpg' title=\"\" data-rl_title=\"\" class=\"rl-gallery-link\" data-rl_caption=\"\" data-rel=\"lightbox-gallery-1\"><img width=\"160\" height=\"160\" src=\"http:\/\/www.gourmettes-fribourg.ch\/wp-content\/uploads\/2019\/10\/IMG_04501-160x160.jpg\" class=\"attachment-thumbnail size-thumbnail\" alt=\"\" loading=\"lazy\" srcset=\"http:\/\/www.gourmettes-fribourg.ch\/wp-content\/uploads\/2019\/10\/IMG_04501-160x160.jpg 160w, http:\/\/www.gourmettes-fribourg.ch\/wp-content\/uploads\/2019\/10\/IMG_04501-136x136.jpg 136w, http:\/\/www.gourmettes-fribourg.ch\/wp-content\/uploads\/2019\/10\/IMG_04501-100x100.jpg 100w\" sizes=\"(max-width: 160px) 100vw, 160px\" \/><\/a>\n\t\t\t<\/dt><\/dl><dl class='gallery-item'>\n\t\t\t<dt class='gallery-icon portrait'>\n\t\t\t\t<a href='http:\/\/www.gourmettes-fribourg.ch\/wp-content\/uploads\/2019\/10\/IMG_04491.jpg' title=\"\" data-rl_title=\"\" class=\"rl-gallery-link\" data-rl_caption=\"\" data-rel=\"lightbox-gallery-1\"><img width=\"160\" height=\"160\" src=\"http:\/\/www.gourmettes-fribourg.ch\/wp-content\/uploads\/2019\/10\/IMG_04491-160x160.jpg\" class=\"attachment-thumbnail size-thumbnail\" alt=\"\" loading=\"lazy\" srcset=\"http:\/\/www.gourmettes-fribourg.ch\/wp-content\/uploads\/2019\/10\/IMG_04491-160x160.jpg 160w, http:\/\/www.gourmettes-fribourg.ch\/wp-content\/uploads\/2019\/10\/IMG_04491-136x136.jpg 136w, http:\/\/www.gourmettes-fribourg.ch\/wp-content\/uploads\/2019\/10\/IMG_04491-100x100.jpg 100w\" sizes=\"(max-width: 160px) 100vw, 160px\" \/><\/a>\n\t\t\t<\/dt><\/dl><br style=\"clear: both\" \/><dl class='gallery-item'>\n\t\t\t<dt class='gallery-icon portrait'>\n\t\t\t\t<a href='http:\/\/www.gourmettes-fribourg.ch\/wp-content\/uploads\/2019\/10\/IMG_04481.jpg' title=\"\" data-rl_title=\"\" class=\"rl-gallery-link\" data-rl_caption=\"\" data-rel=\"lightbox-gallery-1\"><img width=\"160\" height=\"160\" src=\"http:\/\/www.gourmettes-fribourg.ch\/wp-content\/uploads\/2019\/10\/IMG_04481-160x160.jpg\" class=\"attachment-thumbnail size-thumbnail\" alt=\"\" loading=\"lazy\" srcset=\"http:\/\/www.gourmettes-fribourg.ch\/wp-content\/uploads\/2019\/10\/IMG_04481-160x160.jpg 160w, http:\/\/www.gourmettes-fribourg.ch\/wp-content\/uploads\/2019\/10\/IMG_04481-136x136.jpg 136w, http:\/\/www.gourmettes-fribourg.ch\/wp-content\/uploads\/2019\/10\/IMG_04481-100x100.jpg 100w\" sizes=\"(max-width: 160px) 100vw, 160px\" \/><\/a>\n\t\t\t<\/dt><\/dl><dl class='gallery-item'>\n\t\t\t<dt class='gallery-icon portrait'>\n\t\t\t\t<a href='http:\/\/www.gourmettes-fribourg.ch\/wp-content\/uploads\/2019\/10\/IMG_04471.jpg' title=\"\" data-rl_title=\"\" class=\"rl-gallery-link\" data-rl_caption=\"\" data-rel=\"lightbox-gallery-1\"><img width=\"160\" height=\"160\" src=\"http:\/\/www.gourmettes-fribourg.ch\/wp-content\/uploads\/2019\/10\/IMG_04471-160x160.jpg\" class=\"attachment-thumbnail size-thumbnail\" alt=\"\" loading=\"lazy\" srcset=\"http:\/\/www.gourmettes-fribourg.ch\/wp-content\/uploads\/2019\/10\/IMG_04471-160x160.jpg 160w, http:\/\/www.gourmettes-fribourg.ch\/wp-content\/uploads\/2019\/10\/IMG_04471-136x136.jpg 136w, http:\/\/www.gourmettes-fribourg.ch\/wp-content\/uploads\/2019\/10\/IMG_04471-100x100.jpg 100w\" sizes=\"(max-width: 160px) 100vw, 160px\" \/><\/a>\n\t\t\t<\/dt><\/dl><dl class='gallery-item'>\n\t\t\t<dt class='gallery-icon portrait'>\n\t\t\t\t<a href='http:\/\/www.gourmettes-fribourg.ch\/wp-content\/uploads\/2019\/10\/IMG_04461.jpg' title=\"\" data-rl_title=\"\" class=\"rl-gallery-link\" data-rl_caption=\"\" data-rel=\"lightbox-gallery-1\"><img width=\"160\" height=\"160\" src=\"http:\/\/www.gourmettes-fribourg.ch\/wp-content\/uploads\/2019\/10\/IMG_04461-160x160.jpg\" class=\"attachment-thumbnail size-thumbnail\" alt=\"\" loading=\"lazy\" srcset=\"http:\/\/www.gourmettes-fribourg.ch\/wp-content\/uploads\/2019\/10\/IMG_04461-160x160.jpg 160w, http:\/\/www.gourmettes-fribourg.ch\/wp-content\/uploads\/2019\/10\/IMG_04461-136x136.jpg 136w, http:\/\/www.gourmettes-fribourg.ch\/wp-content\/uploads\/2019\/10\/IMG_04461-100x100.jpg 100w\" sizes=\"(max-width: 160px) 100vw, 160px\" \/><\/a>\n\t\t\t<\/dt><\/dl><br style=\"clear: both\" \/><dl class='gallery-item'>\n\t\t\t<dt class='gallery-icon portrait'>\n\t\t\t\t<a href='http:\/\/www.gourmettes-fribourg.ch\/wp-content\/uploads\/2019\/10\/IMG_04431.jpg' title=\"\" data-rl_title=\"\" class=\"rl-gallery-link\" data-rl_caption=\"\" data-rel=\"lightbox-gallery-1\"><img width=\"160\" height=\"160\" src=\"http:\/\/www.gourmettes-fribourg.ch\/wp-content\/uploads\/2019\/10\/IMG_04431-160x160.jpg\" class=\"attachment-thumbnail size-thumbnail\" alt=\"\" loading=\"lazy\" srcset=\"http:\/\/www.gourmettes-fribourg.ch\/wp-content\/uploads\/2019\/10\/IMG_04431-160x160.jpg 160w, http:\/\/www.gourmettes-fribourg.ch\/wp-content\/uploads\/2019\/10\/IMG_04431-136x136.jpg 136w, http:\/\/www.gourmettes-fribourg.ch\/wp-content\/uploads\/2019\/10\/IMG_04431-100x100.jpg 100w\" sizes=\"(max-width: 160px) 100vw, 160px\" \/><\/a>\n\t\t\t<\/dt><\/dl><dl class='gallery-item'>\n\t\t\t<dt class='gallery-icon portrait'>\n\t\t\t\t<a href='http:\/\/www.gourmettes-fribourg.ch\/wp-content\/uploads\/2019\/10\/IMG_04411.jpg' title=\"\" data-rl_title=\"\" class=\"rl-gallery-link\" data-rl_caption=\"\" data-rel=\"lightbox-gallery-1\"><img width=\"160\" height=\"160\" src=\"http:\/\/www.gourmettes-fribourg.ch\/wp-content\/uploads\/2019\/10\/IMG_04411-160x160.jpg\" class=\"attachment-thumbnail size-thumbnail\" alt=\"\" loading=\"lazy\" srcset=\"http:\/\/www.gourmettes-fribourg.ch\/wp-content\/uploads\/2019\/10\/IMG_04411-160x160.jpg 160w, http:\/\/www.gourmettes-fribourg.ch\/wp-content\/uploads\/2019\/10\/IMG_04411-136x136.jpg 136w, http:\/\/www.gourmettes-fribourg.ch\/wp-content\/uploads\/2019\/10\/IMG_04411-100x100.jpg 100w\" sizes=\"(max-width: 160px) 100vw, 160px\" \/><\/a>\n\t\t\t<\/dt><\/dl><dl class='gallery-item'>\n\t\t\t<dt class='gallery-icon portrait'>\n\t\t\t\t<a href='http:\/\/www.gourmettes-fribourg.ch\/wp-content\/uploads\/2019\/10\/IMG_04381.jpg' title=\"\" data-rl_title=\"\" class=\"rl-gallery-link\" data-rl_caption=\"\" data-rel=\"lightbox-gallery-1\"><img width=\"160\" height=\"160\" src=\"http:\/\/www.gourmettes-fribourg.ch\/wp-content\/uploads\/2019\/10\/IMG_04381-160x160.jpg\" class=\"attachment-thumbnail size-thumbnail\" alt=\"\" loading=\"lazy\" srcset=\"http:\/\/www.gourmettes-fribourg.ch\/wp-content\/uploads\/2019\/10\/IMG_04381-160x160.jpg 160w, http:\/\/www.gourmettes-fribourg.ch\/wp-content\/uploads\/2019\/10\/IMG_04381-136x136.jpg 136w, http:\/\/www.gourmettes-fribourg.ch\/wp-content\/uploads\/2019\/10\/IMG_04381-100x100.jpg 100w\" sizes=\"(max-width: 160px) 100vw, 160px\" \/><\/a>\n\t\t\t<\/dt><\/dl><br style=\"clear: both\" \/><dl class='gallery-item'>\n\t\t\t<dt class='gallery-icon portrait'>\n\t\t\t\t<a href='http:\/\/www.gourmettes-fribourg.ch\/wp-content\/uploads\/2019\/10\/IMG_04361.jpg' title=\"\" data-rl_title=\"\" class=\"rl-gallery-link\" data-rl_caption=\"\" data-rel=\"lightbox-gallery-1\"><img width=\"160\" height=\"160\" src=\"http:\/\/www.gourmettes-fribourg.ch\/wp-content\/uploads\/2019\/10\/IMG_04361-160x160.jpg\" class=\"attachment-thumbnail size-thumbnail\" alt=\"\" loading=\"lazy\" srcset=\"http:\/\/www.gourmettes-fribourg.ch\/wp-content\/uploads\/2019\/10\/IMG_04361-160x160.jpg 160w, http:\/\/www.gourmettes-fribourg.ch\/wp-content\/uploads\/2019\/10\/IMG_04361-136x136.jpg 136w, http:\/\/www.gourmettes-fribourg.ch\/wp-content\/uploads\/2019\/10\/IMG_04361-100x100.jpg 100w\" sizes=\"(max-width: 160px) 100vw, 160px\" \/><\/a>\n\t\t\t<\/dt><\/dl><dl class='gallery-item'>\n\t\t\t<dt class='gallery-icon portrait'>\n\t\t\t\t<a href='http:\/\/www.gourmettes-fribourg.ch\/wp-content\/uploads\/2019\/10\/IMG_04351.jpg' title=\"\" data-rl_title=\"\" class=\"rl-gallery-link\" data-rl_caption=\"\" data-rel=\"lightbox-gallery-1\"><img width=\"160\" height=\"160\" src=\"http:\/\/www.gourmettes-fribourg.ch\/wp-content\/uploads\/2019\/10\/IMG_04351-160x160.jpg\" class=\"attachment-thumbnail size-thumbnail\" alt=\"\" loading=\"lazy\" srcset=\"http:\/\/www.gourmettes-fribourg.ch\/wp-content\/uploads\/2019\/10\/IMG_04351-160x160.jpg 160w, http:\/\/www.gourmettes-fribourg.ch\/wp-content\/uploads\/2019\/10\/IMG_04351-136x136.jpg 136w, http:\/\/www.gourmettes-fribourg.ch\/wp-content\/uploads\/2019\/10\/IMG_04351-100x100.jpg 100w\" sizes=\"(max-width: 160px) 100vw, 160px\" \/><\/a>\n\t\t\t<\/dt><\/dl><dl class='gallery-item'>\n\t\t\t<dt class='gallery-icon portrait'>\n\t\t\t\t<a href='http:\/\/www.gourmettes-fribourg.ch\/wp-content\/uploads\/2019\/10\/IMG_04341.jpg' title=\"\" data-rl_title=\"\" class=\"rl-gallery-link\" data-rl_caption=\"\" data-rel=\"lightbox-gallery-1\"><img width=\"160\" height=\"160\" src=\"http:\/\/www.gourmettes-fribourg.ch\/wp-content\/uploads\/2019\/10\/IMG_04341-160x160.jpg\" class=\"attachment-thumbnail size-thumbnail\" alt=\"\" loading=\"lazy\" srcset=\"http:\/\/www.gourmettes-fribourg.ch\/wp-content\/uploads\/2019\/10\/IMG_04341-160x160.jpg 160w, http:\/\/www.gourmettes-fribourg.ch\/wp-content\/uploads\/2019\/10\/IMG_04341-136x136.jpg 136w, http:\/\/www.gourmettes-fribourg.ch\/wp-content\/uploads\/2019\/10\/IMG_04341-100x100.jpg 100w\" sizes=\"(max-width: 160px) 100vw, 160px\" \/><\/a>\n\t\t\t<\/dt><\/dl><br style=\"clear: both\" \/><dl class='gallery-item'>\n\t\t\t<dt class='gallery-icon portrait'>\n\t\t\t\t<a href='http:\/\/www.gourmettes-fribourg.ch\/wp-content\/uploads\/2019\/10\/IMG_04331.jpg' title=\"\" data-rl_title=\"\" class=\"rl-gallery-link\" data-rl_caption=\"\" data-rel=\"lightbox-gallery-1\"><img width=\"160\" height=\"160\" src=\"http:\/\/www.gourmettes-fribourg.ch\/wp-content\/uploads\/2019\/10\/IMG_04331-160x160.jpg\" class=\"attachment-thumbnail size-thumbnail\" alt=\"\" loading=\"lazy\" srcset=\"http:\/\/www.gourmettes-fribourg.ch\/wp-content\/uploads\/2019\/10\/IMG_04331-160x160.jpg 160w, http:\/\/www.gourmettes-fribourg.ch\/wp-content\/uploads\/2019\/10\/IMG_04331-136x136.jpg 136w, http:\/\/www.gourmettes-fribourg.ch\/wp-content\/uploads\/2019\/10\/IMG_04331-100x100.jpg 100w\" sizes=\"(max-width: 160px) 100vw, 160px\" \/><\/a>\n\t\t\t<\/dt><\/dl><dl class='gallery-item'>\n\t\t\t<dt class='gallery-icon portrait'>\n\t\t\t\t<a href='http:\/\/www.gourmettes-fribourg.ch\/wp-content\/uploads\/2019\/10\/IMG_04301.jpg' title=\"\" data-rl_title=\"\" class=\"rl-gallery-link\" data-rl_caption=\"\" data-rel=\"lightbox-gallery-1\"><img width=\"160\" height=\"160\" src=\"http:\/\/www.gourmettes-fribourg.ch\/wp-content\/uploads\/2019\/10\/IMG_04301-160x160.jpg\" class=\"attachment-thumbnail size-thumbnail\" alt=\"\" loading=\"lazy\" srcset=\"http:\/\/www.gourmettes-fribourg.ch\/wp-content\/uploads\/2019\/10\/IMG_04301-160x160.jpg 160w, http:\/\/www.gourmettes-fribourg.ch\/wp-content\/uploads\/2019\/10\/IMG_04301-136x136.jpg 136w, http:\/\/www.gourmettes-fribourg.ch\/wp-content\/uploads\/2019\/10\/IMG_04301-100x100.jpg 100w\" sizes=\"(max-width: 160px) 100vw, 160px\" \/><\/a>\n\t\t\t<\/dt><\/dl><dl class='gallery-item'>\n\t\t\t<dt class='gallery-icon portrait'>\n\t\t\t\t<a href='http:\/\/www.gourmettes-fribourg.ch\/wp-content\/uploads\/2019\/10\/IMG_04281.jpg' title=\"\" data-rl_title=\"\" class=\"rl-gallery-link\" data-rl_caption=\"\" data-rel=\"lightbox-gallery-1\"><img width=\"160\" height=\"160\" src=\"http:\/\/www.gourmettes-fribourg.ch\/wp-content\/uploads\/2019\/10\/IMG_04281-160x160.jpg\" class=\"attachment-thumbnail size-thumbnail\" alt=\"\" loading=\"lazy\" srcset=\"http:\/\/www.gourmettes-fribourg.ch\/wp-content\/uploads\/2019\/10\/IMG_04281-160x160.jpg 160w, http:\/\/www.gourmettes-fribourg.ch\/wp-content\/uploads\/2019\/10\/IMG_04281-136x136.jpg 136w, http:\/\/www.gourmettes-fribourg.ch\/wp-content\/uploads\/2019\/10\/IMG_04281-100x100.jpg 100w\" sizes=\"(max-width: 160px) 100vw, 160px\" \/><\/a>\n\t\t\t<\/dt><\/dl><br style=\"clear: both\" \/><dl class='gallery-item'>\n\t\t\t<dt class='gallery-icon portrait'>\n\t\t\t\t<a href='http:\/\/www.gourmettes-fribourg.ch\/wp-content\/uploads\/2019\/10\/IMG_04271.jpg' title=\"\" data-rl_title=\"\" class=\"rl-gallery-link\" data-rl_caption=\"\" data-rel=\"lightbox-gallery-1\"><img width=\"160\" height=\"160\" src=\"http:\/\/www.gourmettes-fribourg.ch\/wp-content\/uploads\/2019\/10\/IMG_04271-160x160.jpg\" class=\"attachment-thumbnail size-thumbnail\" alt=\"\" loading=\"lazy\" srcset=\"http:\/\/www.gourmettes-fribourg.ch\/wp-content\/uploads\/2019\/10\/IMG_04271-160x160.jpg 160w, http:\/\/www.gourmettes-fribourg.ch\/wp-content\/uploads\/2019\/10\/IMG_04271-136x136.jpg 136w, http:\/\/www.gourmettes-fribourg.ch\/wp-content\/uploads\/2019\/10\/IMG_04271-100x100.jpg 100w\" sizes=\"(max-width: 160px) 100vw, 160px\" \/><\/a>\n\t\t\t<\/dt><\/dl><dl class='gallery-item'>\n\t\t\t<dt class='gallery-icon portrait'>\n\t\t\t\t<a href='http:\/\/www.gourmettes-fribourg.ch\/wp-content\/uploads\/2019\/10\/IMG_04251.jpg' title=\"\" data-rl_title=\"\" class=\"rl-gallery-link\" data-rl_caption=\"\" data-rel=\"lightbox-gallery-1\"><img width=\"160\" height=\"160\" src=\"http:\/\/www.gourmettes-fribourg.ch\/wp-content\/uploads\/2019\/10\/IMG_04251-160x160.jpg\" class=\"attachment-thumbnail size-thumbnail\" alt=\"\" loading=\"lazy\" srcset=\"http:\/\/www.gourmettes-fribourg.ch\/wp-content\/uploads\/2019\/10\/IMG_04251-160x160.jpg 160w, http:\/\/www.gourmettes-fribourg.ch\/wp-content\/uploads\/2019\/10\/IMG_04251-136x136.jpg 136w, http:\/\/www.gourmettes-fribourg.ch\/wp-content\/uploads\/2019\/10\/IMG_04251-100x100.jpg 100w\" sizes=\"(max-width: 160px) 100vw, 160px\" \/><\/a>\n\t\t\t<\/dt><\/dl><dl class='gallery-item'>\n\t\t\t<dt class='gallery-icon portrait'>\n\t\t\t\t<a href='http:\/\/www.gourmettes-fribourg.ch\/wp-content\/uploads\/2019\/10\/IMG_04211.jpg' title=\"\" data-rl_title=\"\" class=\"rl-gallery-link\" data-rl_caption=\"\" data-rel=\"lightbox-gallery-1\"><img width=\"160\" height=\"160\" src=\"http:\/\/www.gourmettes-fribourg.ch\/wp-content\/uploads\/2019\/10\/IMG_04211-160x160.jpg\" class=\"attachment-thumbnail size-thumbnail\" alt=\"\" loading=\"lazy\" srcset=\"http:\/\/www.gourmettes-fribourg.ch\/wp-content\/uploads\/2019\/10\/IMG_04211-160x160.jpg 160w, http:\/\/www.gourmettes-fribourg.ch\/wp-content\/uploads\/2019\/10\/IMG_04211-136x136.jpg 136w, http:\/\/www.gourmettes-fribourg.ch\/wp-content\/uploads\/2019\/10\/IMG_04211-100x100.jpg 100w\" sizes=\"(max-width: 160px) 100vw, 160px\" \/><\/a>\n\t\t\t<\/dt><\/dl><br style=\"clear: both\" \/><dl class='gallery-item'>\n\t\t\t<dt class='gallery-icon portrait'>\n\t\t\t\t<a href='http:\/\/www.gourmettes-fribourg.ch\/wp-content\/uploads\/2019\/10\/IMG_04021.jpg' title=\"\" data-rl_title=\"\" class=\"rl-gallery-link\" data-rl_caption=\"\" data-rel=\"lightbox-gallery-1\"><img width=\"160\" height=\"160\" src=\"http:\/\/www.gourmettes-fribourg.ch\/wp-content\/uploads\/2019\/10\/IMG_04021-160x160.jpg\" class=\"attachment-thumbnail size-thumbnail\" alt=\"\" loading=\"lazy\" srcset=\"http:\/\/www.gourmettes-fribourg.ch\/wp-content\/uploads\/2019\/10\/IMG_04021-160x160.jpg 160w, http:\/\/www.gourmettes-fribourg.ch\/wp-content\/uploads\/2019\/10\/IMG_04021-136x136.jpg 136w, http:\/\/www.gourmettes-fribourg.ch\/wp-content\/uploads\/2019\/10\/IMG_04021-100x100.jpg 100w\" sizes=\"(max-width: 160px) 100vw, 160px\" \/><\/a>\n\t\t\t<\/dt><\/dl><dl class='gallery-item'>\n\t\t\t<dt class='gallery-icon portrait'>\n\t\t\t\t<a href='http:\/\/www.gourmettes-fribourg.ch\/wp-content\/uploads\/2019\/10\/IMG_04001.jpg' title=\"\" data-rl_title=\"\" class=\"rl-gallery-link\" data-rl_caption=\"\" data-rel=\"lightbox-gallery-1\"><img width=\"160\" height=\"160\" src=\"http:\/\/www.gourmettes-fribourg.ch\/wp-content\/uploads\/2019\/10\/IMG_04001-160x160.jpg\" class=\"attachment-thumbnail size-thumbnail\" alt=\"\" loading=\"lazy\" srcset=\"http:\/\/www.gourmettes-fribourg.ch\/wp-content\/uploads\/2019\/10\/IMG_04001-160x160.jpg 160w, http:\/\/www.gourmettes-fribourg.ch\/wp-content\/uploads\/2019\/10\/IMG_04001-136x136.jpg 136w, http:\/\/www.gourmettes-fribourg.ch\/wp-content\/uploads\/2019\/10\/IMG_04001-100x100.jpg 100w\" sizes=\"(max-width: 160px) 100vw, 160px\" \/><\/a>\n\t\t\t<\/dt><\/dl><dl class='gallery-item'>\n\t\t\t<dt class='gallery-icon portrait'>\n\t\t\t\t<a href='http:\/\/www.gourmettes-fribourg.ch\/wp-content\/uploads\/2019\/10\/IMG_03971.jpg' title=\"\" data-rl_title=\"\" class=\"rl-gallery-link\" data-rl_caption=\"\" data-rel=\"lightbox-gallery-1\"><img width=\"160\" height=\"160\" src=\"http:\/\/www.gourmettes-fribourg.ch\/wp-content\/uploads\/2019\/10\/IMG_03971-160x160.jpg\" class=\"attachment-thumbnail size-thumbnail\" alt=\"\" loading=\"lazy\" srcset=\"http:\/\/www.gourmettes-fribourg.ch\/wp-content\/uploads\/2019\/10\/IMG_03971-160x160.jpg 160w, http:\/\/www.gourmettes-fribourg.ch\/wp-content\/uploads\/2019\/10\/IMG_03971-136x136.jpg 136w, http:\/\/www.gourmettes-fribourg.ch\/wp-content\/uploads\/2019\/10\/IMG_03971-100x100.jpg 100w\" sizes=\"(max-width: 160px) 100vw, 160px\" \/><\/a>\n\t\t\t<\/dt><\/dl><br style=\"clear: both\" \/><dl class='gallery-item'>\n\t\t\t<dt class='gallery-icon portrait'>\n\t\t\t\t<a href='http:\/\/www.gourmettes-fribourg.ch\/wp-content\/uploads\/2019\/10\/IMG_03921.jpg' title=\"\" data-rl_title=\"\" class=\"rl-gallery-link\" data-rl_caption=\"\" data-rel=\"lightbox-gallery-1\"><img width=\"160\" height=\"160\" src=\"http:\/\/www.gourmettes-fribourg.ch\/wp-content\/uploads\/2019\/10\/IMG_03921-160x160.jpg\" class=\"attachment-thumbnail size-thumbnail\" alt=\"\" loading=\"lazy\" srcset=\"http:\/\/www.gourmettes-fribourg.ch\/wp-content\/uploads\/2019\/10\/IMG_03921-160x160.jpg 160w, http:\/\/www.gourmettes-fribourg.ch\/wp-content\/uploads\/2019\/10\/IMG_03921-136x136.jpg 136w, http:\/\/www.gourmettes-fribourg.ch\/wp-content\/uploads\/2019\/10\/IMG_03921-100x100.jpg 100w\" sizes=\"(max-width: 160px) 100vw, 160px\" \/><\/a>\n\t\t\t<\/dt><\/dl><dl class='gallery-item'>\n\t\t\t<dt class='gallery-icon landscape'>\n\t\t\t\t<a href='http:\/\/www.gourmettes-fribourg.ch\/wp-content\/uploads\/2019\/10\/dd96339e-454a-4bf5-9802-29efef97a2371.jpg' title=\"\" data-rl_title=\"\" class=\"rl-gallery-link\" data-rl_caption=\"\" data-rel=\"lightbox-gallery-1\"><img width=\"160\" height=\"160\" src=\"http:\/\/www.gourmettes-fribourg.ch\/wp-content\/uploads\/2019\/10\/dd96339e-454a-4bf5-9802-29efef97a2371-160x160.jpg\" class=\"attachment-thumbnail size-thumbnail\" alt=\"\" loading=\"lazy\" srcset=\"http:\/\/www.gourmettes-fribourg.ch\/wp-content\/uploads\/2019\/10\/dd96339e-454a-4bf5-9802-29efef97a2371-160x160.jpg 160w, http:\/\/www.gourmettes-fribourg.ch\/wp-content\/uploads\/2019\/10\/dd96339e-454a-4bf5-9802-29efef97a2371-136x136.jpg 136w, http:\/\/www.gourmettes-fribourg.ch\/wp-content\/uploads\/2019\/10\/dd96339e-454a-4bf5-9802-29efef97a2371-100x100.jpg 100w\" sizes=\"(max-width: 160px) 100vw, 160px\" \/><\/a>\n\t\t\t<\/dt><\/dl><dl class='gallery-item'>\n\t\t\t<dt class='gallery-icon portrait'>\n\t\t\t\t<a href='http:\/\/www.gourmettes-fribourg.ch\/wp-content\/uploads\/2019\/10\/ce1d2b2f-97a9-463e-bc00-75929176fa4b1.jpg' title=\"\" data-rl_title=\"\" class=\"rl-gallery-link\" data-rl_caption=\"\" data-rel=\"lightbox-gallery-1\"><img width=\"160\" height=\"160\" src=\"http:\/\/www.gourmettes-fribourg.ch\/wp-content\/uploads\/2019\/10\/ce1d2b2f-97a9-463e-bc00-75929176fa4b1-160x160.jpg\" class=\"attachment-thumbnail size-thumbnail\" alt=\"\" loading=\"lazy\" srcset=\"http:\/\/www.gourmettes-fribourg.ch\/wp-content\/uploads\/2019\/10\/ce1d2b2f-97a9-463e-bc00-75929176fa4b1-160x160.jpg 160w, http:\/\/www.gourmettes-fribourg.ch\/wp-content\/uploads\/2019\/10\/ce1d2b2f-97a9-463e-bc00-75929176fa4b1-136x136.jpg 136w, http:\/\/www.gourmettes-fribourg.ch\/wp-content\/uploads\/2019\/10\/ce1d2b2f-97a9-463e-bc00-75929176fa4b1-100x100.jpg 100w\" sizes=\"(max-width: 160px) 100vw, 160px\" \/><\/a>\n\t\t\t<\/dt><\/dl><br style=\"clear: both\" \/><dl class='gallery-item'>\n\t\t\t<dt class='gallery-icon portrait'>\n\t\t\t\t<a href='http:\/\/www.gourmettes-fribourg.ch\/wp-content\/uploads\/2019\/10\/a2bda615-9e97-4409-9c45-48c72b5511aa1.jpg' title=\"\" data-rl_title=\"\" class=\"rl-gallery-link\" data-rl_caption=\"\" data-rel=\"lightbox-gallery-1\"><img width=\"160\" height=\"160\" src=\"http:\/\/www.gourmettes-fribourg.ch\/wp-content\/uploads\/2019\/10\/a2bda615-9e97-4409-9c45-48c72b5511aa1-160x160.jpg\" class=\"attachment-thumbnail size-thumbnail\" alt=\"\" loading=\"lazy\" srcset=\"http:\/\/www.gourmettes-fribourg.ch\/wp-content\/uploads\/2019\/10\/a2bda615-9e97-4409-9c45-48c72b5511aa1-160x160.jpg 160w, http:\/\/www.gourmettes-fribourg.ch\/wp-content\/uploads\/2019\/10\/a2bda615-9e97-4409-9c45-48c72b5511aa1-136x136.jpg 136w, http:\/\/www.gourmettes-fribourg.ch\/wp-content\/uploads\/2019\/10\/a2bda615-9e97-4409-9c45-48c72b5511aa1-100x100.jpg 100w\" sizes=\"(max-width: 160px) 100vw, 160px\" \/><\/a>\n\t\t\t<\/dt><\/dl><dl class='gallery-item'>\n\t\t\t<dt class='gallery-icon portrait'>\n\t\t\t\t<a href='http:\/\/www.gourmettes-fribourg.ch\/wp-content\/uploads\/2019\/10\/6706f5a8-ee55-40e0-819d-0824e2f561111.jpg' title=\"\" data-rl_title=\"\" class=\"rl-gallery-link\" data-rl_caption=\"\" data-rel=\"lightbox-gallery-1\"><img width=\"160\" height=\"160\" src=\"http:\/\/www.gourmettes-fribourg.ch\/wp-content\/uploads\/2019\/10\/6706f5a8-ee55-40e0-819d-0824e2f561111-160x160.jpg\" class=\"attachment-thumbnail size-thumbnail\" alt=\"\" loading=\"lazy\" srcset=\"http:\/\/www.gourmettes-fribourg.ch\/wp-content\/uploads\/2019\/10\/6706f5a8-ee55-40e0-819d-0824e2f561111-160x160.jpg 160w, http:\/\/www.gourmettes-fribourg.ch\/wp-content\/uploads\/2019\/10\/6706f5a8-ee55-40e0-819d-0824e2f561111-136x136.jpg 136w, http:\/\/www.gourmettes-fribourg.ch\/wp-content\/uploads\/2019\/10\/6706f5a8-ee55-40e0-819d-0824e2f561111-100x100.jpg 100w\" sizes=\"(max-width: 160px) 100vw, 160px\" \/><\/a>\n\t\t\t<\/dt><\/dl><dl class='gallery-item'>\n\t\t\t<dt class='gallery-icon portrait'>\n\t\t\t\t<a href='http:\/\/www.gourmettes-fribourg.ch\/wp-content\/uploads\/2019\/10\/831e3c19-67fd-4a71-a80f-61b7bb7575bc1.jpg' title=\"\" data-rl_title=\"\" class=\"rl-gallery-link\" data-rl_caption=\"\" data-rel=\"lightbox-gallery-1\"><img width=\"160\" height=\"160\" src=\"http:\/\/www.gourmettes-fribourg.ch\/wp-content\/uploads\/2019\/10\/831e3c19-67fd-4a71-a80f-61b7bb7575bc1-160x160.jpg\" class=\"attachment-thumbnail size-thumbnail\" alt=\"\" loading=\"lazy\" srcset=\"http:\/\/www.gourmettes-fribourg.ch\/wp-content\/uploads\/2019\/10\/831e3c19-67fd-4a71-a80f-61b7bb7575bc1-160x160.jpg 160w, http:\/\/www.gourmettes-fribourg.ch\/wp-content\/uploads\/2019\/10\/831e3c19-67fd-4a71-a80f-61b7bb7575bc1-136x136.jpg 136w, http:\/\/www.gourmettes-fribourg.ch\/wp-content\/uploads\/2019\/10\/831e3c19-67fd-4a71-a80f-61b7bb7575bc1-100x100.jpg 100w\" sizes=\"(max-width: 160px) 100vw, 160px\" \/><\/a>\n\t\t\t<\/dt><\/dl><br style=\"clear: both\" \/><dl class='gallery-item'>\n\t\t\t<dt class='gallery-icon portrait'>\n\t\t\t\t<a href='http:\/\/www.gourmettes-fribourg.ch\/wp-content\/uploads\/2019\/10\/23f159f1-34cb-4580-aef8-304b9f6f43b01.jpg' title=\"\" data-rl_title=\"\" class=\"rl-gallery-link\" data-rl_caption=\"\" data-rel=\"lightbox-gallery-1\"><img width=\"160\" height=\"160\" src=\"http:\/\/www.gourmettes-fribourg.ch\/wp-content\/uploads\/2019\/10\/23f159f1-34cb-4580-aef8-304b9f6f43b01-160x160.jpg\" class=\"attachment-thumbnail size-thumbnail\" alt=\"\" loading=\"lazy\" srcset=\"http:\/\/www.gourmettes-fribourg.ch\/wp-content\/uploads\/2019\/10\/23f159f1-34cb-4580-aef8-304b9f6f43b01-160x160.jpg 160w, http:\/\/www.gourmettes-fribourg.ch\/wp-content\/uploads\/2019\/10\/23f159f1-34cb-4580-aef8-304b9f6f43b01-136x136.jpg 136w, http:\/\/www.gourmettes-fribourg.ch\/wp-content\/uploads\/2019\/10\/23f159f1-34cb-4580-aef8-304b9f6f43b01-100x100.jpg 100w\" sizes=\"(max-width: 160px) 100vw, 160px\" \/><\/a>\n\t\t\t<\/dt><\/dl><dl class='gallery-item'>\n\t\t\t<dt class='gallery-icon portrait'>\n\t\t\t\t<a href='http:\/\/www.gourmettes-fribourg.ch\/wp-content\/uploads\/2019\/10\/fccc0253-6264-4c93-ad86-f4a7909063441.jpg' title=\"\" data-rl_title=\"\" class=\"rl-gallery-link\" data-rl_caption=\"\" data-rel=\"lightbox-gallery-1\"><img width=\"160\" height=\"160\" src=\"http:\/\/www.gourmettes-fribourg.ch\/wp-content\/uploads\/2019\/10\/fccc0253-6264-4c93-ad86-f4a7909063441-160x160.jpg\" class=\"attachment-thumbnail size-thumbnail\" alt=\"\" loading=\"lazy\" srcset=\"http:\/\/www.gourmettes-fribourg.ch\/wp-content\/uploads\/2019\/10\/fccc0253-6264-4c93-ad86-f4a7909063441-160x160.jpg 160w, http:\/\/www.gourmettes-fribourg.ch\/wp-content\/uploads\/2019\/10\/fccc0253-6264-4c93-ad86-f4a7909063441-136x136.jpg 136w, http:\/\/www.gourmettes-fribourg.ch\/wp-content\/uploads\/2019\/10\/fccc0253-6264-4c93-ad86-f4a7909063441-100x100.jpg 100w\" sizes=\"(max-width: 160px) 100vw, 160px\" \/><\/a>\n\t\t\t<\/dt><\/dl><dl class='gallery-item'>\n\t\t\t<dt class='gallery-icon portrait'>\n\t\t\t\t<a href='http:\/\/www.gourmettes-fribourg.ch\/wp-content\/uploads\/2019\/10\/fb26aa5d-bd54-4085-b3ae-d3d6f4729260.jpg' title=\"\" data-rl_title=\"\" class=\"rl-gallery-link\" data-rl_caption=\"\" data-rel=\"lightbox-gallery-1\"><img width=\"160\" height=\"160\" src=\"http:\/\/www.gourmettes-fribourg.ch\/wp-content\/uploads\/2019\/10\/fb26aa5d-bd54-4085-b3ae-d3d6f4729260-160x160.jpg\" class=\"attachment-thumbnail size-thumbnail\" alt=\"\" loading=\"lazy\" srcset=\"http:\/\/www.gourmettes-fribourg.ch\/wp-content\/uploads\/2019\/10\/fb26aa5d-bd54-4085-b3ae-d3d6f4729260-160x160.jpg 160w, http:\/\/www.gourmettes-fribourg.ch\/wp-content\/uploads\/2019\/10\/fb26aa5d-bd54-4085-b3ae-d3d6f4729260-136x136.jpg 136w, http:\/\/www.gourmettes-fribourg.ch\/wp-content\/uploads\/2019\/10\/fb26aa5d-bd54-4085-b3ae-d3d6f4729260-100x100.jpg 100w\" sizes=\"(max-width: 160px) 100vw, 160px\" \/><\/a>\n\t\t\t<\/dt><\/dl><br style=\"clear: both\" \/><dl class='gallery-item'>\n\t\t\t<dt class='gallery-icon portrait'>\n\t\t\t\t<a href='http:\/\/www.gourmettes-fribourg.ch\/wp-content\/uploads\/2019\/10\/fb0ecc5b-6d1a-486b-98ce-f06087430773.jpg' title=\"\" data-rl_title=\"\" class=\"rl-gallery-link\" data-rl_caption=\"\" data-rel=\"lightbox-gallery-1\"><img width=\"160\" height=\"160\" src=\"http:\/\/www.gourmettes-fribourg.ch\/wp-content\/uploads\/2019\/10\/fb0ecc5b-6d1a-486b-98ce-f06087430773-160x160.jpg\" class=\"attachment-thumbnail size-thumbnail\" alt=\"\" loading=\"lazy\" srcset=\"http:\/\/www.gourmettes-fribourg.ch\/wp-content\/uploads\/2019\/10\/fb0ecc5b-6d1a-486b-98ce-f06087430773-160x160.jpg 160w, http:\/\/www.gourmettes-fribourg.ch\/wp-content\/uploads\/2019\/10\/fb0ecc5b-6d1a-486b-98ce-f06087430773-136x136.jpg 136w, http:\/\/www.gourmettes-fribourg.ch\/wp-content\/uploads\/2019\/10\/fb0ecc5b-6d1a-486b-98ce-f06087430773-100x100.jpg 100w\" sizes=\"(max-width: 160px) 100vw, 160px\" \/><\/a>\n\t\t\t<\/dt><\/dl><dl class='gallery-item'>\n\t\t\t<dt class='gallery-icon landscape'>\n\t\t\t\t<a href='http:\/\/www.gourmettes-fribourg.ch\/wp-content\/uploads\/2019\/10\/f3a040f7-c569-4d0b-9263-740cac3fed0d.jpg' title=\"\" data-rl_title=\"\" class=\"rl-gallery-link\" data-rl_caption=\"\" data-rel=\"lightbox-gallery-1\"><img width=\"160\" height=\"160\" src=\"http:\/\/www.gourmettes-fribourg.ch\/wp-content\/uploads\/2019\/10\/f3a040f7-c569-4d0b-9263-740cac3fed0d-160x160.jpg\" class=\"attachment-thumbnail size-thumbnail\" alt=\"\" loading=\"lazy\" srcset=\"http:\/\/www.gourmettes-fribourg.ch\/wp-content\/uploads\/2019\/10\/f3a040f7-c569-4d0b-9263-740cac3fed0d-160x160.jpg 160w, http:\/\/www.gourmettes-fribourg.ch\/wp-content\/uploads\/2019\/10\/f3a040f7-c569-4d0b-9263-740cac3fed0d-136x136.jpg 136w, http:\/\/www.gourmettes-fribourg.ch\/wp-content\/uploads\/2019\/10\/f3a040f7-c569-4d0b-9263-740cac3fed0d-100x100.jpg 100w\" sizes=\"(max-width: 160px) 100vw, 160px\" \/><\/a>\n\t\t\t<\/dt><\/dl><dl class='gallery-item'>\n\t\t\t<dt class='gallery-icon portrait'>\n\t\t\t\t<a href='http:\/\/www.gourmettes-fribourg.ch\/wp-content\/uploads\/2019\/10\/f3a4a9c6-18af-4a8b-a36a-c9207d3ec046.jpg' title=\"\" data-rl_title=\"\" class=\"rl-gallery-link\" data-rl_caption=\"\" data-rel=\"lightbox-gallery-1\"><img width=\"160\" height=\"160\" src=\"http:\/\/www.gourmettes-fribourg.ch\/wp-content\/uploads\/2019\/10\/f3a4a9c6-18af-4a8b-a36a-c9207d3ec046-160x160.jpg\" class=\"attachment-thumbnail size-thumbnail\" alt=\"\" loading=\"lazy\" srcset=\"http:\/\/www.gourmettes-fribourg.ch\/wp-content\/uploads\/2019\/10\/f3a4a9c6-18af-4a8b-a36a-c9207d3ec046-160x160.jpg 160w, http:\/\/www.gourmettes-fribourg.ch\/wp-content\/uploads\/2019\/10\/f3a4a9c6-18af-4a8b-a36a-c9207d3ec046-136x136.jpg 136w, http:\/\/www.gourmettes-fribourg.ch\/wp-content\/uploads\/2019\/10\/f3a4a9c6-18af-4a8b-a36a-c9207d3ec046-100x100.jpg 100w\" sizes=\"(max-width: 160px) 100vw, 160px\" \/><\/a>\n\t\t\t<\/dt><\/dl><br style=\"clear: both\" \/><dl class='gallery-item'>\n\t\t\t<dt class='gallery-icon portrait'>\n\t\t\t\t<a href='http:\/\/www.gourmettes-fribourg.ch\/wp-content\/uploads\/2019\/10\/e1693104-c312-4e2e-97d1-90e69060bde3.jpg' title=\"\" data-rl_title=\"\" class=\"rl-gallery-link\" data-rl_caption=\"\" data-rel=\"lightbox-gallery-1\"><img width=\"160\" height=\"160\" src=\"http:\/\/www.gourmettes-fribourg.ch\/wp-content\/uploads\/2019\/10\/e1693104-c312-4e2e-97d1-90e69060bde3-160x160.jpg\" class=\"attachment-thumbnail size-thumbnail\" alt=\"\" loading=\"lazy\" srcset=\"http:\/\/www.gourmettes-fribourg.ch\/wp-content\/uploads\/2019\/10\/e1693104-c312-4e2e-97d1-90e69060bde3-160x160.jpg 160w, http:\/\/www.gourmettes-fribourg.ch\/wp-content\/uploads\/2019\/10\/e1693104-c312-4e2e-97d1-90e69060bde3-136x136.jpg 136w, http:\/\/www.gourmettes-fribourg.ch\/wp-content\/uploads\/2019\/10\/e1693104-c312-4e2e-97d1-90e69060bde3-100x100.jpg 100w\" sizes=\"(max-width: 160px) 100vw, 160px\" \/><\/a>\n\t\t\t<\/dt><\/dl><dl class='gallery-item'>\n\t\t\t<dt class='gallery-icon landscape'>\n\t\t\t\t<a href='http:\/\/www.gourmettes-fribourg.ch\/wp-content\/uploads\/2019\/10\/e8581bc3-1e99-428e-b0cb-35931d9e121a.jpg' title=\"\" data-rl_title=\"\" class=\"rl-gallery-link\" data-rl_caption=\"\" data-rel=\"lightbox-gallery-1\"><img width=\"160\" height=\"160\" src=\"http:\/\/www.gourmettes-fribourg.ch\/wp-content\/uploads\/2019\/10\/e8581bc3-1e99-428e-b0cb-35931d9e121a-160x160.jpg\" class=\"attachment-thumbnail size-thumbnail\" alt=\"\" loading=\"lazy\" srcset=\"http:\/\/www.gourmettes-fribourg.ch\/wp-content\/uploads\/2019\/10\/e8581bc3-1e99-428e-b0cb-35931d9e121a-160x160.jpg 160w, http:\/\/www.gourmettes-fribourg.ch\/wp-content\/uploads\/2019\/10\/e8581bc3-1e99-428e-b0cb-35931d9e121a-136x136.jpg 136w, http:\/\/www.gourmettes-fribourg.ch\/wp-content\/uploads\/2019\/10\/e8581bc3-1e99-428e-b0cb-35931d9e121a-100x100.jpg 100w\" sizes=\"(max-width: 160px) 100vw, 160px\" \/><\/a>\n\t\t\t<\/dt><\/dl><dl class='gallery-item'>\n\t\t\t<dt class='gallery-icon landscape'>\n\t\t\t\t<a href='http:\/\/www.gourmettes-fribourg.ch\/wp-content\/uploads\/2019\/10\/e740f76d-d211-4ac5-84fe-eef14e2374ad.jpg' title=\"\" data-rl_title=\"\" class=\"rl-gallery-link\" data-rl_caption=\"\" data-rel=\"lightbox-gallery-1\"><img width=\"160\" height=\"160\" src=\"http:\/\/www.gourmettes-fribourg.ch\/wp-content\/uploads\/2019\/10\/e740f76d-d211-4ac5-84fe-eef14e2374ad-160x160.jpg\" class=\"attachment-thumbnail size-thumbnail\" alt=\"\" loading=\"lazy\" srcset=\"http:\/\/www.gourmettes-fribourg.ch\/wp-content\/uploads\/2019\/10\/e740f76d-d211-4ac5-84fe-eef14e2374ad-160x160.jpg 160w, http:\/\/www.gourmettes-fribourg.ch\/wp-content\/uploads\/2019\/10\/e740f76d-d211-4ac5-84fe-eef14e2374ad-136x136.jpg 136w, http:\/\/www.gourmettes-fribourg.ch\/wp-content\/uploads\/2019\/10\/e740f76d-d211-4ac5-84fe-eef14e2374ad-100x100.jpg 100w\" sizes=\"(max-width: 160px) 100vw, 160px\" \/><\/a>\n\t\t\t<\/dt><\/dl><br style=\"clear: both\" \/><dl class='gallery-item'>\n\t\t\t<dt class='gallery-icon landscape'>\n\t\t\t\t<a href='http:\/\/www.gourmettes-fribourg.ch\/wp-content\/uploads\/2019\/10\/e30a60ff-aa88-4156-893a-a06816b70dc0.jpg' title=\"\" data-rl_title=\"\" class=\"rl-gallery-link\" data-rl_caption=\"\" data-rel=\"lightbox-gallery-1\"><img width=\"160\" height=\"160\" src=\"http:\/\/www.gourmettes-fribourg.ch\/wp-content\/uploads\/2019\/10\/e30a60ff-aa88-4156-893a-a06816b70dc0-160x160.jpg\" class=\"attachment-thumbnail size-thumbnail\" alt=\"\" loading=\"lazy\" srcset=\"http:\/\/www.gourmettes-fribourg.ch\/wp-content\/uploads\/2019\/10\/e30a60ff-aa88-4156-893a-a06816b70dc0-160x160.jpg 160w, http:\/\/www.gourmettes-fribourg.ch\/wp-content\/uploads\/2019\/10\/e30a60ff-aa88-4156-893a-a06816b70dc0-136x136.jpg 136w, http:\/\/www.gourmettes-fribourg.ch\/wp-content\/uploads\/2019\/10\/e30a60ff-aa88-4156-893a-a06816b70dc0-100x100.jpg 100w\" sizes=\"(max-width: 160px) 100vw, 160px\" \/><\/a>\n\t\t\t<\/dt><\/dl><dl class='gallery-item'>\n\t\t\t<dt class='gallery-icon portrait'>\n\t\t\t\t<a href='http:\/\/www.gourmettes-fribourg.ch\/wp-content\/uploads\/2019\/10\/e10e1d6e-57b5-4d0a-b6b3-1886a6c22d72.jpg' title=\"\" data-rl_title=\"\" class=\"rl-gallery-link\" data-rl_caption=\"\" data-rel=\"lightbox-gallery-1\"><img width=\"160\" height=\"160\" src=\"http:\/\/www.gourmettes-fribourg.ch\/wp-content\/uploads\/2019\/10\/e10e1d6e-57b5-4d0a-b6b3-1886a6c22d72-160x160.jpg\" class=\"attachment-thumbnail size-thumbnail\" alt=\"\" loading=\"lazy\" srcset=\"http:\/\/www.gourmettes-fribourg.ch\/wp-content\/uploads\/2019\/10\/e10e1d6e-57b5-4d0a-b6b3-1886a6c22d72-160x160.jpg 160w, http:\/\/www.gourmettes-fribourg.ch\/wp-content\/uploads\/2019\/10\/e10e1d6e-57b5-4d0a-b6b3-1886a6c22d72-136x136.jpg 136w, http:\/\/www.gourmettes-fribourg.ch\/wp-content\/uploads\/2019\/10\/e10e1d6e-57b5-4d0a-b6b3-1886a6c22d72-100x100.jpg 100w\" sizes=\"(max-width: 160px) 100vw, 160px\" \/><\/a>\n\t\t\t<\/dt><\/dl><dl class='gallery-item'>\n\t\t\t<dt class='gallery-icon portrait'>\n\t\t\t\t<a href='http:\/\/www.gourmettes-fribourg.ch\/wp-content\/uploads\/2019\/10\/d7681466-4413-40d5-acf4-10f4a52ba8a0.jpg' title=\"\" data-rl_title=\"\" class=\"rl-gallery-link\" data-rl_caption=\"\" data-rel=\"lightbox-gallery-1\"><img width=\"160\" height=\"160\" src=\"http:\/\/www.gourmettes-fribourg.ch\/wp-content\/uploads\/2019\/10\/d7681466-4413-40d5-acf4-10f4a52ba8a0-160x160.jpg\" class=\"attachment-thumbnail size-thumbnail\" alt=\"\" loading=\"lazy\" srcset=\"http:\/\/www.gourmettes-fribourg.ch\/wp-content\/uploads\/2019\/10\/d7681466-4413-40d5-acf4-10f4a52ba8a0-160x160.jpg 160w, http:\/\/www.gourmettes-fribourg.ch\/wp-content\/uploads\/2019\/10\/d7681466-4413-40d5-acf4-10f4a52ba8a0-136x136.jpg 136w, http:\/\/www.gourmettes-fribourg.ch\/wp-content\/uploads\/2019\/10\/d7681466-4413-40d5-acf4-10f4a52ba8a0-100x100.jpg 100w\" sizes=\"(max-width: 160px) 100vw, 160px\" \/><\/a>\n\t\t\t<\/dt><\/dl><br style=\"clear: both\" \/><dl class='gallery-item'>\n\t\t\t<dt class='gallery-icon portrait'>\n\t\t\t\t<a href='http:\/\/www.gourmettes-fribourg.ch\/wp-content\/uploads\/2019\/10\/d24597c4-aa49-41c2-92fd-841f223e2330.jpg' title=\"\" data-rl_title=\"\" class=\"rl-gallery-link\" data-rl_caption=\"\" data-rel=\"lightbox-gallery-1\"><img width=\"160\" height=\"160\" src=\"http:\/\/www.gourmettes-fribourg.ch\/wp-content\/uploads\/2019\/10\/d24597c4-aa49-41c2-92fd-841f223e2330-160x160.jpg\" class=\"attachment-thumbnail size-thumbnail\" alt=\"\" loading=\"lazy\" srcset=\"http:\/\/www.gourmettes-fribourg.ch\/wp-content\/uploads\/2019\/10\/d24597c4-aa49-41c2-92fd-841f223e2330-160x160.jpg 160w, http:\/\/www.gourmettes-fribourg.ch\/wp-content\/uploads\/2019\/10\/d24597c4-aa49-41c2-92fd-841f223e2330-136x136.jpg 136w, http:\/\/www.gourmettes-fribourg.ch\/wp-content\/uploads\/2019\/10\/d24597c4-aa49-41c2-92fd-841f223e2330-100x100.jpg 100w\" sizes=\"(max-width: 160px) 100vw, 160px\" \/><\/a>\n\t\t\t<\/dt><\/dl><dl class='gallery-item'>\n\t\t\t<dt class='gallery-icon portrait'>\n\t\t\t\t<a href='http:\/\/www.gourmettes-fribourg.ch\/wp-content\/uploads\/2019\/10\/cd989ec0-b2cd-4ef6-a6ef-eea208698ef61.jpg' title=\"\" data-rl_title=\"\" class=\"rl-gallery-link\" data-rl_caption=\"\" data-rel=\"lightbox-gallery-1\"><img width=\"160\" height=\"160\" src=\"http:\/\/www.gourmettes-fribourg.ch\/wp-content\/uploads\/2019\/10\/cd989ec0-b2cd-4ef6-a6ef-eea208698ef61-160x160.jpg\" class=\"attachment-thumbnail size-thumbnail\" alt=\"\" loading=\"lazy\" srcset=\"http:\/\/www.gourmettes-fribourg.ch\/wp-content\/uploads\/2019\/10\/cd989ec0-b2cd-4ef6-a6ef-eea208698ef61-160x160.jpg 160w, http:\/\/www.gourmettes-fribourg.ch\/wp-content\/uploads\/2019\/10\/cd989ec0-b2cd-4ef6-a6ef-eea208698ef61-136x136.jpg 136w, http:\/\/www.gourmettes-fribourg.ch\/wp-content\/uploads\/2019\/10\/cd989ec0-b2cd-4ef6-a6ef-eea208698ef61-100x100.jpg 100w\" sizes=\"(max-width: 160px) 100vw, 160px\" \/><\/a>\n\t\t\t<\/dt><\/dl><dl class='gallery-item'>\n\t\t\t<dt class='gallery-icon landscape'>\n\t\t\t\t<a href='http:\/\/www.gourmettes-fribourg.ch\/wp-content\/uploads\/2019\/10\/cab59b55-2f18-4617-8b0f-66ed2052d5f4.jpg' title=\"\" data-rl_title=\"\" class=\"rl-gallery-link\" data-rl_caption=\"\" data-rel=\"lightbox-gallery-1\"><img width=\"160\" height=\"160\" src=\"http:\/\/www.gourmettes-fribourg.ch\/wp-content\/uploads\/2019\/10\/cab59b55-2f18-4617-8b0f-66ed2052d5f4-160x160.jpg\" class=\"attachment-thumbnail size-thumbnail\" alt=\"\" loading=\"lazy\" srcset=\"http:\/\/www.gourmettes-fribourg.ch\/wp-content\/uploads\/2019\/10\/cab59b55-2f18-4617-8b0f-66ed2052d5f4-160x160.jpg 160w, http:\/\/www.gourmettes-fribourg.ch\/wp-content\/uploads\/2019\/10\/cab59b55-2f18-4617-8b0f-66ed2052d5f4-136x136.jpg 136w, http:\/\/www.gourmettes-fribourg.ch\/wp-content\/uploads\/2019\/10\/cab59b55-2f18-4617-8b0f-66ed2052d5f4-100x100.jpg 100w\" sizes=\"(max-width: 160px) 100vw, 160px\" \/><\/a>\n\t\t\t<\/dt><\/dl><br style=\"clear: both\" \/><dl class='gallery-item'>\n\t\t\t<dt class='gallery-icon landscape'>\n\t\t\t\t<a href='http:\/\/www.gourmettes-fribourg.ch\/wp-content\/uploads\/2019\/10\/ca068480-90d7-443d-8b39-2304929c66fb.jpg' title=\"\" data-rl_title=\"\" class=\"rl-gallery-link\" data-rl_caption=\"\" data-rel=\"lightbox-gallery-1\"><img width=\"160\" height=\"160\" src=\"http:\/\/www.gourmettes-fribourg.ch\/wp-content\/uploads\/2019\/10\/ca068480-90d7-443d-8b39-2304929c66fb-160x160.jpg\" class=\"attachment-thumbnail size-thumbnail\" alt=\"\" loading=\"lazy\" srcset=\"http:\/\/www.gourmettes-fribourg.ch\/wp-content\/uploads\/2019\/10\/ca068480-90d7-443d-8b39-2304929c66fb-160x160.jpg 160w, http:\/\/www.gourmettes-fribourg.ch\/wp-content\/uploads\/2019\/10\/ca068480-90d7-443d-8b39-2304929c66fb-136x136.jpg 136w, http:\/\/www.gourmettes-fribourg.ch\/wp-content\/uploads\/2019\/10\/ca068480-90d7-443d-8b39-2304929c66fb-100x100.jpg 100w\" sizes=\"(max-width: 160px) 100vw, 160px\" \/><\/a>\n\t\t\t<\/dt><\/dl><dl class='gallery-item'>\n\t\t\t<dt class='gallery-icon landscape'>\n\t\t\t\t<a href='http:\/\/www.gourmettes-fribourg.ch\/wp-content\/uploads\/2019\/10\/c0eefb6f-890c-428c-b191-d940407ca7fd.jpg' title=\"\" data-rl_title=\"\" class=\"rl-gallery-link\" data-rl_caption=\"\" data-rel=\"lightbox-gallery-1\"><img width=\"160\" height=\"160\" src=\"http:\/\/www.gourmettes-fribourg.ch\/wp-content\/uploads\/2019\/10\/c0eefb6f-890c-428c-b191-d940407ca7fd-160x160.jpg\" class=\"attachment-thumbnail size-thumbnail\" alt=\"\" loading=\"lazy\" srcset=\"http:\/\/www.gourmettes-fribourg.ch\/wp-content\/uploads\/2019\/10\/c0eefb6f-890c-428c-b191-d940407ca7fd-160x160.jpg 160w, http:\/\/www.gourmettes-fribourg.ch\/wp-content\/uploads\/2019\/10\/c0eefb6f-890c-428c-b191-d940407ca7fd-136x136.jpg 136w, http:\/\/www.gourmettes-fribourg.ch\/wp-content\/uploads\/2019\/10\/c0eefb6f-890c-428c-b191-d940407ca7fd-100x100.jpg 100w\" sizes=\"(max-width: 160px) 100vw, 160px\" \/><\/a>\n\t\t\t<\/dt><\/dl><dl class='gallery-item'>\n\t\t\t<dt class='gallery-icon landscape'>\n\t\t\t\t<a href='http:\/\/www.gourmettes-fribourg.ch\/wp-content\/uploads\/2019\/10\/bac38dbc-25d3-43e4-ab58-03c99ceffe9f.jpg' title=\"\" data-rl_title=\"\" class=\"rl-gallery-link\" data-rl_caption=\"\" data-rel=\"lightbox-gallery-1\"><img width=\"160\" height=\"160\" src=\"http:\/\/www.gourmettes-fribourg.ch\/wp-content\/uploads\/2019\/10\/bac38dbc-25d3-43e4-ab58-03c99ceffe9f-160x160.jpg\" class=\"attachment-thumbnail size-thumbnail\" alt=\"\" loading=\"lazy\" srcset=\"http:\/\/www.gourmettes-fribourg.ch\/wp-content\/uploads\/2019\/10\/bac38dbc-25d3-43e4-ab58-03c99ceffe9f-160x160.jpg 160w, http:\/\/www.gourmettes-fribourg.ch\/wp-content\/uploads\/2019\/10\/bac38dbc-25d3-43e4-ab58-03c99ceffe9f-136x136.jpg 136w, http:\/\/www.gourmettes-fribourg.ch\/wp-content\/uploads\/2019\/10\/bac38dbc-25d3-43e4-ab58-03c99ceffe9f-100x100.jpg 100w\" sizes=\"(max-width: 160px) 100vw, 160px\" \/><\/a>\n\t\t\t<\/dt><\/dl><br style=\"clear: both\" \/><dl class='gallery-item'>\n\t\t\t<dt class='gallery-icon portrait'>\n\t\t\t\t<a href='http:\/\/www.gourmettes-fribourg.ch\/wp-content\/uploads\/2019\/10\/b78b20c4-f5c9-425f-b363-bd43a08358e1.jpg' title=\"\" data-rl_title=\"\" class=\"rl-gallery-link\" data-rl_caption=\"\" data-rel=\"lightbox-gallery-1\"><img width=\"160\" height=\"160\" src=\"http:\/\/www.gourmettes-fribourg.ch\/wp-content\/uploads\/2019\/10\/b78b20c4-f5c9-425f-b363-bd43a08358e1-160x160.jpg\" class=\"attachment-thumbnail size-thumbnail\" alt=\"\" loading=\"lazy\" srcset=\"http:\/\/www.gourmettes-fribourg.ch\/wp-content\/uploads\/2019\/10\/b78b20c4-f5c9-425f-b363-bd43a08358e1-160x160.jpg 160w, http:\/\/www.gourmettes-fribourg.ch\/wp-content\/uploads\/2019\/10\/b78b20c4-f5c9-425f-b363-bd43a08358e1-136x136.jpg 136w, http:\/\/www.gourmettes-fribourg.ch\/wp-content\/uploads\/2019\/10\/b78b20c4-f5c9-425f-b363-bd43a08358e1-100x100.jpg 100w\" sizes=\"(max-width: 160px) 100vw, 160px\" \/><\/a>\n\t\t\t<\/dt><\/dl><dl class='gallery-item'>\n\t\t\t<dt class='gallery-icon landscape'>\n\t\t\t\t<a href='http:\/\/www.gourmettes-fribourg.ch\/wp-content\/uploads\/2019\/10\/afe375fa-0001-4810-a769-ea25b237eeb0.jpg' title=\"\" data-rl_title=\"\" class=\"rl-gallery-link\" data-rl_caption=\"\" data-rel=\"lightbox-gallery-1\"><img width=\"160\" height=\"160\" src=\"http:\/\/www.gourmettes-fribourg.ch\/wp-content\/uploads\/2019\/10\/afe375fa-0001-4810-a769-ea25b237eeb0-160x160.jpg\" class=\"attachment-thumbnail size-thumbnail\" alt=\"\" loading=\"lazy\" srcset=\"http:\/\/www.gourmettes-fribourg.ch\/wp-content\/uploads\/2019\/10\/afe375fa-0001-4810-a769-ea25b237eeb0-160x160.jpg 160w, http:\/\/www.gourmettes-fribourg.ch\/wp-content\/uploads\/2019\/10\/afe375fa-0001-4810-a769-ea25b237eeb0-136x136.jpg 136w, http:\/\/www.gourmettes-fribourg.ch\/wp-content\/uploads\/2019\/10\/afe375fa-0001-4810-a769-ea25b237eeb0-100x100.jpg 100w\" sizes=\"(max-width: 160px) 100vw, 160px\" \/><\/a>\n\t\t\t<\/dt><\/dl><dl class='gallery-item'>\n\t\t\t<dt class='gallery-icon landscape'>\n\t\t\t\t<a href='http:\/\/www.gourmettes-fribourg.ch\/wp-content\/uploads\/2019\/10\/ae114a28-ebc7-4b52-85e0-cfdfed61d6c1.jpg' title=\"\" data-rl_title=\"\" class=\"rl-gallery-link\" data-rl_caption=\"\" data-rel=\"lightbox-gallery-1\"><img width=\"160\" height=\"160\" src=\"http:\/\/www.gourmettes-fribourg.ch\/wp-content\/uploads\/2019\/10\/ae114a28-ebc7-4b52-85e0-cfdfed61d6c1-160x160.jpg\" class=\"attachment-thumbnail size-thumbnail\" alt=\"\" loading=\"lazy\" srcset=\"http:\/\/www.gourmettes-fribourg.ch\/wp-content\/uploads\/2019\/10\/ae114a28-ebc7-4b52-85e0-cfdfed61d6c1-160x160.jpg 160w, http:\/\/www.gourmettes-fribourg.ch\/wp-content\/uploads\/2019\/10\/ae114a28-ebc7-4b52-85e0-cfdfed61d6c1-136x136.jpg 136w, http:\/\/www.gourmettes-fribourg.ch\/wp-content\/uploads\/2019\/10\/ae114a28-ebc7-4b52-85e0-cfdfed61d6c1-100x100.jpg 100w\" sizes=\"(max-width: 160px) 100vw, 160px\" \/><\/a>\n\t\t\t<\/dt><\/dl><br style=\"clear: both\" \/><dl class='gallery-item'>\n\t\t\t<dt class='gallery-icon landscape'>\n\t\t\t\t<a href='http:\/\/www.gourmettes-fribourg.ch\/wp-content\/uploads\/2019\/10\/aa2739da-d5ab-4a50-97b3-264843f2e169.jpg' title=\"\" data-rl_title=\"\" class=\"rl-gallery-link\" data-rl_caption=\"\" data-rel=\"lightbox-gallery-1\"><img width=\"160\" height=\"160\" src=\"http:\/\/www.gourmettes-fribourg.ch\/wp-content\/uploads\/2019\/10\/aa2739da-d5ab-4a50-97b3-264843f2e169-160x160.jpg\" class=\"attachment-thumbnail size-thumbnail\" alt=\"\" loading=\"lazy\" srcset=\"http:\/\/www.gourmettes-fribourg.ch\/wp-content\/uploads\/2019\/10\/aa2739da-d5ab-4a50-97b3-264843f2e169-160x160.jpg 160w, http:\/\/www.gourmettes-fribourg.ch\/wp-content\/uploads\/2019\/10\/aa2739da-d5ab-4a50-97b3-264843f2e169-136x136.jpg 136w, http:\/\/www.gourmettes-fribourg.ch\/wp-content\/uploads\/2019\/10\/aa2739da-d5ab-4a50-97b3-264843f2e169-100x100.jpg 100w\" sizes=\"(max-width: 160px) 100vw, 160px\" \/><\/a>\n\t\t\t<\/dt><\/dl><dl class='gallery-item'>\n\t\t\t<dt class='gallery-icon portrait'>\n\t\t\t\t<a href='http:\/\/www.gourmettes-fribourg.ch\/wp-content\/uploads\/2019\/10\/a89efcc3-df6b-41a0-ab56-2562e1eaabd01.jpg' title=\"\" data-rl_title=\"\" class=\"rl-gallery-link\" data-rl_caption=\"\" data-rel=\"lightbox-gallery-1\"><img width=\"160\" height=\"160\" src=\"http:\/\/www.gourmettes-fribourg.ch\/wp-content\/uploads\/2019\/10\/a89efcc3-df6b-41a0-ab56-2562e1eaabd01-160x160.jpg\" class=\"attachment-thumbnail size-thumbnail\" alt=\"\" loading=\"lazy\" srcset=\"http:\/\/www.gourmettes-fribourg.ch\/wp-content\/uploads\/2019\/10\/a89efcc3-df6b-41a0-ab56-2562e1eaabd01-160x160.jpg 160w, http:\/\/www.gourmettes-fribourg.ch\/wp-content\/uploads\/2019\/10\/a89efcc3-df6b-41a0-ab56-2562e1eaabd01-136x136.jpg 136w, http:\/\/www.gourmettes-fribourg.ch\/wp-content\/uploads\/2019\/10\/a89efcc3-df6b-41a0-ab56-2562e1eaabd01-100x100.jpg 100w\" sizes=\"(max-width: 160px) 100vw, 160px\" \/><\/a>\n\t\t\t<\/dt><\/dl><dl class='gallery-item'>\n\t\t\t<dt class='gallery-icon landscape'>\n\t\t\t\t<a href='http:\/\/www.gourmettes-fribourg.ch\/wp-content\/uploads\/2019\/10\/64262976-2feb-477c-8e60-269e90ac9bc1.jpg' title=\"\" data-rl_title=\"\" class=\"rl-gallery-link\" data-rl_caption=\"\" data-rel=\"lightbox-gallery-1\"><img width=\"160\" height=\"160\" src=\"http:\/\/www.gourmettes-fribourg.ch\/wp-content\/uploads\/2019\/10\/64262976-2feb-477c-8e60-269e90ac9bc1-160x160.jpg\" class=\"attachment-thumbnail size-thumbnail\" alt=\"\" loading=\"lazy\" srcset=\"http:\/\/www.gourmettes-fribourg.ch\/wp-content\/uploads\/2019\/10\/64262976-2feb-477c-8e60-269e90ac9bc1-160x160.jpg 160w, http:\/\/www.gourmettes-fribourg.ch\/wp-content\/uploads\/2019\/10\/64262976-2feb-477c-8e60-269e90ac9bc1-136x136.jpg 136w, http:\/\/www.gourmettes-fribourg.ch\/wp-content\/uploads\/2019\/10\/64262976-2feb-477c-8e60-269e90ac9bc1-100x100.jpg 100w\" sizes=\"(max-width: 160px) 100vw, 160px\" \/><\/a>\n\t\t\t<\/dt><\/dl><br style=\"clear: both\" \/><dl class='gallery-item'>\n\t\t\t<dt class='gallery-icon landscape'>\n\t\t\t\t<a href='http:\/\/www.gourmettes-fribourg.ch\/wp-content\/uploads\/2019\/10\/35063141-01ab-4231-8b9e-ca29ce2e9df7.jpg' title=\"\" data-rl_title=\"\" class=\"rl-gallery-link\" data-rl_caption=\"\" data-rel=\"lightbox-gallery-1\"><img width=\"160\" height=\"160\" src=\"http:\/\/www.gourmettes-fribourg.ch\/wp-content\/uploads\/2019\/10\/35063141-01ab-4231-8b9e-ca29ce2e9df7-160x160.jpg\" class=\"attachment-thumbnail size-thumbnail\" alt=\"\" loading=\"lazy\" srcset=\"http:\/\/www.gourmettes-fribourg.ch\/wp-content\/uploads\/2019\/10\/35063141-01ab-4231-8b9e-ca29ce2e9df7-160x160.jpg 160w, http:\/\/www.gourmettes-fribourg.ch\/wp-content\/uploads\/2019\/10\/35063141-01ab-4231-8b9e-ca29ce2e9df7-136x136.jpg 136w, http:\/\/www.gourmettes-fribourg.ch\/wp-content\/uploads\/2019\/10\/35063141-01ab-4231-8b9e-ca29ce2e9df7-100x100.jpg 100w\" sizes=\"(max-width: 160px) 100vw, 160px\" \/><\/a>\n\t\t\t<\/dt><\/dl><dl class='gallery-item'>\n\t\t\t<dt class='gallery-icon landscape'>\n\t\t\t\t<a href='http:\/\/www.gourmettes-fribourg.ch\/wp-content\/uploads\/2019\/10\/330229b0-bfc2-4aec-8d16-0944447b2ec2.jpg' title=\"\" data-rl_title=\"\" class=\"rl-gallery-link\" data-rl_caption=\"\" data-rel=\"lightbox-gallery-1\"><img width=\"160\" height=\"160\" src=\"http:\/\/www.gourmettes-fribourg.ch\/wp-content\/uploads\/2019\/10\/330229b0-bfc2-4aec-8d16-0944447b2ec2-160x160.jpg\" class=\"attachment-thumbnail size-thumbnail\" alt=\"\" loading=\"lazy\" srcset=\"http:\/\/www.gourmettes-fribourg.ch\/wp-content\/uploads\/2019\/10\/330229b0-bfc2-4aec-8d16-0944447b2ec2-160x160.jpg 160w, http:\/\/www.gourmettes-fribourg.ch\/wp-content\/uploads\/2019\/10\/330229b0-bfc2-4aec-8d16-0944447b2ec2-136x136.jpg 136w, http:\/\/www.gourmettes-fribourg.ch\/wp-content\/uploads\/2019\/10\/330229b0-bfc2-4aec-8d16-0944447b2ec2-100x100.jpg 100w\" sizes=\"(max-width: 160px) 100vw, 160px\" \/><\/a>\n\t\t\t<\/dt><\/dl><dl class='gallery-item'>\n\t\t\t<dt class='gallery-icon landscape'>\n\t\t\t\t<a href='http:\/\/www.gourmettes-fribourg.ch\/wp-content\/uploads\/2019\/10\/8894e0af-33f3-4d38-93fe-dedc276e38cf.jpg' title=\"\" data-rl_title=\"\" class=\"rl-gallery-link\" data-rl_caption=\"\" data-rel=\"lightbox-gallery-1\"><img width=\"160\" height=\"160\" src=\"http:\/\/www.gourmettes-fribourg.ch\/wp-content\/uploads\/2019\/10\/8894e0af-33f3-4d38-93fe-dedc276e38cf-160x160.jpg\" class=\"attachment-thumbnail size-thumbnail\" alt=\"\" loading=\"lazy\" srcset=\"http:\/\/www.gourmettes-fribourg.ch\/wp-content\/uploads\/2019\/10\/8894e0af-33f3-4d38-93fe-dedc276e38cf-160x160.jpg 160w, http:\/\/www.gourmettes-fribourg.ch\/wp-content\/uploads\/2019\/10\/8894e0af-33f3-4d38-93fe-dedc276e38cf-136x136.jpg 136w, http:\/\/www.gourmettes-fribourg.ch\/wp-content\/uploads\/2019\/10\/8894e0af-33f3-4d38-93fe-dedc276e38cf-100x100.jpg 100w\" sizes=\"(max-width: 160px) 100vw, 160px\" \/><\/a>\n\t\t\t<\/dt><\/dl><br style=\"clear: both\" \/><dl class='gallery-item'>\n\t\t\t<dt class='gallery-icon landscape'>\n\t\t\t\t<a href='http:\/\/www.gourmettes-fribourg.ch\/wp-content\/uploads\/2019\/10\/2047b956-fbaf-4058-925f-d54489fc5c24.jpg' title=\"\" data-rl_title=\"\" class=\"rl-gallery-link\" data-rl_caption=\"\" data-rel=\"lightbox-gallery-1\"><img width=\"160\" height=\"160\" src=\"http:\/\/www.gourmettes-fribourg.ch\/wp-content\/uploads\/2019\/10\/2047b956-fbaf-4058-925f-d54489fc5c24-160x160.jpg\" class=\"attachment-thumbnail size-thumbnail\" alt=\"\" loading=\"lazy\" srcset=\"http:\/\/www.gourmettes-fribourg.ch\/wp-content\/uploads\/2019\/10\/2047b956-fbaf-4058-925f-d54489fc5c24-160x160.jpg 160w, http:\/\/www.gourmettes-fribourg.ch\/wp-content\/uploads\/2019\/10\/2047b956-fbaf-4058-925f-d54489fc5c24-136x136.jpg 136w, http:\/\/www.gourmettes-fribourg.ch\/wp-content\/uploads\/2019\/10\/2047b956-fbaf-4058-925f-d54489fc5c24-100x100.jpg 100w\" sizes=\"(max-width: 160px) 100vw, 160px\" \/><\/a>\n\t\t\t<\/dt><\/dl><dl class='gallery-item'>\n\t\t\t<dt class='gallery-icon portrait'>\n\t\t\t\t<a href='http:\/\/www.gourmettes-fribourg.ch\/wp-content\/uploads\/2019\/10\/1560d475-276c-42b4-b1af-65eb4cd4fb05.jpg' title=\"\" data-rl_title=\"\" class=\"rl-gallery-link\" data-rl_caption=\"\" data-rel=\"lightbox-gallery-1\"><img width=\"160\" height=\"160\" src=\"http:\/\/www.gourmettes-fribourg.ch\/wp-content\/uploads\/2019\/10\/1560d475-276c-42b4-b1af-65eb4cd4fb05-160x160.jpg\" class=\"attachment-thumbnail size-thumbnail\" alt=\"\" loading=\"lazy\" srcset=\"http:\/\/www.gourmettes-fribourg.ch\/wp-content\/uploads\/2019\/10\/1560d475-276c-42b4-b1af-65eb4cd4fb05-160x160.jpg 160w, http:\/\/www.gourmettes-fribourg.ch\/wp-content\/uploads\/2019\/10\/1560d475-276c-42b4-b1af-65eb4cd4fb05-136x136.jpg 136w, http:\/\/www.gourmettes-fribourg.ch\/wp-content\/uploads\/2019\/10\/1560d475-276c-42b4-b1af-65eb4cd4fb05-100x100.jpg 100w\" sizes=\"(max-width: 160px) 100vw, 160px\" \/><\/a>\n\t\t\t<\/dt><\/dl><dl class='gallery-item'>\n\t\t\t<dt class='gallery-icon portrait'>\n\t\t\t\t<a href='http:\/\/www.gourmettes-fribourg.ch\/wp-content\/uploads\/2019\/10\/969b5147-6ee3-4e81-acd7-658809150fae.jpg' title=\"\" data-rl_title=\"\" class=\"rl-gallery-link\" data-rl_caption=\"\" data-rel=\"lightbox-gallery-1\"><img width=\"160\" height=\"160\" src=\"http:\/\/www.gourmettes-fribourg.ch\/wp-content\/uploads\/2019\/10\/969b5147-6ee3-4e81-acd7-658809150fae-160x160.jpg\" class=\"attachment-thumbnail size-thumbnail\" alt=\"\" loading=\"lazy\" srcset=\"http:\/\/www.gourmettes-fribourg.ch\/wp-content\/uploads\/2019\/10\/969b5147-6ee3-4e81-acd7-658809150fae-160x160.jpg 160w, http:\/\/www.gourmettes-fribourg.ch\/wp-content\/uploads\/2019\/10\/969b5147-6ee3-4e81-acd7-658809150fae-136x136.jpg 136w, http:\/\/www.gourmettes-fribourg.ch\/wp-content\/uploads\/2019\/10\/969b5147-6ee3-4e81-acd7-658809150fae-100x100.jpg 100w\" sizes=\"(max-width: 160px) 100vw, 160px\" \/><\/a>\n\t\t\t<\/dt><\/dl><br style=\"clear: both\" \/><dl class='gallery-item'>\n\t\t\t<dt class='gallery-icon landscape'>\n\t\t\t\t<a href='http:\/\/www.gourmettes-fribourg.ch\/wp-content\/uploads\/2019\/10\/821b05ee-666b-4be8-922c-6edc8edd9e3b.jpg' title=\"\" data-rl_title=\"\" class=\"rl-gallery-link\" data-rl_caption=\"\" data-rel=\"lightbox-gallery-1\"><img width=\"160\" height=\"160\" src=\"http:\/\/www.gourmettes-fribourg.ch\/wp-content\/uploads\/2019\/10\/821b05ee-666b-4be8-922c-6edc8edd9e3b-160x160.jpg\" class=\"attachment-thumbnail size-thumbnail\" alt=\"\" loading=\"lazy\" srcset=\"http:\/\/www.gourmettes-fribourg.ch\/wp-content\/uploads\/2019\/10\/821b05ee-666b-4be8-922c-6edc8edd9e3b-160x160.jpg 160w, http:\/\/www.gourmettes-fribourg.ch\/wp-content\/uploads\/2019\/10\/821b05ee-666b-4be8-922c-6edc8edd9e3b-136x136.jpg 136w, http:\/\/www.gourmettes-fribourg.ch\/wp-content\/uploads\/2019\/10\/821b05ee-666b-4be8-922c-6edc8edd9e3b-100x100.jpg 100w\" sizes=\"(max-width: 160px) 100vw, 160px\" \/><\/a>\n\t\t\t<\/dt><\/dl><dl class='gallery-item'>\n\t\t\t<dt class='gallery-icon portrait'>\n\t\t\t\t<a href='http:\/\/www.gourmettes-fribourg.ch\/wp-content\/uploads\/2019\/10\/524cc701-de0f-466b-8cf8-a7c6966188e9.jpg' title=\"\" data-rl_title=\"\" class=\"rl-gallery-link\" data-rl_caption=\"\" data-rel=\"lightbox-gallery-1\"><img width=\"160\" height=\"160\" src=\"http:\/\/www.gourmettes-fribourg.ch\/wp-content\/uploads\/2019\/10\/524cc701-de0f-466b-8cf8-a7c6966188e9-160x160.jpg\" class=\"attachment-thumbnail size-thumbnail\" alt=\"\" loading=\"lazy\" srcset=\"http:\/\/www.gourmettes-fribourg.ch\/wp-content\/uploads\/2019\/10\/524cc701-de0f-466b-8cf8-a7c6966188e9-160x160.jpg 160w, http:\/\/www.gourmettes-fribourg.ch\/wp-content\/uploads\/2019\/10\/524cc701-de0f-466b-8cf8-a7c6966188e9-136x136.jpg 136w, http:\/\/www.gourmettes-fribourg.ch\/wp-content\/uploads\/2019\/10\/524cc701-de0f-466b-8cf8-a7c6966188e9-100x100.jpg 100w\" sizes=\"(max-width: 160px) 100vw, 160px\" \/><\/a>\n\t\t\t<\/dt><\/dl><dl class='gallery-item'>\n\t\t\t<dt class='gallery-icon landscape'>\n\t\t\t\t<a href='http:\/\/www.gourmettes-fribourg.ch\/wp-content\/uploads\/2019\/10\/428a40d6-e645-498d-8e59-85d2c7039351.jpg' title=\"\" data-rl_title=\"\" class=\"rl-gallery-link\" data-rl_caption=\"\" data-rel=\"lightbox-gallery-1\"><img width=\"160\" height=\"160\" src=\"http:\/\/www.gourmettes-fribourg.ch\/wp-content\/uploads\/2019\/10\/428a40d6-e645-498d-8e59-85d2c7039351-160x160.jpg\" class=\"attachment-thumbnail size-thumbnail\" alt=\"\" loading=\"lazy\" srcset=\"http:\/\/www.gourmettes-fribourg.ch\/wp-content\/uploads\/2019\/10\/428a40d6-e645-498d-8e59-85d2c7039351-160x160.jpg 160w, http:\/\/www.gourmettes-fribourg.ch\/wp-content\/uploads\/2019\/10\/428a40d6-e645-498d-8e59-85d2c7039351-136x136.jpg 136w, http:\/\/www.gourmettes-fribourg.ch\/wp-content\/uploads\/2019\/10\/428a40d6-e645-498d-8e59-85d2c7039351-100x100.jpg 100w\" sizes=\"(max-width: 160px) 100vw, 160px\" \/><\/a>\n\t\t\t<\/dt><\/dl><br style=\"clear: both\" \/><dl class='gallery-item'>\n\t\t\t<dt class='gallery-icon landscape'>\n\t\t\t\t<a href='http:\/\/www.gourmettes-fribourg.ch\/wp-content\/uploads\/2019\/10\/413eced9-713c-4f83-a099-e55a1abb6e28.jpg' title=\"\" data-rl_title=\"\" class=\"rl-gallery-link\" data-rl_caption=\"\" data-rel=\"lightbox-gallery-1\"><img width=\"160\" height=\"160\" src=\"http:\/\/www.gourmettes-fribourg.ch\/wp-content\/uploads\/2019\/10\/413eced9-713c-4f83-a099-e55a1abb6e28-160x160.jpg\" class=\"attachment-thumbnail size-thumbnail\" alt=\"\" loading=\"lazy\" srcset=\"http:\/\/www.gourmettes-fribourg.ch\/wp-content\/uploads\/2019\/10\/413eced9-713c-4f83-a099-e55a1abb6e28-160x160.jpg 160w, http:\/\/www.gourmettes-fribourg.ch\/wp-content\/uploads\/2019\/10\/413eced9-713c-4f83-a099-e55a1abb6e28-136x136.jpg 136w, http:\/\/www.gourmettes-fribourg.ch\/wp-content\/uploads\/2019\/10\/413eced9-713c-4f83-a099-e55a1abb6e28-100x100.jpg 100w\" sizes=\"(max-width: 160px) 100vw, 160px\" \/><\/a>\n\t\t\t<\/dt><\/dl><dl class='gallery-item'>\n\t\t\t<dt class='gallery-icon landscape'>\n\t\t\t\t<a href='http:\/\/www.gourmettes-fribourg.ch\/wp-content\/uploads\/2019\/10\/384da406-69be-4e37-86a4-20e853180f8b.jpg' title=\"\" data-rl_title=\"\" class=\"rl-gallery-link\" data-rl_caption=\"\" data-rel=\"lightbox-gallery-1\"><img width=\"160\" height=\"160\" src=\"http:\/\/www.gourmettes-fribourg.ch\/wp-content\/uploads\/2019\/10\/384da406-69be-4e37-86a4-20e853180f8b-160x160.jpg\" class=\"attachment-thumbnail size-thumbnail\" alt=\"\" loading=\"lazy\" srcset=\"http:\/\/www.gourmettes-fribourg.ch\/wp-content\/uploads\/2019\/10\/384da406-69be-4e37-86a4-20e853180f8b-160x160.jpg 160w, http:\/\/www.gourmettes-fribourg.ch\/wp-content\/uploads\/2019\/10\/384da406-69be-4e37-86a4-20e853180f8b-136x136.jpg 136w, http:\/\/www.gourmettes-fribourg.ch\/wp-content\/uploads\/2019\/10\/384da406-69be-4e37-86a4-20e853180f8b-100x100.jpg 100w\" sizes=\"(max-width: 160px) 100vw, 160px\" \/><\/a>\n\t\t\t<\/dt><\/dl><dl class='gallery-item'>\n\t\t\t<dt class='gallery-icon portrait'>\n\t\t\t\t<a href='http:\/\/www.gourmettes-fribourg.ch\/wp-content\/uploads\/2019\/10\/204a9be3-d16d-46ad-8401-db65a6429e5f.jpg' title=\"\" data-rl_title=\"\" class=\"rl-gallery-link\" data-rl_caption=\"\" data-rel=\"lightbox-gallery-1\"><img width=\"160\" height=\"160\" src=\"http:\/\/www.gourmettes-fribourg.ch\/wp-content\/uploads\/2019\/10\/204a9be3-d16d-46ad-8401-db65a6429e5f-160x160.jpg\" class=\"attachment-thumbnail size-thumbnail\" alt=\"\" loading=\"lazy\" srcset=\"http:\/\/www.gourmettes-fribourg.ch\/wp-content\/uploads\/2019\/10\/204a9be3-d16d-46ad-8401-db65a6429e5f-160x160.jpg 160w, http:\/\/www.gourmettes-fribourg.ch\/wp-content\/uploads\/2019\/10\/204a9be3-d16d-46ad-8401-db65a6429e5f-136x136.jpg 136w, http:\/\/www.gourmettes-fribourg.ch\/wp-content\/uploads\/2019\/10\/204a9be3-d16d-46ad-8401-db65a6429e5f-100x100.jpg 100w\" sizes=\"(max-width: 160px) 100vw, 160px\" \/><\/a>\n\t\t\t<\/dt><\/dl><br style=\"clear: both\" \/><dl class='gallery-item'>\n\t\t\t<dt class='gallery-icon portrait'>\n\t\t\t\t<a href='http:\/\/www.gourmettes-fribourg.ch\/wp-content\/uploads\/2019\/10\/71c657b2-69f2-4435-9348-76b8b4b5b1e9.jpg' title=\"\" data-rl_title=\"\" class=\"rl-gallery-link\" data-rl_caption=\"\" data-rel=\"lightbox-gallery-1\"><img width=\"160\" height=\"160\" src=\"http:\/\/www.gourmettes-fribourg.ch\/wp-content\/uploads\/2019\/10\/71c657b2-69f2-4435-9348-76b8b4b5b1e9-160x160.jpg\" class=\"attachment-thumbnail size-thumbnail\" alt=\"\" loading=\"lazy\" srcset=\"http:\/\/www.gourmettes-fribourg.ch\/wp-content\/uploads\/2019\/10\/71c657b2-69f2-4435-9348-76b8b4b5b1e9-160x160.jpg 160w, http:\/\/www.gourmettes-fribourg.ch\/wp-content\/uploads\/2019\/10\/71c657b2-69f2-4435-9348-76b8b4b5b1e9-136x136.jpg 136w, http:\/\/www.gourmettes-fribourg.ch\/wp-content\/uploads\/2019\/10\/71c657b2-69f2-4435-9348-76b8b4b5b1e9-100x100.jpg 100w\" sizes=\"(max-width: 160px) 100vw, 160px\" \/><\/a>\n\t\t\t<\/dt><\/dl><dl class='gallery-item'>\n\t\t\t<dt class='gallery-icon landscape'>\n\t\t\t\t<a href='http:\/\/www.gourmettes-fribourg.ch\/wp-content\/uploads\/2019\/10\/067efa70-9737-48f0-a6f1-b5447ccd8c52.jpg' title=\"\" data-rl_title=\"\" class=\"rl-gallery-link\" data-rl_caption=\"\" data-rel=\"lightbox-gallery-1\"><img width=\"160\" height=\"160\" src=\"http:\/\/www.gourmettes-fribourg.ch\/wp-content\/uploads\/2019\/10\/067efa70-9737-48f0-a6f1-b5447ccd8c52-160x160.jpg\" class=\"attachment-thumbnail size-thumbnail\" alt=\"\" loading=\"lazy\" srcset=\"http:\/\/www.gourmettes-fribourg.ch\/wp-content\/uploads\/2019\/10\/067efa70-9737-48f0-a6f1-b5447ccd8c52-160x160.jpg 160w, http:\/\/www.gourmettes-fribourg.ch\/wp-content\/uploads\/2019\/10\/067efa70-9737-48f0-a6f1-b5447ccd8c52-136x136.jpg 136w, http:\/\/www.gourmettes-fribourg.ch\/wp-content\/uploads\/2019\/10\/067efa70-9737-48f0-a6f1-b5447ccd8c52-100x100.jpg 100w\" sizes=\"(max-width: 160px) 100vw, 160px\" \/><\/a>\n\t\t\t<\/dt><\/dl><dl class='gallery-item'>\n\t\t\t<dt class='gallery-icon portrait'>\n\t\t\t\t<a href='http:\/\/www.gourmettes-fribourg.ch\/wp-content\/uploads\/2019\/10\/60b66e3b-7e7e-48ca-99fc-ae62aafb78d5.jpg' title=\"\" data-rl_title=\"\" class=\"rl-gallery-link\" data-rl_caption=\"\" data-rel=\"lightbox-gallery-1\"><img width=\"160\" height=\"160\" src=\"http:\/\/www.gourmettes-fribourg.ch\/wp-content\/uploads\/2019\/10\/60b66e3b-7e7e-48ca-99fc-ae62aafb78d5-160x160.jpg\" class=\"attachment-thumbnail size-thumbnail\" alt=\"\" loading=\"lazy\" srcset=\"http:\/\/www.gourmettes-fribourg.ch\/wp-content\/uploads\/2019\/10\/60b66e3b-7e7e-48ca-99fc-ae62aafb78d5-160x160.jpg 160w, http:\/\/www.gourmettes-fribourg.ch\/wp-content\/uploads\/2019\/10\/60b66e3b-7e7e-48ca-99fc-ae62aafb78d5-136x136.jpg 136w, http:\/\/www.gourmettes-fribourg.ch\/wp-content\/uploads\/2019\/10\/60b66e3b-7e7e-48ca-99fc-ae62aafb78d5-100x100.jpg 100w\" sizes=\"(max-width: 160px) 100vw, 160px\" \/><\/a>\n\t\t\t<\/dt><\/dl><br style=\"clear: both\" \/><dl class='gallery-item'>\n\t\t\t<dt class='gallery-icon landscape'>\n\t\t\t\t<a href='http:\/\/www.gourmettes-fribourg.ch\/wp-content\/uploads\/2019\/10\/59f4dc01-07b9-4752-a25c-93ecb0d55fec.jpg' title=\"\" data-rl_title=\"\" class=\"rl-gallery-link\" data-rl_caption=\"\" data-rel=\"lightbox-gallery-1\"><img width=\"160\" height=\"160\" src=\"http:\/\/www.gourmettes-fribourg.ch\/wp-content\/uploads\/2019\/10\/59f4dc01-07b9-4752-a25c-93ecb0d55fec-160x160.jpg\" class=\"attachment-thumbnail size-thumbnail\" alt=\"\" loading=\"lazy\" srcset=\"http:\/\/www.gourmettes-fribourg.ch\/wp-content\/uploads\/2019\/10\/59f4dc01-07b9-4752-a25c-93ecb0d55fec-160x160.jpg 160w, http:\/\/www.gourmettes-fribourg.ch\/wp-content\/uploads\/2019\/10\/59f4dc01-07b9-4752-a25c-93ecb0d55fec-136x136.jpg 136w, http:\/\/www.gourmettes-fribourg.ch\/wp-content\/uploads\/2019\/10\/59f4dc01-07b9-4752-a25c-93ecb0d55fec-100x100.jpg 100w\" sizes=\"(max-width: 160px) 100vw, 160px\" \/><\/a>\n\t\t\t<\/dt><\/dl><dl class='gallery-item'>\n\t\t\t<dt class='gallery-icon landscape'>\n\t\t\t\t<a href='http:\/\/www.gourmettes-fribourg.ch\/wp-content\/uploads\/2019\/10\/36c688b9-9503-4221-9e87-17dde07a3392.jpg' title=\"\" data-rl_title=\"\" class=\"rl-gallery-link\" data-rl_caption=\"\" data-rel=\"lightbox-gallery-1\"><img width=\"160\" height=\"160\" src=\"http:\/\/www.gourmettes-fribourg.ch\/wp-content\/uploads\/2019\/10\/36c688b9-9503-4221-9e87-17dde07a3392-160x160.jpg\" class=\"attachment-thumbnail size-thumbnail\" alt=\"\" loading=\"lazy\" srcset=\"http:\/\/www.gourmettes-fribourg.ch\/wp-content\/uploads\/2019\/10\/36c688b9-9503-4221-9e87-17dde07a3392-160x160.jpg 160w, http:\/\/www.gourmettes-fribourg.ch\/wp-content\/uploads\/2019\/10\/36c688b9-9503-4221-9e87-17dde07a3392-136x136.jpg 136w, http:\/\/www.gourmettes-fribourg.ch\/wp-content\/uploads\/2019\/10\/36c688b9-9503-4221-9e87-17dde07a3392-100x100.jpg 100w\" sizes=\"(max-width: 160px) 100vw, 160px\" \/><\/a>\n\t\t\t<\/dt><\/dl><dl class='gallery-item'>\n\t\t\t<dt class='gallery-icon landscape'>\n\t\t\t\t<a href='http:\/\/www.gourmettes-fribourg.ch\/wp-content\/uploads\/2019\/10\/30d17215-7e6d-467e-ac22-eb3e803d29391.jpg' title=\"\" data-rl_title=\"\" class=\"rl-gallery-link\" data-rl_caption=\"\" data-rel=\"lightbox-gallery-1\"><img width=\"160\" height=\"160\" src=\"http:\/\/www.gourmettes-fribourg.ch\/wp-content\/uploads\/2019\/10\/30d17215-7e6d-467e-ac22-eb3e803d29391-160x160.jpg\" class=\"attachment-thumbnail size-thumbnail\" alt=\"\" loading=\"lazy\" srcset=\"http:\/\/www.gourmettes-fribourg.ch\/wp-content\/uploads\/2019\/10\/30d17215-7e6d-467e-ac22-eb3e803d29391-160x160.jpg 160w, http:\/\/www.gourmettes-fribourg.ch\/wp-content\/uploads\/2019\/10\/30d17215-7e6d-467e-ac22-eb3e803d29391-136x136.jpg 136w, http:\/\/www.gourmettes-fribourg.ch\/wp-content\/uploads\/2019\/10\/30d17215-7e6d-467e-ac22-eb3e803d29391-100x100.jpg 100w\" sizes=\"(max-width: 160px) 100vw, 160px\" \/><\/a>\n\t\t\t<\/dt><\/dl><br style=\"clear: both\" \/><dl class='gallery-item'>\n\t\t\t<dt class='gallery-icon landscape'>\n\t\t\t\t<a href='http:\/\/www.gourmettes-fribourg.ch\/wp-content\/uploads\/2019\/10\/9eab3e77-2a04-4961-b169-d361c63e92e9.jpg' title=\"\" data-rl_title=\"\" class=\"rl-gallery-link\" data-rl_caption=\"\" data-rel=\"lightbox-gallery-1\"><img width=\"160\" height=\"160\" src=\"http:\/\/www.gourmettes-fribourg.ch\/wp-content\/uploads\/2019\/10\/9eab3e77-2a04-4961-b169-d361c63e92e9-160x160.jpg\" class=\"attachment-thumbnail size-thumbnail\" alt=\"\" loading=\"lazy\" srcset=\"http:\/\/www.gourmettes-fribourg.ch\/wp-content\/uploads\/2019\/10\/9eab3e77-2a04-4961-b169-d361c63e92e9-160x160.jpg 160w, http:\/\/www.gourmettes-fribourg.ch\/wp-content\/uploads\/2019\/10\/9eab3e77-2a04-4961-b169-d361c63e92e9-136x136.jpg 136w, http:\/\/www.gourmettes-fribourg.ch\/wp-content\/uploads\/2019\/10\/9eab3e77-2a04-4961-b169-d361c63e92e9-100x100.jpg 100w\" sizes=\"(max-width: 160px) 100vw, 160px\" \/><\/a>\n\t\t\t<\/dt><\/dl><dl class='gallery-item'>\n\t\t\t<dt class='gallery-icon landscape'>\n\t\t\t\t<a href='http:\/\/www.gourmettes-fribourg.ch\/wp-content\/uploads\/2019\/10\/8ef9f7ab-6712-466c-a633-865201852ed0.jpg' title=\"\" data-rl_title=\"\" class=\"rl-gallery-link\" data-rl_caption=\"\" data-rel=\"lightbox-gallery-1\"><img width=\"160\" height=\"160\" src=\"http:\/\/www.gourmettes-fribourg.ch\/wp-content\/uploads\/2019\/10\/8ef9f7ab-6712-466c-a633-865201852ed0-160x160.jpg\" class=\"attachment-thumbnail size-thumbnail\" alt=\"\" loading=\"lazy\" srcset=\"http:\/\/www.gourmettes-fribourg.ch\/wp-content\/uploads\/2019\/10\/8ef9f7ab-6712-466c-a633-865201852ed0-160x160.jpg 160w, http:\/\/www.gourmettes-fribourg.ch\/wp-content\/uploads\/2019\/10\/8ef9f7ab-6712-466c-a633-865201852ed0-136x136.jpg 136w, http:\/\/www.gourmettes-fribourg.ch\/wp-content\/uploads\/2019\/10\/8ef9f7ab-6712-466c-a633-865201852ed0-100x100.jpg 100w\" sizes=\"(max-width: 160px) 100vw, 160px\" \/><\/a>\n\t\t\t<\/dt><\/dl><dl class='gallery-item'>\n\t\t\t<dt class='gallery-icon portrait'>\n\t\t\t\t<a href='http:\/\/www.gourmettes-fribourg.ch\/wp-content\/uploads\/2019\/10\/7ee9e34d-c598-4a62-af38-b9807ed19207.jpg' title=\"\" data-rl_title=\"\" class=\"rl-gallery-link\" data-rl_caption=\"\" data-rel=\"lightbox-gallery-1\"><img width=\"160\" height=\"160\" src=\"http:\/\/www.gourmettes-fribourg.ch\/wp-content\/uploads\/2019\/10\/7ee9e34d-c598-4a62-af38-b9807ed19207-160x160.jpg\" class=\"attachment-thumbnail size-thumbnail\" alt=\"\" loading=\"lazy\" srcset=\"http:\/\/www.gourmettes-fribourg.ch\/wp-content\/uploads\/2019\/10\/7ee9e34d-c598-4a62-af38-b9807ed19207-160x160.jpg 160w, http:\/\/www.gourmettes-fribourg.ch\/wp-content\/uploads\/2019\/10\/7ee9e34d-c598-4a62-af38-b9807ed19207-136x136.jpg 136w, http:\/\/www.gourmettes-fribourg.ch\/wp-content\/uploads\/2019\/10\/7ee9e34d-c598-4a62-af38-b9807ed19207-100x100.jpg 100w\" sizes=\"(max-width: 160px) 100vw, 160px\" \/><\/a>\n\t\t\t<\/dt><\/dl><br style=\"clear: both\" \/><dl class='gallery-item'>\n\t\t\t<dt class='gallery-icon portrait'>\n\t\t\t\t<a href='http:\/\/www.gourmettes-fribourg.ch\/wp-content\/uploads\/2019\/10\/7e8c5af3-6734-4dcc-93e8-a8c73cefb845.jpg' title=\"\" data-rl_title=\"\" class=\"rl-gallery-link\" data-rl_caption=\"\" data-rel=\"lightbox-gallery-1\"><img width=\"160\" height=\"160\" src=\"http:\/\/www.gourmettes-fribourg.ch\/wp-content\/uploads\/2019\/10\/7e8c5af3-6734-4dcc-93e8-a8c73cefb845-160x160.jpg\" class=\"attachment-thumbnail size-thumbnail\" alt=\"\" loading=\"lazy\" srcset=\"http:\/\/www.gourmettes-fribourg.ch\/wp-content\/uploads\/2019\/10\/7e8c5af3-6734-4dcc-93e8-a8c73cefb845-160x160.jpg 160w, http:\/\/www.gourmettes-fribourg.ch\/wp-content\/uploads\/2019\/10\/7e8c5af3-6734-4dcc-93e8-a8c73cefb845-136x136.jpg 136w, http:\/\/www.gourmettes-fribourg.ch\/wp-content\/uploads\/2019\/10\/7e8c5af3-6734-4dcc-93e8-a8c73cefb845-100x100.jpg 100w\" sizes=\"(max-width: 160px) 100vw, 160px\" \/><\/a>\n\t\t\t<\/dt><\/dl><dl class='gallery-item'>\n\t\t\t<dt class='gallery-icon landscape'>\n\t\t\t\t<a href='http:\/\/www.gourmettes-fribourg.ch\/wp-content\/uploads\/2019\/10\/7af0ced8-a48f-42b3-bafe-5e4e59622ec2.jpg' title=\"\" data-rl_title=\"\" class=\"rl-gallery-link\" data-rl_caption=\"\" data-rel=\"lightbox-gallery-1\"><img width=\"160\" height=\"160\" src=\"http:\/\/www.gourmettes-fribourg.ch\/wp-content\/uploads\/2019\/10\/7af0ced8-a48f-42b3-bafe-5e4e59622ec2-160x160.jpg\" class=\"attachment-thumbnail size-thumbnail\" alt=\"\" loading=\"lazy\" srcset=\"http:\/\/www.gourmettes-fribourg.ch\/wp-content\/uploads\/2019\/10\/7af0ced8-a48f-42b3-bafe-5e4e59622ec2-160x160.jpg 160w, http:\/\/www.gourmettes-fribourg.ch\/wp-content\/uploads\/2019\/10\/7af0ced8-a48f-42b3-bafe-5e4e59622ec2-136x136.jpg 136w, http:\/\/www.gourmettes-fribourg.ch\/wp-content\/uploads\/2019\/10\/7af0ced8-a48f-42b3-bafe-5e4e59622ec2-100x100.jpg 100w\" sizes=\"(max-width: 160px) 100vw, 160px\" \/><\/a>\n\t\t\t<\/dt><\/dl><dl class='gallery-item'>\n\t\t\t<dt class='gallery-icon portrait'>\n\t\t\t\t<a href='http:\/\/www.gourmettes-fribourg.ch\/wp-content\/uploads\/2019\/10\/4f77b5e8-bf4b-4ca4-a39a-b3a10c1e91eb.jpg' title=\"\" data-rl_title=\"\" class=\"rl-gallery-link\" data-rl_caption=\"\" data-rel=\"lightbox-gallery-1\"><img width=\"160\" height=\"160\" src=\"http:\/\/www.gourmettes-fribourg.ch\/wp-content\/uploads\/2019\/10\/4f77b5e8-bf4b-4ca4-a39a-b3a10c1e91eb-160x160.jpg\" class=\"attachment-thumbnail size-thumbnail\" alt=\"\" loading=\"lazy\" srcset=\"http:\/\/www.gourmettes-fribourg.ch\/wp-content\/uploads\/2019\/10\/4f77b5e8-bf4b-4ca4-a39a-b3a10c1e91eb-160x160.jpg 160w, http:\/\/www.gourmettes-fribourg.ch\/wp-content\/uploads\/2019\/10\/4f77b5e8-bf4b-4ca4-a39a-b3a10c1e91eb-136x136.jpg 136w, http:\/\/www.gourmettes-fribourg.ch\/wp-content\/uploads\/2019\/10\/4f77b5e8-bf4b-4ca4-a39a-b3a10c1e91eb-100x100.jpg 100w\" sizes=\"(max-width: 160px) 100vw, 160px\" \/><\/a>\n\t\t\t<\/dt><\/dl><br style=\"clear: both\" \/><dl class='gallery-item'>\n\t\t\t<dt class='gallery-icon landscape'>\n\t\t\t\t<a href='http:\/\/www.gourmettes-fribourg.ch\/wp-content\/uploads\/2019\/10\/3f7f36af-38a4-4cea-9133-c0eade3fe674.jpg' title=\"\" data-rl_title=\"\" class=\"rl-gallery-link\" data-rl_caption=\"\" data-rel=\"lightbox-gallery-1\"><img width=\"160\" height=\"160\" src=\"http:\/\/www.gourmettes-fribourg.ch\/wp-content\/uploads\/2019\/10\/3f7f36af-38a4-4cea-9133-c0eade3fe674-160x160.jpg\" class=\"attachment-thumbnail size-thumbnail\" alt=\"\" loading=\"lazy\" srcset=\"http:\/\/www.gourmettes-fribourg.ch\/wp-content\/uploads\/2019\/10\/3f7f36af-38a4-4cea-9133-c0eade3fe674-160x160.jpg 160w, http:\/\/www.gourmettes-fribourg.ch\/wp-content\/uploads\/2019\/10\/3f7f36af-38a4-4cea-9133-c0eade3fe674-136x136.jpg 136w, http:\/\/www.gourmettes-fribourg.ch\/wp-content\/uploads\/2019\/10\/3f7f36af-38a4-4cea-9133-c0eade3fe674-100x100.jpg 100w\" sizes=\"(max-width: 160px) 100vw, 160px\" \/><\/a>\n\t\t\t<\/dt><\/dl><dl class='gallery-item'>\n\t\t\t<dt class='gallery-icon landscape'>\n\t\t\t\t<a href='http:\/\/www.gourmettes-fribourg.ch\/wp-content\/uploads\/2019\/10\/2ac3145c-4800-4fc7-b236-b1db2749663d.jpg' title=\"\" data-rl_title=\"\" class=\"rl-gallery-link\" data-rl_caption=\"\" data-rel=\"lightbox-gallery-1\"><img width=\"160\" height=\"160\" src=\"http:\/\/www.gourmettes-fribourg.ch\/wp-content\/uploads\/2019\/10\/2ac3145c-4800-4fc7-b236-b1db2749663d-160x160.jpg\" class=\"attachment-thumbnail size-thumbnail\" alt=\"\" loading=\"lazy\" srcset=\"http:\/\/www.gourmettes-fribourg.ch\/wp-content\/uploads\/2019\/10\/2ac3145c-4800-4fc7-b236-b1db2749663d-160x160.jpg 160w, http:\/\/www.gourmettes-fribourg.ch\/wp-content\/uploads\/2019\/10\/2ac3145c-4800-4fc7-b236-b1db2749663d-136x136.jpg 136w, http:\/\/www.gourmettes-fribourg.ch\/wp-content\/uploads\/2019\/10\/2ac3145c-4800-4fc7-b236-b1db2749663d-100x100.jpg 100w\" sizes=\"(max-width: 160px) 100vw, 160px\" \/><\/a>\n\t\t\t<\/dt><\/dl><dl class='gallery-item'>\n\t\t\t<dt class='gallery-icon portrait'>\n\t\t\t\t<a href='http:\/\/www.gourmettes-fribourg.ch\/wp-content\/uploads\/2019\/10\/1cc32a0d-161b-4582-9c5c-10acada00264.jpg' title=\"\" data-rl_title=\"\" class=\"rl-gallery-link\" data-rl_caption=\"\" data-rel=\"lightbox-gallery-1\"><img width=\"160\" height=\"160\" src=\"http:\/\/www.gourmettes-fribourg.ch\/wp-content\/uploads\/2019\/10\/1cc32a0d-161b-4582-9c5c-10acada00264-160x160.jpg\" class=\"attachment-thumbnail size-thumbnail\" alt=\"\" loading=\"lazy\" srcset=\"http:\/\/www.gourmettes-fribourg.ch\/wp-content\/uploads\/2019\/10\/1cc32a0d-161b-4582-9c5c-10acada00264-160x160.jpg 160w, http:\/\/www.gourmettes-fribourg.ch\/wp-content\/uploads\/2019\/10\/1cc32a0d-161b-4582-9c5c-10acada00264-136x136.jpg 136w, http:\/\/www.gourmettes-fribourg.ch\/wp-content\/uploads\/2019\/10\/1cc32a0d-161b-4582-9c5c-10acada00264-100x100.jpg 100w\" sizes=\"(max-width: 160px) 100vw, 160px\" \/><\/a>\n\t\t\t<\/dt><\/dl><br style=\"clear: both\" \/><dl class='gallery-item'>\n\t\t\t<dt class='gallery-icon landscape'>\n\t\t\t\t<a href='http:\/\/www.gourmettes-fribourg.ch\/wp-content\/uploads\/2019\/10\/0e82c841-b6ad-45d2-9499-8f0c78320c5c.jpg' title=\"\" data-rl_title=\"\" class=\"rl-gallery-link\" data-rl_caption=\"\" data-rel=\"lightbox-gallery-1\"><img width=\"160\" height=\"160\" src=\"http:\/\/www.gourmettes-fribourg.ch\/wp-content\/uploads\/2019\/10\/0e82c841-b6ad-45d2-9499-8f0c78320c5c-160x160.jpg\" class=\"attachment-thumbnail size-thumbnail\" alt=\"\" loading=\"lazy\" srcset=\"http:\/\/www.gourmettes-fribourg.ch\/wp-content\/uploads\/2019\/10\/0e82c841-b6ad-45d2-9499-8f0c78320c5c-160x160.jpg 160w, http:\/\/www.gourmettes-fribourg.ch\/wp-content\/uploads\/2019\/10\/0e82c841-b6ad-45d2-9499-8f0c78320c5c-136x136.jpg 136w, http:\/\/www.gourmettes-fribourg.ch\/wp-content\/uploads\/2019\/10\/0e82c841-b6ad-45d2-9499-8f0c78320c5c-100x100.jpg 100w\" sizes=\"(max-width: 160px) 100vw, 160px\" \/><\/a>\n\t\t\t<\/dt><\/dl><dl class='gallery-item'>\n\t\t\t<dt class='gallery-icon landscape'>\n\t\t\t\t<a href='http:\/\/www.gourmettes-fribourg.ch\/wp-content\/uploads\/2019\/10\/0caac791-95ae-4e82-9520-9ad8f65126ba.jpg' title=\"\" data-rl_title=\"\" class=\"rl-gallery-link\" data-rl_caption=\"\" data-rel=\"lightbox-gallery-1\"><img width=\"160\" height=\"160\" src=\"http:\/\/www.gourmettes-fribourg.ch\/wp-content\/uploads\/2019\/10\/0caac791-95ae-4e82-9520-9ad8f65126ba-160x160.jpg\" class=\"attachment-thumbnail size-thumbnail\" alt=\"\" loading=\"lazy\" srcset=\"http:\/\/www.gourmettes-fribourg.ch\/wp-content\/uploads\/2019\/10\/0caac791-95ae-4e82-9520-9ad8f65126ba-160x160.jpg 160w, http:\/\/www.gourmettes-fribourg.ch\/wp-content\/uploads\/2019\/10\/0caac791-95ae-4e82-9520-9ad8f65126ba-136x136.jpg 136w, http:\/\/www.gourmettes-fribourg.ch\/wp-content\/uploads\/2019\/10\/0caac791-95ae-4e82-9520-9ad8f65126ba-100x100.jpg 100w\" sizes=\"(max-width: 160px) 100vw, 160px\" \/><\/a>\n\t\t\t<\/dt><\/dl><dl class='gallery-item'>\n\t\t\t<dt class='gallery-icon portrait'>\n\t\t\t\t<a href='http:\/\/www.gourmettes-fribourg.ch\/wp-content\/uploads\/2019\/10\/0b0a337e-bdda-462c-b811-a62dadfeac3e.jpg' title=\"\" data-rl_title=\"\" class=\"rl-gallery-link\" data-rl_caption=\"\" data-rel=\"lightbox-gallery-1\"><img width=\"160\" height=\"160\" src=\"http:\/\/www.gourmettes-fribourg.ch\/wp-content\/uploads\/2019\/10\/0b0a337e-bdda-462c-b811-a62dadfeac3e-160x160.jpg\" class=\"attachment-thumbnail size-thumbnail\" alt=\"\" loading=\"lazy\" srcset=\"http:\/\/www.gourmettes-fribourg.ch\/wp-content\/uploads\/2019\/10\/0b0a337e-bdda-462c-b811-a62dadfeac3e-160x160.jpg 160w, http:\/\/www.gourmettes-fribourg.ch\/wp-content\/uploads\/2019\/10\/0b0a337e-bdda-462c-b811-a62dadfeac3e-136x136.jpg 136w, http:\/\/www.gourmettes-fribourg.ch\/wp-content\/uploads\/2019\/10\/0b0a337e-bdda-462c-b811-a62dadfeac3e-100x100.jpg 100w\" sizes=\"(max-width: 160px) 100vw, 160px\" \/><\/a>\n\t\t\t<\/dt><\/dl><br style=\"clear: both\" \/>\n\t\t<\/div>\n<\/p>\n","protected":false},"excerpt":{"rendered":"<p>Une excursion dans une ville embl\u00e9matique de la gastronomie qui s&rsquo;appelle LYON Neuf gourmettes \u00e0 participer \u00e0 ce VERY BRAD&#8230; <a href=\"http:\/\/www.gourmettes-fribourg.ch\/?p=4831\">Plus &raquo;<\/a><\/p>\n","protected":false},"author":3,"featured_media":4857,"comment_status":"closed","ping_status":"open","sticky":false,"template":"","format":"standard","meta":[],"categories":[18,1],"tags":[],"_links":{"self":[{"href":"http:\/\/www.gourmettes-fribourg.ch\/index.php?rest_route=\/wp\/v2\/posts\/4831"}],"collection":[{"href":"http:\/\/www.gourmettes-fribourg.ch\/index.php?rest_route=\/wp\/v2\/posts"}],"about":[{"href":"http:\/\/www.gourmettes-fribourg.ch\/index.php?rest_route=\/wp\/v2\/types\/post"}],"author":[{"embeddable":true,"href":"http:\/\/www.gourmettes-fribourg.ch\/index.php?rest_route=\/wp\/v2\/users\/3"}],"replies":[{"embeddable":true,"href":"http:\/\/www.gourmettes-fribourg.ch\/index.php?rest_route=%2Fwp%2Fv2%2Fcomments&post=4831"}],"version-history":[{"count":3,"href":"http:\/\/www.gourmettes-fribourg.ch\/index.php?rest_route=\/wp\/v2\/posts\/4831\/revisions"}],"predecessor-version":[{"id":5191,"href":"http:\/\/www.gourmettes-fribourg.ch\/index.php?rest_route=\/wp\/v2\/posts\/4831\/revisions\/5191"}],"wp:featuredmedia":[{"embeddable":true,"href":"http:\/\/www.gourmettes-fribourg.ch\/index.php?rest_route=\/wp\/v2\/media\/4857"}],"wp:attachment":[{"href":"http:\/\/www.gourmettes-fribourg.ch\/index.php?rest_route=%2Fwp%2Fv2%2Fmedia&parent=4831"}],"wp:term":[{"taxonomy":"category","embeddable":true,"href":"http:\/\/www.gourmettes-fribourg.ch\/index.php?rest_route=%2Fwp%2Fv2%2Fcategories&post=4831"},{"taxonomy":"post_tag","embeddable":true,"href":"http:\/\/www.gourmettes-fribourg.ch\/index.php?rest_route=%2Fwp%2Fv2%2Ftags&post=4831"}],"curies":[{"name":"wp","href":"https:\/\/api.w.org\/{rel}","templated":true}]}}