{"id":6662,"date":"2022-11-17T13:47:57","date_gmt":"2022-11-17T12:47:57","guid":{"rendered":"http:\/\/www.gourmettes-fribourg.ch\/?p=6662"},"modified":"2022-11-17T13:58:42","modified_gmt":"2022-11-17T12:58:42","slug":"novembre-2022-soiree-pyjama","status":"publish","type":"post","link":"http:\/\/www.gourmettes-fribourg.ch\/?p=6662","title":{"rendered":"Novembre 2022 Soir\u00e9e pyjama"},"content":{"rendered":"\n<p>Apr\u00e8s nous avoir convi\u00e9s \u00e0 venir en pyjama, Chantal, V\u00e9ronique et Sylvie nous ont pr\u00e9par\u00e9es un douillet repas. Tout en l\u00e9g\u00e8ret\u00e9 entre duvet, nuage et couette. Quel d\u00e9licieux moments de partag\u00e9 <\/p>\n\n\n\n<figure class=\"wp-block-gallery columns-3 is-cropped\"><ul class=\"blocks-gallery-grid\"><li class=\"blocks-gallery-item\"><figure><img loading=\"lazy\" width=\"1500\" height=\"2000\" src=\"https:\/\/www.gourmettes-fribourg.ch\/wp-content\/uploads\/2022\/11\/54606170-B05F-4020-9277-63EEE2A77FD7-1500x2000.jpeg\" alt=\"\" data-id=\"6663\" data-full-url=\"https:\/\/www.gourmettes-fribourg.ch\/wp-content\/uploads\/2022\/11\/54606170-B05F-4020-9277-63EEE2A77FD7-scaled.jpeg\" data-link=\"https:\/\/www.gourmettes-fribourg.ch\/?attachment_id=6663\" class=\"wp-image-6663\" srcset=\"http:\/\/www.gourmettes-fribourg.ch\/wp-content\/uploads\/2022\/11\/54606170-B05F-4020-9277-63EEE2A77FD7-1500x2000.jpeg 1500w, http:\/\/www.gourmettes-fribourg.ch\/wp-content\/uploads\/2022\/11\/54606170-B05F-4020-9277-63EEE2A77FD7-675x900.jpeg 675w, http:\/\/www.gourmettes-fribourg.ch\/wp-content\/uploads\/2022\/11\/54606170-B05F-4020-9277-63EEE2A77FD7-768x1024.jpeg 768w, http:\/\/www.gourmettes-fribourg.ch\/wp-content\/uploads\/2022\/11\/54606170-B05F-4020-9277-63EEE2A77FD7-1152x1536.jpeg 1152w, http:\/\/www.gourmettes-fribourg.ch\/wp-content\/uploads\/2022\/11\/54606170-B05F-4020-9277-63EEE2A77FD7-1536x2048.jpeg 1536w, http:\/\/www.gourmettes-fribourg.ch\/wp-content\/uploads\/2022\/11\/54606170-B05F-4020-9277-63EEE2A77FD7-scaled.jpeg 1920w\" sizes=\"(max-width: 1500px) 100vw, 1500px\" \/><\/figure><\/li><li class=\"blocks-gallery-item\"><figure><img loading=\"lazy\" width=\"1500\" height=\"2000\" src=\"https:\/\/www.gourmettes-fribourg.ch\/wp-content\/uploads\/2022\/11\/20923D53-2F19-4F0D-B10F-1C83872952D2-1500x2000.jpeg\" alt=\"\" data-id=\"6664\" data-full-url=\"https:\/\/www.gourmettes-fribourg.ch\/wp-content\/uploads\/2022\/11\/20923D53-2F19-4F0D-B10F-1C83872952D2-scaled.jpeg\" data-link=\"https:\/\/www.gourmettes-fribourg.ch\/?attachment_id=6664\" class=\"wp-image-6664\" srcset=\"http:\/\/www.gourmettes-fribourg.ch\/wp-content\/uploads\/2022\/11\/20923D53-2F19-4F0D-B10F-1C83872952D2-1500x2000.jpeg 1500w, http:\/\/www.gourmettes-fribourg.ch\/wp-content\/uploads\/2022\/11\/20923D53-2F19-4F0D-B10F-1C83872952D2-675x900.jpeg 675w, http:\/\/www.gourmettes-fribourg.ch\/wp-content\/uploads\/2022\/11\/20923D53-2F19-4F0D-B10F-1C83872952D2-768x1024.jpeg 768w, http:\/\/www.gourmettes-fribourg.ch\/wp-content\/uploads\/2022\/11\/20923D53-2F19-4F0D-B10F-1C83872952D2-1152x1536.jpeg 1152w, http:\/\/www.gourmettes-fribourg.ch\/wp-content\/uploads\/2022\/11\/20923D53-2F19-4F0D-B10F-1C83872952D2-1536x2048.jpeg 1536w, http:\/\/www.gourmettes-fribourg.ch\/wp-content\/uploads\/2022\/11\/20923D53-2F19-4F0D-B10F-1C83872952D2-scaled.jpeg 1920w\" sizes=\"(max-width: 1500px) 100vw, 1500px\" \/><\/figure><\/li><li class=\"blocks-gallery-item\"><figure><img loading=\"lazy\" width=\"1500\" height=\"2000\" src=\"https:\/\/www.gourmettes-fribourg.ch\/wp-content\/uploads\/2022\/11\/C1F3A313-5263-4B3A-B47A-E97D6D912DAF-1500x2000.jpeg\" alt=\"\" data-id=\"6665\" data-full-url=\"https:\/\/www.gourmettes-fribourg.ch\/wp-content\/uploads\/2022\/11\/C1F3A313-5263-4B3A-B47A-E97D6D912DAF-scaled.jpeg\" data-link=\"https:\/\/www.gourmettes-fribourg.ch\/?attachment_id=6665\" class=\"wp-image-6665\" srcset=\"http:\/\/www.gourmettes-fribourg.ch\/wp-content\/uploads\/2022\/11\/C1F3A313-5263-4B3A-B47A-E97D6D912DAF-1500x2000.jpeg 1500w, http:\/\/www.gourmettes-fribourg.ch\/wp-content\/uploads\/2022\/11\/C1F3A313-5263-4B3A-B47A-E97D6D912DAF-675x900.jpeg 675w, http:\/\/www.gourmettes-fribourg.ch\/wp-content\/uploads\/2022\/11\/C1F3A313-5263-4B3A-B47A-E97D6D912DAF-768x1024.jpeg 768w, http:\/\/www.gourmettes-fribourg.ch\/wp-content\/uploads\/2022\/11\/C1F3A313-5263-4B3A-B47A-E97D6D912DAF-1152x1536.jpeg 1152w, http:\/\/www.gourmettes-fribourg.ch\/wp-content\/uploads\/2022\/11\/C1F3A313-5263-4B3A-B47A-E97D6D912DAF-1536x2048.jpeg 1536w, http:\/\/www.gourmettes-fribourg.ch\/wp-content\/uploads\/2022\/11\/C1F3A313-5263-4B3A-B47A-E97D6D912DAF-scaled.jpeg 1920w\" sizes=\"(max-width: 1500px) 100vw, 1500px\" \/><\/figure><\/li><li class=\"blocks-gallery-item\"><figure><img loading=\"lazy\" width=\"1500\" height=\"2000\" src=\"https:\/\/www.gourmettes-fribourg.ch\/wp-content\/uploads\/2022\/11\/EBD32EA0-17C2-47A1-BAFD-E42005E5B207-1500x2000.jpeg\" alt=\"\" data-id=\"6666\" data-full-url=\"https:\/\/www.gourmettes-fribourg.ch\/wp-content\/uploads\/2022\/11\/EBD32EA0-17C2-47A1-BAFD-E42005E5B207-scaled.jpeg\" data-link=\"https:\/\/www.gourmettes-fribourg.ch\/?attachment_id=6666\" class=\"wp-image-6666\" srcset=\"http:\/\/www.gourmettes-fribourg.ch\/wp-content\/uploads\/2022\/11\/EBD32EA0-17C2-47A1-BAFD-E42005E5B207-1500x2000.jpeg 1500w, http:\/\/www.gourmettes-fribourg.ch\/wp-content\/uploads\/2022\/11\/EBD32EA0-17C2-47A1-BAFD-E42005E5B207-675x900.jpeg 675w, http:\/\/www.gourmettes-fribourg.ch\/wp-content\/uploads\/2022\/11\/EBD32EA0-17C2-47A1-BAFD-E42005E5B207-768x1024.jpeg 768w, http:\/\/www.gourmettes-fribourg.ch\/wp-content\/uploads\/2022\/11\/EBD32EA0-17C2-47A1-BAFD-E42005E5B207-1152x1536.jpeg 1152w, http:\/\/www.gourmettes-fribourg.ch\/wp-content\/uploads\/2022\/11\/EBD32EA0-17C2-47A1-BAFD-E42005E5B207-1536x2048.jpeg 1536w, http:\/\/www.gourmettes-fribourg.ch\/wp-content\/uploads\/2022\/11\/EBD32EA0-17C2-47A1-BAFD-E42005E5B207-scaled.jpeg 1920w\" sizes=\"(max-width: 1500px) 100vw, 1500px\" \/><\/figure><\/li><li class=\"blocks-gallery-item\"><figure><img loading=\"lazy\" width=\"1500\" height=\"2000\" src=\"https:\/\/www.gourmettes-fribourg.ch\/wp-content\/uploads\/2022\/11\/AAD3A6E4-2DFA-4BE7-8939-069FE736244B-1500x2000.jpeg\" alt=\"\" data-id=\"6667\" data-full-url=\"https:\/\/www.gourmettes-fribourg.ch\/wp-content\/uploads\/2022\/11\/AAD3A6E4-2DFA-4BE7-8939-069FE736244B-scaled.jpeg\" data-link=\"https:\/\/www.gourmettes-fribourg.ch\/?attachment_id=6667\" class=\"wp-image-6667\" srcset=\"http:\/\/www.gourmettes-fribourg.ch\/wp-content\/uploads\/2022\/11\/AAD3A6E4-2DFA-4BE7-8939-069FE736244B-1500x2000.jpeg 1500w, http:\/\/www.gourmettes-fribourg.ch\/wp-content\/uploads\/2022\/11\/AAD3A6E4-2DFA-4BE7-8939-069FE736244B-675x900.jpeg 675w, http:\/\/www.gourmettes-fribourg.ch\/wp-content\/uploads\/2022\/11\/AAD3A6E4-2DFA-4BE7-8939-069FE736244B-768x1024.jpeg 768w, http:\/\/www.gourmettes-fribourg.ch\/wp-content\/uploads\/2022\/11\/AAD3A6E4-2DFA-4BE7-8939-069FE736244B-1152x1536.jpeg 1152w, http:\/\/www.gourmettes-fribourg.ch\/wp-content\/uploads\/2022\/11\/AAD3A6E4-2DFA-4BE7-8939-069FE736244B-1536x2048.jpeg 1536w, http:\/\/www.gourmettes-fribourg.ch\/wp-content\/uploads\/2022\/11\/AAD3A6E4-2DFA-4BE7-8939-069FE736244B-scaled.jpeg 1920w\" sizes=\"(max-width: 1500px) 100vw, 1500px\" \/><\/figure><\/li><li class=\"blocks-gallery-item\"><figure><img loading=\"lazy\" width=\"1500\" height=\"2000\" src=\"https:\/\/www.gourmettes-fribourg.ch\/wp-content\/uploads\/2022\/11\/6F8CF280-0825-4D57-B3CF-400405809E25-1500x2000.jpeg\" alt=\"\" data-id=\"6668\" data-full-url=\"https:\/\/www.gourmettes-fribourg.ch\/wp-content\/uploads\/2022\/11\/6F8CF280-0825-4D57-B3CF-400405809E25-scaled.jpeg\" data-link=\"https:\/\/www.gourmettes-fribourg.ch\/?attachment_id=6668\" class=\"wp-image-6668\" srcset=\"http:\/\/www.gourmettes-fribourg.ch\/wp-content\/uploads\/2022\/11\/6F8CF280-0825-4D57-B3CF-400405809E25-1500x2000.jpeg 1500w, http:\/\/www.gourmettes-fribourg.ch\/wp-content\/uploads\/2022\/11\/6F8CF280-0825-4D57-B3CF-400405809E25-675x900.jpeg 675w, http:\/\/www.gourmettes-fribourg.ch\/wp-content\/uploads\/2022\/11\/6F8CF280-0825-4D57-B3CF-400405809E25-768x1024.jpeg 768w, http:\/\/www.gourmettes-fribourg.ch\/wp-content\/uploads\/2022\/11\/6F8CF280-0825-4D57-B3CF-400405809E25-1152x1536.jpeg 1152w, http:\/\/www.gourmettes-fribourg.ch\/wp-content\/uploads\/2022\/11\/6F8CF280-0825-4D57-B3CF-400405809E25-1536x2048.jpeg 1536w, http:\/\/www.gourmettes-fribourg.ch\/wp-content\/uploads\/2022\/11\/6F8CF280-0825-4D57-B3CF-400405809E25-scaled.jpeg 1920w\" sizes=\"(max-width: 1500px) 100vw, 1500px\" \/><\/figure><\/li><li class=\"blocks-gallery-item\"><figure><img loading=\"lazy\" width=\"1500\" height=\"2000\" src=\"https:\/\/www.gourmettes-fribourg.ch\/wp-content\/uploads\/2022\/11\/A582343F-A19A-4C1B-A314-BA552C05DE40-1500x2000.jpeg\" alt=\"\" data-id=\"6669\" data-full-url=\"https:\/\/www.gourmettes-fribourg.ch\/wp-content\/uploads\/2022\/11\/A582343F-A19A-4C1B-A314-BA552C05DE40-scaled.jpeg\" data-link=\"https:\/\/www.gourmettes-fribourg.ch\/?attachment_id=6669\" class=\"wp-image-6669\" srcset=\"http:\/\/www.gourmettes-fribourg.ch\/wp-content\/uploads\/2022\/11\/A582343F-A19A-4C1B-A314-BA552C05DE40-1500x2000.jpeg 1500w, http:\/\/www.gourmettes-fribourg.ch\/wp-content\/uploads\/2022\/11\/A582343F-A19A-4C1B-A314-BA552C05DE40-675x900.jpeg 675w, http:\/\/www.gourmettes-fribourg.ch\/wp-content\/uploads\/2022\/11\/A582343F-A19A-4C1B-A314-BA552C05DE40-768x1024.jpeg 768w, http:\/\/www.gourmettes-fribourg.ch\/wp-content\/uploads\/2022\/11\/A582343F-A19A-4C1B-A314-BA552C05DE40-1152x1536.jpeg 1152w, http:\/\/www.gourmettes-fribourg.ch\/wp-content\/uploads\/2022\/11\/A582343F-A19A-4C1B-A314-BA552C05DE40-1536x2048.jpeg 1536w, http:\/\/www.gourmettes-fribourg.ch\/wp-content\/uploads\/2022\/11\/A582343F-A19A-4C1B-A314-BA552C05DE40-scaled.jpeg 1920w\" sizes=\"(max-width: 1500px) 100vw, 1500px\" \/><\/figure><\/li><li class=\"blocks-gallery-item\"><figure><img loading=\"lazy\" width=\"1500\" height=\"2000\" src=\"https:\/\/www.gourmettes-fribourg.ch\/wp-content\/uploads\/2022\/11\/0816F54C-A932-45B4-925C-12EC4D319338-1500x2000.jpeg\" alt=\"\" data-id=\"6670\" data-full-url=\"https:\/\/www.gourmettes-fribourg.ch\/wp-content\/uploads\/2022\/11\/0816F54C-A932-45B4-925C-12EC4D319338-scaled.jpeg\" data-link=\"https:\/\/www.gourmettes-fribourg.ch\/?attachment_id=6670\" class=\"wp-image-6670\" srcset=\"http:\/\/www.gourmettes-fribourg.ch\/wp-content\/uploads\/2022\/11\/0816F54C-A932-45B4-925C-12EC4D319338-1500x2000.jpeg 1500w, http:\/\/www.gourmettes-fribourg.ch\/wp-content\/uploads\/2022\/11\/0816F54C-A932-45B4-925C-12EC4D319338-675x900.jpeg 675w, http:\/\/www.gourmettes-fribourg.ch\/wp-content\/uploads\/2022\/11\/0816F54C-A932-45B4-925C-12EC4D319338-768x1024.jpeg 768w, http:\/\/www.gourmettes-fribourg.ch\/wp-content\/uploads\/2022\/11\/0816F54C-A932-45B4-925C-12EC4D319338-1152x1536.jpeg 1152w, http:\/\/www.gourmettes-fribourg.ch\/wp-content\/uploads\/2022\/11\/0816F54C-A932-45B4-925C-12EC4D319338-1536x2048.jpeg 1536w, http:\/\/www.gourmettes-fribourg.ch\/wp-content\/uploads\/2022\/11\/0816F54C-A932-45B4-925C-12EC4D319338-scaled.jpeg 1920w\" sizes=\"(max-width: 1500px) 100vw, 1500px\" \/><\/figure><\/li><li class=\"blocks-gallery-item\"><figure><img loading=\"lazy\" width=\"1500\" height=\"2000\" src=\"https:\/\/www.gourmettes-fribourg.ch\/wp-content\/uploads\/2022\/11\/522FE3CE-3101-4AC5-8F2C-A6B70AABCFC6-1500x2000.jpeg\" alt=\"\" data-id=\"6671\" data-full-url=\"https:\/\/www.gourmettes-fribourg.ch\/wp-content\/uploads\/2022\/11\/522FE3CE-3101-4AC5-8F2C-A6B70AABCFC6-scaled.jpeg\" data-link=\"https:\/\/www.gourmettes-fribourg.ch\/?attachment_id=6671\" class=\"wp-image-6671\" srcset=\"http:\/\/www.gourmettes-fribourg.ch\/wp-content\/uploads\/2022\/11\/522FE3CE-3101-4AC5-8F2C-A6B70AABCFC6-1500x2000.jpeg 1500w, http:\/\/www.gourmettes-fribourg.ch\/wp-content\/uploads\/2022\/11\/522FE3CE-3101-4AC5-8F2C-A6B70AABCFC6-675x900.jpeg 675w, http:\/\/www.gourmettes-fribourg.ch\/wp-content\/uploads\/2022\/11\/522FE3CE-3101-4AC5-8F2C-A6B70AABCFC6-768x1024.jpeg 768w, http:\/\/www.gourmettes-fribourg.ch\/wp-content\/uploads\/2022\/11\/522FE3CE-3101-4AC5-8F2C-A6B70AABCFC6-1152x1536.jpeg 1152w, http:\/\/www.gourmettes-fribourg.ch\/wp-content\/uploads\/2022\/11\/522FE3CE-3101-4AC5-8F2C-A6B70AABCFC6-1536x2048.jpeg 1536w, http:\/\/www.gourmettes-fribourg.ch\/wp-content\/uploads\/2022\/11\/522FE3CE-3101-4AC5-8F2C-A6B70AABCFC6-scaled.jpeg 1920w\" sizes=\"(max-width: 1500px) 100vw, 1500px\" \/><\/figure><\/li><li class=\"blocks-gallery-item\"><figure><img loading=\"lazy\" width=\"1500\" height=\"2000\" src=\"https:\/\/www.gourmettes-fribourg.ch\/wp-content\/uploads\/2022\/11\/9383A655-AD9F-45D6-9456-D0D29B09C21C-1500x2000.jpeg\" alt=\"\" data-id=\"6672\" data-full-url=\"https:\/\/www.gourmettes-fribourg.ch\/wp-content\/uploads\/2022\/11\/9383A655-AD9F-45D6-9456-D0D29B09C21C-scaled.jpeg\" data-link=\"https:\/\/www.gourmettes-fribourg.ch\/?attachment_id=6672\" class=\"wp-image-6672\" srcset=\"http:\/\/www.gourmettes-fribourg.ch\/wp-content\/uploads\/2022\/11\/9383A655-AD9F-45D6-9456-D0D29B09C21C-1500x2000.jpeg 1500w, http:\/\/www.gourmettes-fribourg.ch\/wp-content\/uploads\/2022\/11\/9383A655-AD9F-45D6-9456-D0D29B09C21C-675x900.jpeg 675w, http:\/\/www.gourmettes-fribourg.ch\/wp-content\/uploads\/2022\/11\/9383A655-AD9F-45D6-9456-D0D29B09C21C-768x1024.jpeg 768w, http:\/\/www.gourmettes-fribourg.ch\/wp-content\/uploads\/2022\/11\/9383A655-AD9F-45D6-9456-D0D29B09C21C-1152x1536.jpeg 1152w, http:\/\/www.gourmettes-fribourg.ch\/wp-content\/uploads\/2022\/11\/9383A655-AD9F-45D6-9456-D0D29B09C21C-1536x2048.jpeg 1536w, http:\/\/www.gourmettes-fribourg.ch\/wp-content\/uploads\/2022\/11\/9383A655-AD9F-45D6-9456-D0D29B09C21C-scaled.jpeg 1920w\" sizes=\"(max-width: 1500px) 100vw, 1500px\" \/><\/figure><\/li><li class=\"blocks-gallery-item\"><figure><img loading=\"lazy\" width=\"1500\" height=\"2000\" src=\"https:\/\/www.gourmettes-fribourg.ch\/wp-content\/uploads\/2022\/11\/7616D5DB-54A1-4DE7-860C-A2E5C5162A4E-1500x2000.jpeg\" alt=\"\" data-id=\"6673\" data-full-url=\"https:\/\/www.gourmettes-fribourg.ch\/wp-content\/uploads\/2022\/11\/7616D5DB-54A1-4DE7-860C-A2E5C5162A4E-scaled.jpeg\" data-link=\"https:\/\/www.gourmettes-fribourg.ch\/?attachment_id=6673\" class=\"wp-image-6673\" srcset=\"http:\/\/www.gourmettes-fribourg.ch\/wp-content\/uploads\/2022\/11\/7616D5DB-54A1-4DE7-860C-A2E5C5162A4E-1500x2000.jpeg 1500w, http:\/\/www.gourmettes-fribourg.ch\/wp-content\/uploads\/2022\/11\/7616D5DB-54A1-4DE7-860C-A2E5C5162A4E-675x900.jpeg 675w, http:\/\/www.gourmettes-fribourg.ch\/wp-content\/uploads\/2022\/11\/7616D5DB-54A1-4DE7-860C-A2E5C5162A4E-768x1024.jpeg 768w, http:\/\/www.gourmettes-fribourg.ch\/wp-content\/uploads\/2022\/11\/7616D5DB-54A1-4DE7-860C-A2E5C5162A4E-1152x1536.jpeg 1152w, http:\/\/www.gourmettes-fribourg.ch\/wp-content\/uploads\/2022\/11\/7616D5DB-54A1-4DE7-860C-A2E5C5162A4E-1536x2048.jpeg 1536w, http:\/\/www.gourmettes-fribourg.ch\/wp-content\/uploads\/2022\/11\/7616D5DB-54A1-4DE7-860C-A2E5C5162A4E-scaled.jpeg 1920w\" sizes=\"(max-width: 1500px) 100vw, 1500px\" \/><\/figure><\/li><li class=\"blocks-gallery-item\"><figure><img loading=\"lazy\" width=\"1500\" height=\"2000\" src=\"https:\/\/www.gourmettes-fribourg.ch\/wp-content\/uploads\/2022\/11\/B353CDEF-A6BC-49D9-BE37-26BFD25ABFFF-1500x2000.jpeg\" alt=\"\" data-id=\"6674\" data-full-url=\"https:\/\/www.gourmettes-fribourg.ch\/wp-content\/uploads\/2022\/11\/B353CDEF-A6BC-49D9-BE37-26BFD25ABFFF-scaled.jpeg\" data-link=\"https:\/\/www.gourmettes-fribourg.ch\/?attachment_id=6674\" class=\"wp-image-6674\" srcset=\"http:\/\/www.gourmettes-fribourg.ch\/wp-content\/uploads\/2022\/11\/B353CDEF-A6BC-49D9-BE37-26BFD25ABFFF-1500x2000.jpeg 1500w, http:\/\/www.gourmettes-fribourg.ch\/wp-content\/uploads\/2022\/11\/B353CDEF-A6BC-49D9-BE37-26BFD25ABFFF-675x900.jpeg 675w, http:\/\/www.gourmettes-fribourg.ch\/wp-content\/uploads\/2022\/11\/B353CDEF-A6BC-49D9-BE37-26BFD25ABFFF-768x1024.jpeg 768w, http:\/\/www.gourmettes-fribourg.ch\/wp-content\/uploads\/2022\/11\/B353CDEF-A6BC-49D9-BE37-26BFD25ABFFF-1152x1536.jpeg 1152w, http:\/\/www.gourmettes-fribourg.ch\/wp-content\/uploads\/2022\/11\/B353CDEF-A6BC-49D9-BE37-26BFD25ABFFF-1536x2048.jpeg 1536w, http:\/\/www.gourmettes-fribourg.ch\/wp-content\/uploads\/2022\/11\/B353CDEF-A6BC-49D9-BE37-26BFD25ABFFF-scaled.jpeg 1920w\" sizes=\"(max-width: 1500px) 100vw, 1500px\" \/><\/figure><\/li><li class=\"blocks-gallery-item\"><figure><img loading=\"lazy\" width=\"1500\" height=\"2000\" src=\"https:\/\/www.gourmettes-fribourg.ch\/wp-content\/uploads\/2022\/11\/CA627E5A-E54B-4099-8710-09C6CB8C0835-1500x2000.jpeg\" alt=\"\" data-id=\"6675\" data-full-url=\"https:\/\/www.gourmettes-fribourg.ch\/wp-content\/uploads\/2022\/11\/CA627E5A-E54B-4099-8710-09C6CB8C0835-scaled.jpeg\" data-link=\"https:\/\/www.gourmettes-fribourg.ch\/?attachment_id=6675\" class=\"wp-image-6675\" srcset=\"http:\/\/www.gourmettes-fribourg.ch\/wp-content\/uploads\/2022\/11\/CA627E5A-E54B-4099-8710-09C6CB8C0835-1500x2000.jpeg 1500w, http:\/\/www.gourmettes-fribourg.ch\/wp-content\/uploads\/2022\/11\/CA627E5A-E54B-4099-8710-09C6CB8C0835-675x900.jpeg 675w, http:\/\/www.gourmettes-fribourg.ch\/wp-content\/uploads\/2022\/11\/CA627E5A-E54B-4099-8710-09C6CB8C0835-768x1024.jpeg 768w, http:\/\/www.gourmettes-fribourg.ch\/wp-content\/uploads\/2022\/11\/CA627E5A-E54B-4099-8710-09C6CB8C0835-1152x1536.jpeg 1152w, http:\/\/www.gourmettes-fribourg.ch\/wp-content\/uploads\/2022\/11\/CA627E5A-E54B-4099-8710-09C6CB8C0835-1536x2048.jpeg 1536w, http:\/\/www.gourmettes-fribourg.ch\/wp-content\/uploads\/2022\/11\/CA627E5A-E54B-4099-8710-09C6CB8C0835-scaled.jpeg 1920w\" sizes=\"(max-width: 1500px) 100vw, 1500px\" \/><\/figure><\/li><li class=\"blocks-gallery-item\"><figure><img loading=\"lazy\" width=\"1500\" height=\"2000\" src=\"https:\/\/www.gourmettes-fribourg.ch\/wp-content\/uploads\/2022\/11\/71E47EA2-4D2E-4FC0-9F44-412650DD3CCC-1500x2000.jpeg\" alt=\"\" data-id=\"6677\" data-full-url=\"https:\/\/www.gourmettes-fribourg.ch\/wp-content\/uploads\/2022\/11\/71E47EA2-4D2E-4FC0-9F44-412650DD3CCC-scaled.jpeg\" data-link=\"https:\/\/www.gourmettes-fribourg.ch\/?attachment_id=6677\" class=\"wp-image-6677\" srcset=\"http:\/\/www.gourmettes-fribourg.ch\/wp-content\/uploads\/2022\/11\/71E47EA2-4D2E-4FC0-9F44-412650DD3CCC-1500x2000.jpeg 1500w, http:\/\/www.gourmettes-fribourg.ch\/wp-content\/uploads\/2022\/11\/71E47EA2-4D2E-4FC0-9F44-412650DD3CCC-675x900.jpeg 675w, http:\/\/www.gourmettes-fribourg.ch\/wp-content\/uploads\/2022\/11\/71E47EA2-4D2E-4FC0-9F44-412650DD3CCC-768x1024.jpeg 768w, http:\/\/www.gourmettes-fribourg.ch\/wp-content\/uploads\/2022\/11\/71E47EA2-4D2E-4FC0-9F44-412650DD3CCC-1152x1536.jpeg 1152w, http:\/\/www.gourmettes-fribourg.ch\/wp-content\/uploads\/2022\/11\/71E47EA2-4D2E-4FC0-9F44-412650DD3CCC-1536x2048.jpeg 1536w, http:\/\/www.gourmettes-fribourg.ch\/wp-content\/uploads\/2022\/11\/71E47EA2-4D2E-4FC0-9F44-412650DD3CCC-scaled.jpeg 1920w\" sizes=\"(max-width: 1500px) 100vw, 1500px\" \/><\/figure><\/li><li class=\"blocks-gallery-item\"><figure><img loading=\"lazy\" width=\"1500\" height=\"2000\" src=\"https:\/\/www.gourmettes-fribourg.ch\/wp-content\/uploads\/2022\/11\/F67EEF9F-B5ED-46DC-87AD-A17719E0EB90-1500x2000.jpeg\" alt=\"\" data-id=\"6678\" data-full-url=\"https:\/\/www.gourmettes-fribourg.ch\/wp-content\/uploads\/2022\/11\/F67EEF9F-B5ED-46DC-87AD-A17719E0EB90-scaled.jpeg\" data-link=\"https:\/\/www.gourmettes-fribourg.ch\/?attachment_id=6678\" class=\"wp-image-6678\" srcset=\"http:\/\/www.gourmettes-fribourg.ch\/wp-content\/uploads\/2022\/11\/F67EEF9F-B5ED-46DC-87AD-A17719E0EB90-1500x2000.jpeg 1500w, http:\/\/www.gourmettes-fribourg.ch\/wp-content\/uploads\/2022\/11\/F67EEF9F-B5ED-46DC-87AD-A17719E0EB90-675x900.jpeg 675w, http:\/\/www.gourmettes-fribourg.ch\/wp-content\/uploads\/2022\/11\/F67EEF9F-B5ED-46DC-87AD-A17719E0EB90-768x1024.jpeg 768w, http:\/\/www.gourmettes-fribourg.ch\/wp-content\/uploads\/2022\/11\/F67EEF9F-B5ED-46DC-87AD-A17719E0EB90-1152x1536.jpeg 1152w, http:\/\/www.gourmettes-fribourg.ch\/wp-content\/uploads\/2022\/11\/F67EEF9F-B5ED-46DC-87AD-A17719E0EB90-1536x2048.jpeg 1536w, http:\/\/www.gourmettes-fribourg.ch\/wp-content\/uploads\/2022\/11\/F67EEF9F-B5ED-46DC-87AD-A17719E0EB90-scaled.jpeg 1920w\" sizes=\"(max-width: 1500px) 100vw, 1500px\" \/><\/figure><\/li><li class=\"blocks-gallery-item\"><figure><img loading=\"lazy\" width=\"1500\" height=\"2000\" src=\"https:\/\/www.gourmettes-fribourg.ch\/wp-content\/uploads\/2022\/11\/5E7796E9-546E-4C9D-A368-D41084903682-1500x2000.jpeg\" alt=\"\" data-id=\"6679\" data-full-url=\"https:\/\/www.gourmettes-fribourg.ch\/wp-content\/uploads\/2022\/11\/5E7796E9-546E-4C9D-A368-D41084903682-scaled.jpeg\" data-link=\"https:\/\/www.gourmettes-fribourg.ch\/?attachment_id=6679\" class=\"wp-image-6679\" srcset=\"http:\/\/www.gourmettes-fribourg.ch\/wp-content\/uploads\/2022\/11\/5E7796E9-546E-4C9D-A368-D41084903682-1500x2000.jpeg 1500w, http:\/\/www.gourmettes-fribourg.ch\/wp-content\/uploads\/2022\/11\/5E7796E9-546E-4C9D-A368-D41084903682-675x900.jpeg 675w, http:\/\/www.gourmettes-fribourg.ch\/wp-content\/uploads\/2022\/11\/5E7796E9-546E-4C9D-A368-D41084903682-768x1024.jpeg 768w, http:\/\/www.gourmettes-fribourg.ch\/wp-content\/uploads\/2022\/11\/5E7796E9-546E-4C9D-A368-D41084903682-1152x1536.jpeg 1152w, http:\/\/www.gourmettes-fribourg.ch\/wp-content\/uploads\/2022\/11\/5E7796E9-546E-4C9D-A368-D41084903682-1536x2048.jpeg 1536w, http:\/\/www.gourmettes-fribourg.ch\/wp-content\/uploads\/2022\/11\/5E7796E9-546E-4C9D-A368-D41084903682-scaled.jpeg 1920w\" sizes=\"(max-width: 1500px) 100vw, 1500px\" \/><\/figure><\/li><li class=\"blocks-gallery-item\"><figure><img loading=\"lazy\" width=\"1500\" height=\"2000\" src=\"https:\/\/www.gourmettes-fribourg.ch\/wp-content\/uploads\/2022\/11\/81DE9FEC-6715-41AA-9F87-CADF641C0204-1500x2000.jpeg\" alt=\"\" data-id=\"6680\" data-full-url=\"https:\/\/www.gourmettes-fribourg.ch\/wp-content\/uploads\/2022\/11\/81DE9FEC-6715-41AA-9F87-CADF641C0204-scaled.jpeg\" data-link=\"https:\/\/www.gourmettes-fribourg.ch\/?attachment_id=6680\" class=\"wp-image-6680\" srcset=\"http:\/\/www.gourmettes-fribourg.ch\/wp-content\/uploads\/2022\/11\/81DE9FEC-6715-41AA-9F87-CADF641C0204-1500x2000.jpeg 1500w, http:\/\/www.gourmettes-fribourg.ch\/wp-content\/uploads\/2022\/11\/81DE9FEC-6715-41AA-9F87-CADF641C0204-675x900.jpeg 675w, http:\/\/www.gourmettes-fribourg.ch\/wp-content\/uploads\/2022\/11\/81DE9FEC-6715-41AA-9F87-CADF641C0204-768x1024.jpeg 768w, http:\/\/www.gourmettes-fribourg.ch\/wp-content\/uploads\/2022\/11\/81DE9FEC-6715-41AA-9F87-CADF641C0204-1152x1536.jpeg 1152w, http:\/\/www.gourmettes-fribourg.ch\/wp-content\/uploads\/2022\/11\/81DE9FEC-6715-41AA-9F87-CADF641C0204-1536x2048.jpeg 1536w, http:\/\/www.gourmettes-fribourg.ch\/wp-content\/uploads\/2022\/11\/81DE9FEC-6715-41AA-9F87-CADF641C0204-scaled.jpeg 1920w\" sizes=\"(max-width: 1500px) 100vw, 1500px\" \/><\/figure><\/li><li class=\"blocks-gallery-item\"><figure><img loading=\"lazy\" width=\"1500\" height=\"2000\" src=\"https:\/\/www.gourmettes-fribourg.ch\/wp-content\/uploads\/2022\/11\/AE51B35C-1C5E-4FE9-B6BE-5E07E7E2EBC9-1500x2000.jpeg\" alt=\"\" data-id=\"6681\" data-full-url=\"https:\/\/www.gourmettes-fribourg.ch\/wp-content\/uploads\/2022\/11\/AE51B35C-1C5E-4FE9-B6BE-5E07E7E2EBC9-scaled.jpeg\" data-link=\"https:\/\/www.gourmettes-fribourg.ch\/?attachment_id=6681\" class=\"wp-image-6681\" srcset=\"http:\/\/www.gourmettes-fribourg.ch\/wp-content\/uploads\/2022\/11\/AE51B35C-1C5E-4FE9-B6BE-5E07E7E2EBC9-1500x2000.jpeg 1500w, http:\/\/www.gourmettes-fribourg.ch\/wp-content\/uploads\/2022\/11\/AE51B35C-1C5E-4FE9-B6BE-5E07E7E2EBC9-675x900.jpeg 675w, http:\/\/www.gourmettes-fribourg.ch\/wp-content\/uploads\/2022\/11\/AE51B35C-1C5E-4FE9-B6BE-5E07E7E2EBC9-768x1024.jpeg 768w, http:\/\/www.gourmettes-fribourg.ch\/wp-content\/uploads\/2022\/11\/AE51B35C-1C5E-4FE9-B6BE-5E07E7E2EBC9-1152x1536.jpeg 1152w, http:\/\/www.gourmettes-fribourg.ch\/wp-content\/uploads\/2022\/11\/AE51B35C-1C5E-4FE9-B6BE-5E07E7E2EBC9-1536x2048.jpeg 1536w, http:\/\/www.gourmettes-fribourg.ch\/wp-content\/uploads\/2022\/11\/AE51B35C-1C5E-4FE9-B6BE-5E07E7E2EBC9-scaled.jpeg 1920w\" sizes=\"(max-width: 1500px) 100vw, 1500px\" \/><\/figure><\/li><li class=\"blocks-gallery-item\"><figure><img loading=\"lazy\" width=\"1500\" height=\"2000\" src=\"https:\/\/www.gourmettes-fribourg.ch\/wp-content\/uploads\/2022\/11\/153E8C1B-3ADE-4334-8B79-F1A1FBA53A35-1500x2000.jpeg\" alt=\"\" data-id=\"6682\" data-full-url=\"https:\/\/www.gourmettes-fribourg.ch\/wp-content\/uploads\/2022\/11\/153E8C1B-3ADE-4334-8B79-F1A1FBA53A35-scaled.jpeg\" data-link=\"https:\/\/www.gourmettes-fribourg.ch\/?attachment_id=6682\" class=\"wp-image-6682\" srcset=\"http:\/\/www.gourmettes-fribourg.ch\/wp-content\/uploads\/2022\/11\/153E8C1B-3ADE-4334-8B79-F1A1FBA53A35-1500x2000.jpeg 1500w, http:\/\/www.gourmettes-fribourg.ch\/wp-content\/uploads\/2022\/11\/153E8C1B-3ADE-4334-8B79-F1A1FBA53A35-675x900.jpeg 675w, http:\/\/www.gourmettes-fribourg.ch\/wp-content\/uploads\/2022\/11\/153E8C1B-3ADE-4334-8B79-F1A1FBA53A35-768x1024.jpeg 768w, http:\/\/www.gourmettes-fribourg.ch\/wp-content\/uploads\/2022\/11\/153E8C1B-3ADE-4334-8B79-F1A1FBA53A35-1152x1536.jpeg 1152w, http:\/\/www.gourmettes-fribourg.ch\/wp-content\/uploads\/2022\/11\/153E8C1B-3ADE-4334-8B79-F1A1FBA53A35-1536x2048.jpeg 1536w, http:\/\/www.gourmettes-fribourg.ch\/wp-content\/uploads\/2022\/11\/153E8C1B-3ADE-4334-8B79-F1A1FBA53A35-scaled.jpeg 1920w\" sizes=\"(max-width: 1500px) 100vw, 1500px\" \/><\/figure><\/li><li class=\"blocks-gallery-item\"><figure><img loading=\"lazy\" width=\"1500\" height=\"2000\" src=\"https:\/\/www.gourmettes-fribourg.ch\/wp-content\/uploads\/2022\/11\/75369E46-B678-4B15-B539-04B33F90A04E-1500x2000.jpeg\" alt=\"\" data-id=\"6683\" data-full-url=\"https:\/\/www.gourmettes-fribourg.ch\/wp-content\/uploads\/2022\/11\/75369E46-B678-4B15-B539-04B33F90A04E-scaled.jpeg\" data-link=\"https:\/\/www.gourmettes-fribourg.ch\/?attachment_id=6683\" class=\"wp-image-6683\" srcset=\"http:\/\/www.gourmettes-fribourg.ch\/wp-content\/uploads\/2022\/11\/75369E46-B678-4B15-B539-04B33F90A04E-1500x2000.jpeg 1500w, http:\/\/www.gourmettes-fribourg.ch\/wp-content\/uploads\/2022\/11\/75369E46-B678-4B15-B539-04B33F90A04E-675x900.jpeg 675w, http:\/\/www.gourmettes-fribourg.ch\/wp-content\/uploads\/2022\/11\/75369E46-B678-4B15-B539-04B33F90A04E-768x1024.jpeg 768w, http:\/\/www.gourmettes-fribourg.ch\/wp-content\/uploads\/2022\/11\/75369E46-B678-4B15-B539-04B33F90A04E-1152x1536.jpeg 1152w, http:\/\/www.gourmettes-fribourg.ch\/wp-content\/uploads\/2022\/11\/75369E46-B678-4B15-B539-04B33F90A04E-1536x2048.jpeg 1536w, http:\/\/www.gourmettes-fribourg.ch\/wp-content\/uploads\/2022\/11\/75369E46-B678-4B15-B539-04B33F90A04E-scaled.jpeg 1920w\" sizes=\"(max-width: 1500px) 100vw, 1500px\" \/><\/figure><\/li><li class=\"blocks-gallery-item\"><figure><img loading=\"lazy\" width=\"1500\" height=\"2000\" src=\"https:\/\/www.gourmettes-fribourg.ch\/wp-content\/uploads\/2022\/11\/B805B544-A9E5-4525-BB9E-B20CE6873F9E-1500x2000.jpeg\" alt=\"\" data-id=\"6684\" data-full-url=\"https:\/\/www.gourmettes-fribourg.ch\/wp-content\/uploads\/2022\/11\/B805B544-A9E5-4525-BB9E-B20CE6873F9E-scaled.jpeg\" data-link=\"https:\/\/www.gourmettes-fribourg.ch\/?attachment_id=6684\" class=\"wp-image-6684\" srcset=\"http:\/\/www.gourmettes-fribourg.ch\/wp-content\/uploads\/2022\/11\/B805B544-A9E5-4525-BB9E-B20CE6873F9E-1500x2000.jpeg 1500w, http:\/\/www.gourmettes-fribourg.ch\/wp-content\/uploads\/2022\/11\/B805B544-A9E5-4525-BB9E-B20CE6873F9E-675x900.jpeg 675w, http:\/\/www.gourmettes-fribourg.ch\/wp-content\/uploads\/2022\/11\/B805B544-A9E5-4525-BB9E-B20CE6873F9E-768x1024.jpeg 768w, http:\/\/www.gourmettes-fribourg.ch\/wp-content\/uploads\/2022\/11\/B805B544-A9E5-4525-BB9E-B20CE6873F9E-1152x1536.jpeg 1152w, http:\/\/www.gourmettes-fribourg.ch\/wp-content\/uploads\/2022\/11\/B805B544-A9E5-4525-BB9E-B20CE6873F9E-1536x2048.jpeg 1536w, http:\/\/www.gourmettes-fribourg.ch\/wp-content\/uploads\/2022\/11\/B805B544-A9E5-4525-BB9E-B20CE6873F9E-scaled.jpeg 1920w\" sizes=\"(max-width: 1500px) 100vw, 1500px\" \/><\/figure><\/li><li class=\"blocks-gallery-item\"><figure><img loading=\"lazy\" width=\"1500\" height=\"2000\" src=\"https:\/\/www.gourmettes-fribourg.ch\/wp-content\/uploads\/2022\/11\/3409EC56-96A9-4268-9D71-9B3BAA680D9A-1500x2000.jpeg\" alt=\"\" data-id=\"6685\" data-full-url=\"https:\/\/www.gourmettes-fribourg.ch\/wp-content\/uploads\/2022\/11\/3409EC56-96A9-4268-9D71-9B3BAA680D9A-scaled.jpeg\" data-link=\"https:\/\/www.gourmettes-fribourg.ch\/?attachment_id=6685\" class=\"wp-image-6685\" srcset=\"http:\/\/www.gourmettes-fribourg.ch\/wp-content\/uploads\/2022\/11\/3409EC56-96A9-4268-9D71-9B3BAA680D9A-1500x2000.jpeg 1500w, http:\/\/www.gourmettes-fribourg.ch\/wp-content\/uploads\/2022\/11\/3409EC56-96A9-4268-9D71-9B3BAA680D9A-675x900.jpeg 675w, http:\/\/www.gourmettes-fribourg.ch\/wp-content\/uploads\/2022\/11\/3409EC56-96A9-4268-9D71-9B3BAA680D9A-768x1024.jpeg 768w, http:\/\/www.gourmettes-fribourg.ch\/wp-content\/uploads\/2022\/11\/3409EC56-96A9-4268-9D71-9B3BAA680D9A-1152x1536.jpeg 1152w, http:\/\/www.gourmettes-fribourg.ch\/wp-content\/uploads\/2022\/11\/3409EC56-96A9-4268-9D71-9B3BAA680D9A-1536x2048.jpeg 1536w, http:\/\/www.gourmettes-fribourg.ch\/wp-content\/uploads\/2022\/11\/3409EC56-96A9-4268-9D71-9B3BAA680D9A-scaled.jpeg 1920w\" sizes=\"(max-width: 1500px) 100vw, 1500px\" \/><\/figure><\/li><li class=\"blocks-gallery-item\"><figure><img loading=\"lazy\" width=\"694\" height=\"2000\" src=\"https:\/\/www.gourmettes-fribourg.ch\/wp-content\/uploads\/2022\/11\/3F4B0925-9CC1-439A-8873-A24F793DC109-694x2000.jpeg\" alt=\"\" data-id=\"6686\" data-full-url=\"https:\/\/www.gourmettes-fribourg.ch\/wp-content\/uploads\/2022\/11\/3F4B0925-9CC1-439A-8873-A24F793DC109.jpeg\" data-link=\"https:\/\/www.gourmettes-fribourg.ch\/?attachment_id=6686\" class=\"wp-image-6686\" srcset=\"http:\/\/www.gourmettes-fribourg.ch\/wp-content\/uploads\/2022\/11\/3F4B0925-9CC1-439A-8873-A24F793DC109-694x2000.jpeg 694w, http:\/\/www.gourmettes-fribourg.ch\/wp-content\/uploads\/2022\/11\/3F4B0925-9CC1-439A-8873-A24F793DC109-312x900.jpeg 312w, http:\/\/www.gourmettes-fribourg.ch\/wp-content\/uploads\/2022\/11\/3F4B0925-9CC1-439A-8873-A24F793DC109-533x1536.jpeg 533w, http:\/\/www.gourmettes-fribourg.ch\/wp-content\/uploads\/2022\/11\/3F4B0925-9CC1-439A-8873-A24F793DC109.jpeg 711w\" sizes=\"(max-width: 694px) 100vw, 694px\" \/><\/figure><\/li><li class=\"blocks-gallery-item\"><figure><img loading=\"lazy\" width=\"822\" height=\"2000\" src=\"https:\/\/www.gourmettes-fribourg.ch\/wp-content\/uploads\/2022\/11\/03B947C9-6326-41CF-AA58-C3643FFAD26B-822x2000.jpeg\" alt=\"\" data-id=\"6687\" data-full-url=\"https:\/\/www.gourmettes-fribourg.ch\/wp-content\/uploads\/2022\/11\/03B947C9-6326-41CF-AA58-C3643FFAD26B.jpeg\" data-link=\"https:\/\/www.gourmettes-fribourg.ch\/?attachment_id=6687\" class=\"wp-image-6687\" srcset=\"http:\/\/www.gourmettes-fribourg.ch\/wp-content\/uploads\/2022\/11\/03B947C9-6326-41CF-AA58-C3643FFAD26B-822x2000.jpeg 822w, http:\/\/www.gourmettes-fribourg.ch\/wp-content\/uploads\/2022\/11\/03B947C9-6326-41CF-AA58-C3643FFAD26B-370x900.jpeg 370w, http:\/\/www.gourmettes-fribourg.ch\/wp-content\/uploads\/2022\/11\/03B947C9-6326-41CF-AA58-C3643FFAD26B-768x1868.jpeg 768w, http:\/\/www.gourmettes-fribourg.ch\/wp-content\/uploads\/2022\/11\/03B947C9-6326-41CF-AA58-C3643FFAD26B.jpeg 842w\" sizes=\"(max-width: 822px) 100vw, 822px\" \/><\/figure><\/li><li class=\"blocks-gallery-item\"><figure><img loading=\"lazy\" width=\"1500\" height=\"2000\" src=\"https:\/\/www.gourmettes-fribourg.ch\/wp-content\/uploads\/2022\/11\/3D94D3C4-F89B-4232-95F4-877053AE7D4F-1500x2000.jpeg\" alt=\"\" data-id=\"6688\" data-full-url=\"https:\/\/www.gourmettes-fribourg.ch\/wp-content\/uploads\/2022\/11\/3D94D3C4-F89B-4232-95F4-877053AE7D4F.jpeg\" data-link=\"https:\/\/www.gourmettes-fribourg.ch\/?attachment_id=6688\" class=\"wp-image-6688\" srcset=\"http:\/\/www.gourmettes-fribourg.ch\/wp-content\/uploads\/2022\/11\/3D94D3C4-F89B-4232-95F4-877053AE7D4F-1500x2000.jpeg 1500w, http:\/\/www.gourmettes-fribourg.ch\/wp-content\/uploads\/2022\/11\/3D94D3C4-F89B-4232-95F4-877053AE7D4F-675x900.jpeg 675w, http:\/\/www.gourmettes-fribourg.ch\/wp-content\/uploads\/2022\/11\/3D94D3C4-F89B-4232-95F4-877053AE7D4F-768x1024.jpeg 768w, http:\/\/www.gourmettes-fribourg.ch\/wp-content\/uploads\/2022\/11\/3D94D3C4-F89B-4232-95F4-877053AE7D4F-1152x1536.jpeg 1152w, http:\/\/www.gourmettes-fribourg.ch\/wp-content\/uploads\/2022\/11\/3D94D3C4-F89B-4232-95F4-877053AE7D4F.jpeg 1536w\" sizes=\"(max-width: 1500px) 100vw, 1500px\" \/><\/figure><\/li><li class=\"blocks-gallery-item\"><figure><img loading=\"lazy\" width=\"1485\" height=\"1758\" src=\"https:\/\/www.gourmettes-fribourg.ch\/wp-content\/uploads\/2022\/11\/B0EB5C01-CECA-414C-8C99-40A5D7979334.jpeg\" alt=\"\" data-id=\"6689\" data-full-url=\"https:\/\/www.gourmettes-fribourg.ch\/wp-content\/uploads\/2022\/11\/B0EB5C01-CECA-414C-8C99-40A5D7979334.jpeg\" data-link=\"https:\/\/www.gourmettes-fribourg.ch\/?attachment_id=6689\" class=\"wp-image-6689\" srcset=\"http:\/\/www.gourmettes-fribourg.ch\/wp-content\/uploads\/2022\/11\/B0EB5C01-CECA-414C-8C99-40A5D7979334.jpeg 1485w, http:\/\/www.gourmettes-fribourg.ch\/wp-content\/uploads\/2022\/11\/B0EB5C01-CECA-414C-8C99-40A5D7979334-760x900.jpeg 760w, http:\/\/www.gourmettes-fribourg.ch\/wp-content\/uploads\/2022\/11\/B0EB5C01-CECA-414C-8C99-40A5D7979334-768x909.jpeg 768w, http:\/\/www.gourmettes-fribourg.ch\/wp-content\/uploads\/2022\/11\/B0EB5C01-CECA-414C-8C99-40A5D7979334-1297x1536.jpeg 1297w\" sizes=\"(max-width: 1485px) 100vw, 1485px\" \/><\/figure><\/li><li class=\"blocks-gallery-item\"><figure><img loading=\"lazy\" width=\"1361\" height=\"2000\" src=\"https:\/\/www.gourmettes-fribourg.ch\/wp-content\/uploads\/2022\/11\/88153E43-65E7-48E8-BBFC-F48BEE113DCF-1361x2000.jpeg\" alt=\"\" data-id=\"6690\" data-full-url=\"https:\/\/www.gourmettes-fribourg.ch\/wp-content\/uploads\/2022\/11\/88153E43-65E7-48E8-BBFC-F48BEE113DCF.jpeg\" data-link=\"https:\/\/www.gourmettes-fribourg.ch\/?attachment_id=6690\" class=\"wp-image-6690\" srcset=\"http:\/\/www.gourmettes-fribourg.ch\/wp-content\/uploads\/2022\/11\/88153E43-65E7-48E8-BBFC-F48BEE113DCF-1361x2000.jpeg 1361w, http:\/\/www.gourmettes-fribourg.ch\/wp-content\/uploads\/2022\/11\/88153E43-65E7-48E8-BBFC-F48BEE113DCF-613x900.jpeg 613w, http:\/\/www.gourmettes-fribourg.ch\/wp-content\/uploads\/2022\/11\/88153E43-65E7-48E8-BBFC-F48BEE113DCF-768x1128.jpeg 768w, http:\/\/www.gourmettes-fribourg.ch\/wp-content\/uploads\/2022\/11\/88153E43-65E7-48E8-BBFC-F48BEE113DCF-1046x1536.jpeg 1046w, http:\/\/www.gourmettes-fribourg.ch\/wp-content\/uploads\/2022\/11\/88153E43-65E7-48E8-BBFC-F48BEE113DCF.jpeg 1394w\" sizes=\"(max-width: 1361px) 100vw, 1361px\" \/><\/figure><\/li><li class=\"blocks-gallery-item\"><figure><img loading=\"lazy\" width=\"1500\" height=\"2000\" src=\"https:\/\/www.gourmettes-fribourg.ch\/wp-content\/uploads\/2022\/11\/43FDD1C8-D8AD-48E0-974A-CCB78CA29A98-1500x2000.jpeg\" alt=\"\" data-id=\"6691\" data-full-url=\"https:\/\/www.gourmettes-fribourg.ch\/wp-content\/uploads\/2022\/11\/43FDD1C8-D8AD-48E0-974A-CCB78CA29A98.jpeg\" data-link=\"https:\/\/www.gourmettes-fribourg.ch\/?attachment_id=6691\" class=\"wp-image-6691\" srcset=\"http:\/\/www.gourmettes-fribourg.ch\/wp-content\/uploads\/2022\/11\/43FDD1C8-D8AD-48E0-974A-CCB78CA29A98-1500x2000.jpeg 1500w, http:\/\/www.gourmettes-fribourg.ch\/wp-content\/uploads\/2022\/11\/43FDD1C8-D8AD-48E0-974A-CCB78CA29A98-675x900.jpeg 675w, http:\/\/www.gourmettes-fribourg.ch\/wp-content\/uploads\/2022\/11\/43FDD1C8-D8AD-48E0-974A-CCB78CA29A98-768x1024.jpeg 768w, http:\/\/www.gourmettes-fribourg.ch\/wp-content\/uploads\/2022\/11\/43FDD1C8-D8AD-48E0-974A-CCB78CA29A98-1152x1536.jpeg 1152w, http:\/\/www.gourmettes-fribourg.ch\/wp-content\/uploads\/2022\/11\/43FDD1C8-D8AD-48E0-974A-CCB78CA29A98.jpeg 1536w\" sizes=\"(max-width: 1500px) 100vw, 1500px\" \/><\/figure><\/li><li class=\"blocks-gallery-item\"><figure><img loading=\"lazy\" width=\"1500\" height=\"2000\" src=\"https:\/\/www.gourmettes-fribourg.ch\/wp-content\/uploads\/2022\/11\/7241BC21-0484-4FED-BB01-41D2C0C1CACF-1500x2000.jpeg\" alt=\"\" data-id=\"6692\" data-full-url=\"https:\/\/www.gourmettes-fribourg.ch\/wp-content\/uploads\/2022\/11\/7241BC21-0484-4FED-BB01-41D2C0C1CACF.jpeg\" data-link=\"https:\/\/www.gourmettes-fribourg.ch\/?attachment_id=6692\" class=\"wp-image-6692\" srcset=\"http:\/\/www.gourmettes-fribourg.ch\/wp-content\/uploads\/2022\/11\/7241BC21-0484-4FED-BB01-41D2C0C1CACF-1500x2000.jpeg 1500w, http:\/\/www.gourmettes-fribourg.ch\/wp-content\/uploads\/2022\/11\/7241BC21-0484-4FED-BB01-41D2C0C1CACF-675x900.jpeg 675w, http:\/\/www.gourmettes-fribourg.ch\/wp-content\/uploads\/2022\/11\/7241BC21-0484-4FED-BB01-41D2C0C1CACF-768x1024.jpeg 768w, http:\/\/www.gourmettes-fribourg.ch\/wp-content\/uploads\/2022\/11\/7241BC21-0484-4FED-BB01-41D2C0C1CACF-1152x1536.jpeg 1152w, http:\/\/www.gourmettes-fribourg.ch\/wp-content\/uploads\/2022\/11\/7241BC21-0484-4FED-BB01-41D2C0C1CACF.jpeg 1536w\" sizes=\"(max-width: 1500px) 100vw, 1500px\" \/><\/figure><\/li><li class=\"blocks-gallery-item\"><figure><img loading=\"lazy\" width=\"605\" height=\"2000\" src=\"https:\/\/www.gourmettes-fribourg.ch\/wp-content\/uploads\/2022\/11\/71C57F57-9ED8-461C-8779-6ED31CE06B1E-605x2000.jpeg\" alt=\"\" data-id=\"6693\" data-full-url=\"https:\/\/www.gourmettes-fribourg.ch\/wp-content\/uploads\/2022\/11\/71C57F57-9ED8-461C-8779-6ED31CE06B1E.jpeg\" data-link=\"https:\/\/www.gourmettes-fribourg.ch\/?attachment_id=6693\" class=\"wp-image-6693\" srcset=\"http:\/\/www.gourmettes-fribourg.ch\/wp-content\/uploads\/2022\/11\/71C57F57-9ED8-461C-8779-6ED31CE06B1E-605x2000.jpeg 605w, http:\/\/www.gourmettes-fribourg.ch\/wp-content\/uploads\/2022\/11\/71C57F57-9ED8-461C-8779-6ED31CE06B1E-272x900.jpeg 272w, http:\/\/www.gourmettes-fribourg.ch\/wp-content\/uploads\/2022\/11\/71C57F57-9ED8-461C-8779-6ED31CE06B1E-465x1536.jpeg 465w\" sizes=\"(max-width: 605px) 100vw, 605px\" \/><\/figure><\/li><li class=\"blocks-gallery-item\"><figure><img loading=\"lazy\" width=\"1500\" height=\"2000\" src=\"https:\/\/www.gourmettes-fribourg.ch\/wp-content\/uploads\/2022\/11\/900EBB81-8FE4-45D3-A6B6-DE33A43056B8-1500x2000.jpeg\" alt=\"\" data-id=\"6694\" data-full-url=\"https:\/\/www.gourmettes-fribourg.ch\/wp-content\/uploads\/2022\/11\/900EBB81-8FE4-45D3-A6B6-DE33A43056B8.jpeg\" data-link=\"https:\/\/www.gourmettes-fribourg.ch\/?attachment_id=6694\" class=\"wp-image-6694\" srcset=\"http:\/\/www.gourmettes-fribourg.ch\/wp-content\/uploads\/2022\/11\/900EBB81-8FE4-45D3-A6B6-DE33A43056B8-1500x2000.jpeg 1500w, http:\/\/www.gourmettes-fribourg.ch\/wp-content\/uploads\/2022\/11\/900EBB81-8FE4-45D3-A6B6-DE33A43056B8-675x900.jpeg 675w, http:\/\/www.gourmettes-fribourg.ch\/wp-content\/uploads\/2022\/11\/900EBB81-8FE4-45D3-A6B6-DE33A43056B8-768x1024.jpeg 768w, http:\/\/www.gourmettes-fribourg.ch\/wp-content\/uploads\/2022\/11\/900EBB81-8FE4-45D3-A6B6-DE33A43056B8-1152x1536.jpeg 1152w, http:\/\/www.gourmettes-fribourg.ch\/wp-content\/uploads\/2022\/11\/900EBB81-8FE4-45D3-A6B6-DE33A43056B8.jpeg 1536w\" sizes=\"(max-width: 1500px) 100vw, 1500px\" \/><\/figure><\/li><li class=\"blocks-gallery-item\"><figure><img loading=\"lazy\" width=\"1777\" height=\"2000\" src=\"https:\/\/www.gourmettes-fribourg.ch\/wp-content\/uploads\/2022\/11\/586EF358-3862-4151-A7C9-6B179A2BCE5D-1777x2000.jpeg\" alt=\"\" data-id=\"6695\" data-full-url=\"https:\/\/www.gourmettes-fribourg.ch\/wp-content\/uploads\/2022\/11\/586EF358-3862-4151-A7C9-6B179A2BCE5D.jpeg\" data-link=\"https:\/\/www.gourmettes-fribourg.ch\/?attachment_id=6695\" class=\"wp-image-6695\" srcset=\"http:\/\/www.gourmettes-fribourg.ch\/wp-content\/uploads\/2022\/11\/586EF358-3862-4151-A7C9-6B179A2BCE5D-1777x2000.jpeg 1777w, http:\/\/www.gourmettes-fribourg.ch\/wp-content\/uploads\/2022\/11\/586EF358-3862-4151-A7C9-6B179A2BCE5D-800x900.jpeg 800w, http:\/\/www.gourmettes-fribourg.ch\/wp-content\/uploads\/2022\/11\/586EF358-3862-4151-A7C9-6B179A2BCE5D-768x864.jpeg 768w, http:\/\/www.gourmettes-fribourg.ch\/wp-content\/uploads\/2022\/11\/586EF358-3862-4151-A7C9-6B179A2BCE5D-1365x1536.jpeg 1365w, http:\/\/www.gourmettes-fribourg.ch\/wp-content\/uploads\/2022\/11\/586EF358-3862-4151-A7C9-6B179A2BCE5D.jpeg 1820w\" sizes=\"(max-width: 1777px) 100vw, 1777px\" \/><\/figure><\/li><li class=\"blocks-gallery-item\"><figure><img loading=\"lazy\" width=\"2000\" height=\"1500\" src=\"https:\/\/www.gourmettes-fribourg.ch\/wp-content\/uploads\/2022\/11\/56D9DC05-2644-4F0B-BECD-C57C6CD4D3AC-2000x1500.jpeg\" alt=\"\" data-id=\"6696\" data-full-url=\"https:\/\/www.gourmettes-fribourg.ch\/wp-content\/uploads\/2022\/11\/56D9DC05-2644-4F0B-BECD-C57C6CD4D3AC.jpeg\" data-link=\"https:\/\/www.gourmettes-fribourg.ch\/?attachment_id=6696\" class=\"wp-image-6696\" srcset=\"http:\/\/www.gourmettes-fribourg.ch\/wp-content\/uploads\/2022\/11\/56D9DC05-2644-4F0B-BECD-C57C6CD4D3AC-2000x1500.jpeg 2000w, http:\/\/www.gourmettes-fribourg.ch\/wp-content\/uploads\/2022\/11\/56D9DC05-2644-4F0B-BECD-C57C6CD4D3AC-900x675.jpeg 900w, http:\/\/www.gourmettes-fribourg.ch\/wp-content\/uploads\/2022\/11\/56D9DC05-2644-4F0B-BECD-C57C6CD4D3AC-768x576.jpeg 768w, http:\/\/www.gourmettes-fribourg.ch\/wp-content\/uploads\/2022\/11\/56D9DC05-2644-4F0B-BECD-C57C6CD4D3AC-1536x1152.jpeg 1536w, http:\/\/www.gourmettes-fribourg.ch\/wp-content\/uploads\/2022\/11\/56D9DC05-2644-4F0B-BECD-C57C6CD4D3AC.jpeg 2048w\" sizes=\"(max-width: 2000px) 100vw, 2000px\" \/><\/figure><\/li><li class=\"blocks-gallery-item\"><figure><img loading=\"lazy\" width=\"828\" height=\"2000\" src=\"https:\/\/www.gourmettes-fribourg.ch\/wp-content\/uploads\/2022\/11\/D9F8475A-2590-4158-B5F1-F6173CE94FA0-828x2000.jpeg\" alt=\"\" data-id=\"6697\" data-full-url=\"https:\/\/www.gourmettes-fribourg.ch\/wp-content\/uploads\/2022\/11\/D9F8475A-2590-4158-B5F1-F6173CE94FA0.jpeg\" data-link=\"https:\/\/www.gourmettes-fribourg.ch\/?attachment_id=6697\" class=\"wp-image-6697\" srcset=\"http:\/\/www.gourmettes-fribourg.ch\/wp-content\/uploads\/2022\/11\/D9F8475A-2590-4158-B5F1-F6173CE94FA0-828x2000.jpeg 828w, http:\/\/www.gourmettes-fribourg.ch\/wp-content\/uploads\/2022\/11\/D9F8475A-2590-4158-B5F1-F6173CE94FA0-373x900.jpeg 373w, http:\/\/www.gourmettes-fribourg.ch\/wp-content\/uploads\/2022\/11\/D9F8475A-2590-4158-B5F1-F6173CE94FA0-768x1855.jpeg 768w, http:\/\/www.gourmettes-fribourg.ch\/wp-content\/uploads\/2022\/11\/D9F8475A-2590-4158-B5F1-F6173CE94FA0-636x1536.jpeg 636w, http:\/\/www.gourmettes-fribourg.ch\/wp-content\/uploads\/2022\/11\/D9F8475A-2590-4158-B5F1-F6173CE94FA0.jpeg 848w\" sizes=\"(max-width: 828px) 100vw, 828px\" \/><\/figure><\/li><li class=\"blocks-gallery-item\"><figure><img loading=\"lazy\" width=\"1024\" height=\"768\" src=\"https:\/\/www.gourmettes-fribourg.ch\/wp-content\/uploads\/2022\/11\/84A3B428-916F-4A01-982B-F50D116AFF84.jpeg\" alt=\"\" data-id=\"6698\" data-full-url=\"https:\/\/www.gourmettes-fribourg.ch\/wp-content\/uploads\/2022\/11\/84A3B428-916F-4A01-982B-F50D116AFF84.jpeg\" data-link=\"https:\/\/www.gourmettes-fribourg.ch\/?attachment_id=6698\" class=\"wp-image-6698\" srcset=\"http:\/\/www.gourmettes-fribourg.ch\/wp-content\/uploads\/2022\/11\/84A3B428-916F-4A01-982B-F50D116AFF84.jpeg 1024w, http:\/\/www.gourmettes-fribourg.ch\/wp-content\/uploads\/2022\/11\/84A3B428-916F-4A01-982B-F50D116AFF84-900x675.jpeg 900w, http:\/\/www.gourmettes-fribourg.ch\/wp-content\/uploads\/2022\/11\/84A3B428-916F-4A01-982B-F50D116AFF84-768x576.jpeg 768w\" sizes=\"(max-width: 1024px) 100vw, 1024px\" \/><\/figure><\/li><li class=\"blocks-gallery-item\"><figure><img loading=\"lazy\" width=\"1024\" height=\"768\" src=\"https:\/\/www.gourmettes-fribourg.ch\/wp-content\/uploads\/2022\/11\/4FFF40D6-D3B7-4364-8321-2344A9C6AA48.jpeg\" alt=\"\" data-id=\"6699\" data-full-url=\"https:\/\/www.gourmettes-fribourg.ch\/wp-content\/uploads\/2022\/11\/4FFF40D6-D3B7-4364-8321-2344A9C6AA48.jpeg\" data-link=\"https:\/\/www.gourmettes-fribourg.ch\/?attachment_id=6699\" class=\"wp-image-6699\" srcset=\"http:\/\/www.gourmettes-fribourg.ch\/wp-content\/uploads\/2022\/11\/4FFF40D6-D3B7-4364-8321-2344A9C6AA48.jpeg 1024w, http:\/\/www.gourmettes-fribourg.ch\/wp-content\/uploads\/2022\/11\/4FFF40D6-D3B7-4364-8321-2344A9C6AA48-900x675.jpeg 900w, http:\/\/www.gourmettes-fribourg.ch\/wp-content\/uploads\/2022\/11\/4FFF40D6-D3B7-4364-8321-2344A9C6AA48-768x576.jpeg 768w\" sizes=\"(max-width: 1024px) 100vw, 1024px\" \/><\/figure><\/li><li class=\"blocks-gallery-item\"><figure><img loading=\"lazy\" width=\"1125\" height=\"2000\" src=\"https:\/\/www.gourmettes-fribourg.ch\/wp-content\/uploads\/2022\/11\/8B6734A5-D60D-4FC4-805D-D81813B44F09-1125x2000.jpeg\" alt=\"\" data-id=\"6700\" data-full-url=\"https:\/\/www.gourmettes-fribourg.ch\/wp-content\/uploads\/2022\/11\/8B6734A5-D60D-4FC4-805D-D81813B44F09.jpeg\" data-link=\"https:\/\/www.gourmettes-fribourg.ch\/?attachment_id=6700\" class=\"wp-image-6700\" srcset=\"http:\/\/www.gourmettes-fribourg.ch\/wp-content\/uploads\/2022\/11\/8B6734A5-D60D-4FC4-805D-D81813B44F09-1125x2000.jpeg 1125w, http:\/\/www.gourmettes-fribourg.ch\/wp-content\/uploads\/2022\/11\/8B6734A5-D60D-4FC4-805D-D81813B44F09-506x900.jpeg 506w, http:\/\/www.gourmettes-fribourg.ch\/wp-content\/uploads\/2022\/11\/8B6734A5-D60D-4FC4-805D-D81813B44F09-768x1365.jpeg 768w, http:\/\/www.gourmettes-fribourg.ch\/wp-content\/uploads\/2022\/11\/8B6734A5-D60D-4FC4-805D-D81813B44F09-864x1536.jpeg 864w, http:\/\/www.gourmettes-fribourg.ch\/wp-content\/uploads\/2022\/11\/8B6734A5-D60D-4FC4-805D-D81813B44F09.jpeg 1152w\" sizes=\"(max-width: 1125px) 100vw, 1125px\" \/><\/figure><\/li><li class=\"blocks-gallery-item\"><figure><img loading=\"lazy\" width=\"1500\" height=\"2000\" src=\"https:\/\/www.gourmettes-fribourg.ch\/wp-content\/uploads\/2022\/11\/6D2B6CC7-31F2-434E-B218-82926C6704C8-1500x2000.jpeg\" alt=\"\" data-id=\"6701\" data-full-url=\"https:\/\/www.gourmettes-fribourg.ch\/wp-content\/uploads\/2022\/11\/6D2B6CC7-31F2-434E-B218-82926C6704C8-scaled.jpeg\" data-link=\"https:\/\/www.gourmettes-fribourg.ch\/?attachment_id=6701\" class=\"wp-image-6701\" srcset=\"http:\/\/www.gourmettes-fribourg.ch\/wp-content\/uploads\/2022\/11\/6D2B6CC7-31F2-434E-B218-82926C6704C8-1500x2000.jpeg 1500w, http:\/\/www.gourmettes-fribourg.ch\/wp-content\/uploads\/2022\/11\/6D2B6CC7-31F2-434E-B218-82926C6704C8-675x900.jpeg 675w, http:\/\/www.gourmettes-fribourg.ch\/wp-content\/uploads\/2022\/11\/6D2B6CC7-31F2-434E-B218-82926C6704C8-768x1024.jpeg 768w, http:\/\/www.gourmettes-fribourg.ch\/wp-content\/uploads\/2022\/11\/6D2B6CC7-31F2-434E-B218-82926C6704C8-1152x1536.jpeg 1152w, http:\/\/www.gourmettes-fribourg.ch\/wp-content\/uploads\/2022\/11\/6D2B6CC7-31F2-434E-B218-82926C6704C8-1536x2048.jpeg 1536w, http:\/\/www.gourmettes-fribourg.ch\/wp-content\/uploads\/2022\/11\/6D2B6CC7-31F2-434E-B218-82926C6704C8-scaled.jpeg 1920w\" sizes=\"(max-width: 1500px) 100vw, 1500px\" \/><\/figure><\/li><li class=\"blocks-gallery-item\"><figure><img loading=\"lazy\" width=\"1500\" height=\"2000\" src=\"https:\/\/www.gourmettes-fribourg.ch\/wp-content\/uploads\/2022\/11\/955F56E7-6108-4C69-A0A6-4558A255DF66-1500x2000.jpeg\" alt=\"\" data-id=\"6702\" data-full-url=\"https:\/\/www.gourmettes-fribourg.ch\/wp-content\/uploads\/2022\/11\/955F56E7-6108-4C69-A0A6-4558A255DF66-scaled.jpeg\" data-link=\"https:\/\/www.gourmettes-fribourg.ch\/?attachment_id=6702\" class=\"wp-image-6702\" srcset=\"http:\/\/www.gourmettes-fribourg.ch\/wp-content\/uploads\/2022\/11\/955F56E7-6108-4C69-A0A6-4558A255DF66-1500x2000.jpeg 1500w, http:\/\/www.gourmettes-fribourg.ch\/wp-content\/uploads\/2022\/11\/955F56E7-6108-4C69-A0A6-4558A255DF66-675x900.jpeg 675w, http:\/\/www.gourmettes-fribourg.ch\/wp-content\/uploads\/2022\/11\/955F56E7-6108-4C69-A0A6-4558A255DF66-768x1024.jpeg 768w, http:\/\/www.gourmettes-fribourg.ch\/wp-content\/uploads\/2022\/11\/955F56E7-6108-4C69-A0A6-4558A255DF66-1152x1536.jpeg 1152w, http:\/\/www.gourmettes-fribourg.ch\/wp-content\/uploads\/2022\/11\/955F56E7-6108-4C69-A0A6-4558A255DF66-1536x2048.jpeg 1536w, http:\/\/www.gourmettes-fribourg.ch\/wp-content\/uploads\/2022\/11\/955F56E7-6108-4C69-A0A6-4558A255DF66-scaled.jpeg 1920w\" sizes=\"(max-width: 1500px) 100vw, 1500px\" \/><\/figure><\/li><li class=\"blocks-gallery-item\"><figure><img loading=\"lazy\" width=\"1500\" height=\"2000\" src=\"https:\/\/www.gourmettes-fribourg.ch\/wp-content\/uploads\/2022\/11\/9E5FFED5-3D4D-4C02-880B-B36D35C97213-1500x2000.jpeg\" alt=\"\" data-id=\"6703\" data-full-url=\"https:\/\/www.gourmettes-fribourg.ch\/wp-content\/uploads\/2022\/11\/9E5FFED5-3D4D-4C02-880B-B36D35C97213-scaled.jpeg\" data-link=\"https:\/\/www.gourmettes-fribourg.ch\/?attachment_id=6703\" class=\"wp-image-6703\" srcset=\"http:\/\/www.gourmettes-fribourg.ch\/wp-content\/uploads\/2022\/11\/9E5FFED5-3D4D-4C02-880B-B36D35C97213-1500x2000.jpeg 1500w, http:\/\/www.gourmettes-fribourg.ch\/wp-content\/uploads\/2022\/11\/9E5FFED5-3D4D-4C02-880B-B36D35C97213-675x900.jpeg 675w, http:\/\/www.gourmettes-fribourg.ch\/wp-content\/uploads\/2022\/11\/9E5FFED5-3D4D-4C02-880B-B36D35C97213-768x1024.jpeg 768w, http:\/\/www.gourmettes-fribourg.ch\/wp-content\/uploads\/2022\/11\/9E5FFED5-3D4D-4C02-880B-B36D35C97213-1152x1536.jpeg 1152w, http:\/\/www.gourmettes-fribourg.ch\/wp-content\/uploads\/2022\/11\/9E5FFED5-3D4D-4C02-880B-B36D35C97213-1536x2048.jpeg 1536w, http:\/\/www.gourmettes-fribourg.ch\/wp-content\/uploads\/2022\/11\/9E5FFED5-3D4D-4C02-880B-B36D35C97213-scaled.jpeg 1920w\" sizes=\"(max-width: 1500px) 100vw, 1500px\" \/><\/figure><\/li><li class=\"blocks-gallery-item\"><figure><img loading=\"lazy\" width=\"1500\" height=\"2000\" src=\"https:\/\/www.gourmettes-fribourg.ch\/wp-content\/uploads\/2022\/11\/D694BE3A-B187-43DA-B357-964BF56D4D05-1500x2000.jpeg\" alt=\"\" data-id=\"6704\" data-full-url=\"https:\/\/www.gourmettes-fribourg.ch\/wp-content\/uploads\/2022\/11\/D694BE3A-B187-43DA-B357-964BF56D4D05-scaled.jpeg\" data-link=\"https:\/\/www.gourmettes-fribourg.ch\/?attachment_id=6704\" class=\"wp-image-6704\" srcset=\"http:\/\/www.gourmettes-fribourg.ch\/wp-content\/uploads\/2022\/11\/D694BE3A-B187-43DA-B357-964BF56D4D05-1500x2000.jpeg 1500w, http:\/\/www.gourmettes-fribourg.ch\/wp-content\/uploads\/2022\/11\/D694BE3A-B187-43DA-B357-964BF56D4D05-675x900.jpeg 675w, http:\/\/www.gourmettes-fribourg.ch\/wp-content\/uploads\/2022\/11\/D694BE3A-B187-43DA-B357-964BF56D4D05-768x1024.jpeg 768w, http:\/\/www.gourmettes-fribourg.ch\/wp-content\/uploads\/2022\/11\/D694BE3A-B187-43DA-B357-964BF56D4D05-1152x1536.jpeg 1152w, http:\/\/www.gourmettes-fribourg.ch\/wp-content\/uploads\/2022\/11\/D694BE3A-B187-43DA-B357-964BF56D4D05-1536x2048.jpeg 1536w, http:\/\/www.gourmettes-fribourg.ch\/wp-content\/uploads\/2022\/11\/D694BE3A-B187-43DA-B357-964BF56D4D05-scaled.jpeg 1920w\" sizes=\"(max-width: 1500px) 100vw, 1500px\" \/><\/figure><\/li><li class=\"blocks-gallery-item\"><figure><img loading=\"lazy\" width=\"1500\" height=\"2000\" src=\"https:\/\/www.gourmettes-fribourg.ch\/wp-content\/uploads\/2022\/11\/7EE66077-BF43-4015-81C9-7EC66C79D790-1500x2000.jpeg\" alt=\"\" data-id=\"6705\" data-full-url=\"https:\/\/www.gourmettes-fribourg.ch\/wp-content\/uploads\/2022\/11\/7EE66077-BF43-4015-81C9-7EC66C79D790-scaled.jpeg\" data-link=\"https:\/\/www.gourmettes-fribourg.ch\/?attachment_id=6705\" class=\"wp-image-6705\" srcset=\"http:\/\/www.gourmettes-fribourg.ch\/wp-content\/uploads\/2022\/11\/7EE66077-BF43-4015-81C9-7EC66C79D790-1500x2000.jpeg 1500w, http:\/\/www.gourmettes-fribourg.ch\/wp-content\/uploads\/2022\/11\/7EE66077-BF43-4015-81C9-7EC66C79D790-675x900.jpeg 675w, http:\/\/www.gourmettes-fribourg.ch\/wp-content\/uploads\/2022\/11\/7EE66077-BF43-4015-81C9-7EC66C79D790-768x1024.jpeg 768w, http:\/\/www.gourmettes-fribourg.ch\/wp-content\/uploads\/2022\/11\/7EE66077-BF43-4015-81C9-7EC66C79D790-1152x1536.jpeg 1152w, http:\/\/www.gourmettes-fribourg.ch\/wp-content\/uploads\/2022\/11\/7EE66077-BF43-4015-81C9-7EC66C79D790-1536x2048.jpeg 1536w, http:\/\/www.gourmettes-fribourg.ch\/wp-content\/uploads\/2022\/11\/7EE66077-BF43-4015-81C9-7EC66C79D790-scaled.jpeg 1920w\" sizes=\"(max-width: 1500px) 100vw, 1500px\" \/><\/figure><\/li><li class=\"blocks-gallery-item\"><figure><img loading=\"lazy\" width=\"1500\" height=\"2000\" src=\"https:\/\/www.gourmettes-fribourg.ch\/wp-content\/uploads\/2022\/11\/A8846A46-46BF-47F7-86D3-2096AD069469-1500x2000.jpeg\" alt=\"\" data-id=\"6706\" data-full-url=\"https:\/\/www.gourmettes-fribourg.ch\/wp-content\/uploads\/2022\/11\/A8846A46-46BF-47F7-86D3-2096AD069469-scaled.jpeg\" data-link=\"https:\/\/www.gourmettes-fribourg.ch\/?attachment_id=6706\" class=\"wp-image-6706\" srcset=\"http:\/\/www.gourmettes-fribourg.ch\/wp-content\/uploads\/2022\/11\/A8846A46-46BF-47F7-86D3-2096AD069469-1500x2000.jpeg 1500w, http:\/\/www.gourmettes-fribourg.ch\/wp-content\/uploads\/2022\/11\/A8846A46-46BF-47F7-86D3-2096AD069469-675x900.jpeg 675w, http:\/\/www.gourmettes-fribourg.ch\/wp-content\/uploads\/2022\/11\/A8846A46-46BF-47F7-86D3-2096AD069469-768x1024.jpeg 768w, http:\/\/www.gourmettes-fribourg.ch\/wp-content\/uploads\/2022\/11\/A8846A46-46BF-47F7-86D3-2096AD069469-1152x1536.jpeg 1152w, http:\/\/www.gourmettes-fribourg.ch\/wp-content\/uploads\/2022\/11\/A8846A46-46BF-47F7-86D3-2096AD069469-1536x2048.jpeg 1536w, http:\/\/www.gourmettes-fribourg.ch\/wp-content\/uploads\/2022\/11\/A8846A46-46BF-47F7-86D3-2096AD069469-scaled.jpeg 1920w\" sizes=\"(max-width: 1500px) 100vw, 1500px\" \/><\/figure><\/li><li class=\"blocks-gallery-item\"><figure><img loading=\"lazy\" width=\"1500\" height=\"2000\" src=\"https:\/\/www.gourmettes-fribourg.ch\/wp-content\/uploads\/2022\/11\/3A727402-5740-4494-BB83-FF02EEFBC151-1500x2000.jpeg\" alt=\"\" data-id=\"6707\" data-full-url=\"https:\/\/www.gourmettes-fribourg.ch\/wp-content\/uploads\/2022\/11\/3A727402-5740-4494-BB83-FF02EEFBC151-scaled.jpeg\" data-link=\"https:\/\/www.gourmettes-fribourg.ch\/?attachment_id=6707\" class=\"wp-image-6707\" srcset=\"http:\/\/www.gourmettes-fribourg.ch\/wp-content\/uploads\/2022\/11\/3A727402-5740-4494-BB83-FF02EEFBC151-1500x2000.jpeg 1500w, http:\/\/www.gourmettes-fribourg.ch\/wp-content\/uploads\/2022\/11\/3A727402-5740-4494-BB83-FF02EEFBC151-675x900.jpeg 675w, http:\/\/www.gourmettes-fribourg.ch\/wp-content\/uploads\/2022\/11\/3A727402-5740-4494-BB83-FF02EEFBC151-768x1024.jpeg 768w, http:\/\/www.gourmettes-fribourg.ch\/wp-content\/uploads\/2022\/11\/3A727402-5740-4494-BB83-FF02EEFBC151-1152x1536.jpeg 1152w, http:\/\/www.gourmettes-fribourg.ch\/wp-content\/uploads\/2022\/11\/3A727402-5740-4494-BB83-FF02EEFBC151-1536x2048.jpeg 1536w, http:\/\/www.gourmettes-fribourg.ch\/wp-content\/uploads\/2022\/11\/3A727402-5740-4494-BB83-FF02EEFBC151-scaled.jpeg 1920w\" sizes=\"(max-width: 1500px) 100vw, 1500px\" \/><\/figure><\/li><li class=\"blocks-gallery-item\"><figure><img loading=\"lazy\" width=\"1500\" height=\"2000\" src=\"https:\/\/www.gourmettes-fribourg.ch\/wp-content\/uploads\/2022\/11\/25D3B3BD-7ABC-4D3F-934A-7B5FC65A7619-1500x2000.jpeg\" alt=\"\" data-id=\"6708\" data-full-url=\"https:\/\/www.gourmettes-fribourg.ch\/wp-content\/uploads\/2022\/11\/25D3B3BD-7ABC-4D3F-934A-7B5FC65A7619-scaled.jpeg\" data-link=\"https:\/\/www.gourmettes-fribourg.ch\/?attachment_id=6708\" class=\"wp-image-6708\" srcset=\"http:\/\/www.gourmettes-fribourg.ch\/wp-content\/uploads\/2022\/11\/25D3B3BD-7ABC-4D3F-934A-7B5FC65A7619-1500x2000.jpeg 1500w, http:\/\/www.gourmettes-fribourg.ch\/wp-content\/uploads\/2022\/11\/25D3B3BD-7ABC-4D3F-934A-7B5FC65A7619-675x900.jpeg 675w, http:\/\/www.gourmettes-fribourg.ch\/wp-content\/uploads\/2022\/11\/25D3B3BD-7ABC-4D3F-934A-7B5FC65A7619-768x1024.jpeg 768w, http:\/\/www.gourmettes-fribourg.ch\/wp-content\/uploads\/2022\/11\/25D3B3BD-7ABC-4D3F-934A-7B5FC65A7619-1152x1536.jpeg 1152w, http:\/\/www.gourmettes-fribourg.ch\/wp-content\/uploads\/2022\/11\/25D3B3BD-7ABC-4D3F-934A-7B5FC65A7619-1536x2048.jpeg 1536w, http:\/\/www.gourmettes-fribourg.ch\/wp-content\/uploads\/2022\/11\/25D3B3BD-7ABC-4D3F-934A-7B5FC65A7619-scaled.jpeg 1920w\" sizes=\"(max-width: 1500px) 100vw, 1500px\" \/><\/figure><\/li><li class=\"blocks-gallery-item\"><figure><img loading=\"lazy\" width=\"1500\" height=\"2000\" src=\"https:\/\/www.gourmettes-fribourg.ch\/wp-content\/uploads\/2022\/11\/E0CC4C8A-410F-412E-B0AB-6CA9AB4CF8A2-1500x2000.jpeg\" alt=\"\" data-id=\"6709\" data-full-url=\"https:\/\/www.gourmettes-fribourg.ch\/wp-content\/uploads\/2022\/11\/E0CC4C8A-410F-412E-B0AB-6CA9AB4CF8A2-scaled.jpeg\" data-link=\"https:\/\/www.gourmettes-fribourg.ch\/?attachment_id=6709\" class=\"wp-image-6709\" srcset=\"http:\/\/www.gourmettes-fribourg.ch\/wp-content\/uploads\/2022\/11\/E0CC4C8A-410F-412E-B0AB-6CA9AB4CF8A2-1500x2000.jpeg 1500w, http:\/\/www.gourmettes-fribourg.ch\/wp-content\/uploads\/2022\/11\/E0CC4C8A-410F-412E-B0AB-6CA9AB4CF8A2-675x900.jpeg 675w, http:\/\/www.gourmettes-fribourg.ch\/wp-content\/uploads\/2022\/11\/E0CC4C8A-410F-412E-B0AB-6CA9AB4CF8A2-768x1024.jpeg 768w, http:\/\/www.gourmettes-fribourg.ch\/wp-content\/uploads\/2022\/11\/E0CC4C8A-410F-412E-B0AB-6CA9AB4CF8A2-1152x1536.jpeg 1152w, http:\/\/www.gourmettes-fribourg.ch\/wp-content\/uploads\/2022\/11\/E0CC4C8A-410F-412E-B0AB-6CA9AB4CF8A2-1536x2048.jpeg 1536w, http:\/\/www.gourmettes-fribourg.ch\/wp-content\/uploads\/2022\/11\/E0CC4C8A-410F-412E-B0AB-6CA9AB4CF8A2-scaled.jpeg 1920w\" sizes=\"(max-width: 1500px) 100vw, 1500px\" \/><\/figure><\/li><li class=\"blocks-gallery-item\"><figure><img loading=\"lazy\" width=\"1500\" height=\"2000\" src=\"https:\/\/www.gourmettes-fribourg.ch\/wp-content\/uploads\/2022\/11\/B50E9FB2-493C-4BEE-873F-17BFF75C3729-1500x2000.jpeg\" alt=\"\" data-id=\"6710\" data-full-url=\"https:\/\/www.gourmettes-fribourg.ch\/wp-content\/uploads\/2022\/11\/B50E9FB2-493C-4BEE-873F-17BFF75C3729-scaled.jpeg\" data-link=\"https:\/\/www.gourmettes-fribourg.ch\/?attachment_id=6710\" class=\"wp-image-6710\" srcset=\"http:\/\/www.gourmettes-fribourg.ch\/wp-content\/uploads\/2022\/11\/B50E9FB2-493C-4BEE-873F-17BFF75C3729-1500x2000.jpeg 1500w, http:\/\/www.gourmettes-fribourg.ch\/wp-content\/uploads\/2022\/11\/B50E9FB2-493C-4BEE-873F-17BFF75C3729-675x900.jpeg 675w, http:\/\/www.gourmettes-fribourg.ch\/wp-content\/uploads\/2022\/11\/B50E9FB2-493C-4BEE-873F-17BFF75C3729-768x1024.jpeg 768w, http:\/\/www.gourmettes-fribourg.ch\/wp-content\/uploads\/2022\/11\/B50E9FB2-493C-4BEE-873F-17BFF75C3729-1152x1536.jpeg 1152w, http:\/\/www.gourmettes-fribourg.ch\/wp-content\/uploads\/2022\/11\/B50E9FB2-493C-4BEE-873F-17BFF75C3729-1536x2048.jpeg 1536w, http:\/\/www.gourmettes-fribourg.ch\/wp-content\/uploads\/2022\/11\/B50E9FB2-493C-4BEE-873F-17BFF75C3729-scaled.jpeg 1920w\" sizes=\"(max-width: 1500px) 100vw, 1500px\" \/><\/figure><\/li><li class=\"blocks-gallery-item\"><figure><img loading=\"lazy\" width=\"1500\" height=\"2000\" src=\"https:\/\/www.gourmettes-fribourg.ch\/wp-content\/uploads\/2022\/11\/00663F5C-1AC9-42D3-985C-E7F82DEA056E-1500x2000.jpeg\" alt=\"\" data-id=\"6711\" data-full-url=\"https:\/\/www.gourmettes-fribourg.ch\/wp-content\/uploads\/2022\/11\/00663F5C-1AC9-42D3-985C-E7F82DEA056E-scaled.jpeg\" data-link=\"https:\/\/www.gourmettes-fribourg.ch\/?attachment_id=6711\" class=\"wp-image-6711\" srcset=\"http:\/\/www.gourmettes-fribourg.ch\/wp-content\/uploads\/2022\/11\/00663F5C-1AC9-42D3-985C-E7F82DEA056E-1500x2000.jpeg 1500w, http:\/\/www.gourmettes-fribourg.ch\/wp-content\/uploads\/2022\/11\/00663F5C-1AC9-42D3-985C-E7F82DEA056E-675x900.jpeg 675w, http:\/\/www.gourmettes-fribourg.ch\/wp-content\/uploads\/2022\/11\/00663F5C-1AC9-42D3-985C-E7F82DEA056E-768x1024.jpeg 768w, http:\/\/www.gourmettes-fribourg.ch\/wp-content\/uploads\/2022\/11\/00663F5C-1AC9-42D3-985C-E7F82DEA056E-1152x1536.jpeg 1152w, http:\/\/www.gourmettes-fribourg.ch\/wp-content\/uploads\/2022\/11\/00663F5C-1AC9-42D3-985C-E7F82DEA056E-1536x2048.jpeg 1536w, http:\/\/www.gourmettes-fribourg.ch\/wp-content\/uploads\/2022\/11\/00663F5C-1AC9-42D3-985C-E7F82DEA056E-scaled.jpeg 1920w\" sizes=\"(max-width: 1500px) 100vw, 1500px\" \/><\/figure><\/li><li class=\"blocks-gallery-item\"><figure><img loading=\"lazy\" width=\"590\" height=\"2000\" src=\"https:\/\/www.gourmettes-fribourg.ch\/wp-content\/uploads\/2022\/11\/BF20C071-4E37-40A3-9709-B4E3DFA9957C-590x2000.jpeg\" alt=\"\" data-id=\"6712\" data-full-url=\"https:\/\/www.gourmettes-fribourg.ch\/wp-content\/uploads\/2022\/11\/BF20C071-4E37-40A3-9709-B4E3DFA9957C.jpeg\" data-link=\"https:\/\/www.gourmettes-fribourg.ch\/?attachment_id=6712\" class=\"wp-image-6712\" srcset=\"http:\/\/www.gourmettes-fribourg.ch\/wp-content\/uploads\/2022\/11\/BF20C071-4E37-40A3-9709-B4E3DFA9957C-590x2000.jpeg 590w, http:\/\/www.gourmettes-fribourg.ch\/wp-content\/uploads\/2022\/11\/BF20C071-4E37-40A3-9709-B4E3DFA9957C-453x1536.jpeg 453w, http:\/\/www.gourmettes-fribourg.ch\/wp-content\/uploads\/2022\/11\/BF20C071-4E37-40A3-9709-B4E3DFA9957C.jpeg 604w\" sizes=\"(max-width: 590px) 100vw, 590px\" \/><\/figure><\/li><li class=\"blocks-gallery-item\"><figure><img loading=\"lazy\" width=\"586\" height=\"2000\" src=\"https:\/\/www.gourmettes-fribourg.ch\/wp-content\/uploads\/2022\/11\/7B17D527-935B-48BD-ACE9-C94158E3BD2E-586x2000.jpeg\" alt=\"\" data-id=\"6713\" data-full-url=\"https:\/\/www.gourmettes-fribourg.ch\/wp-content\/uploads\/2022\/11\/7B17D527-935B-48BD-ACE9-C94158E3BD2E.jpeg\" data-link=\"https:\/\/www.gourmettes-fribourg.ch\/?attachment_id=6713\" class=\"wp-image-6713\" srcset=\"http:\/\/www.gourmettes-fribourg.ch\/wp-content\/uploads\/2022\/11\/7B17D527-935B-48BD-ACE9-C94158E3BD2E-586x2000.jpeg 586w, http:\/\/www.gourmettes-fribourg.ch\/wp-content\/uploads\/2022\/11\/7B17D527-935B-48BD-ACE9-C94158E3BD2E-264x900.jpeg 264w, http:\/\/www.gourmettes-fribourg.ch\/wp-content\/uploads\/2022\/11\/7B17D527-935B-48BD-ACE9-C94158E3BD2E-450x1536.jpeg 450w, http:\/\/www.gourmettes-fribourg.ch\/wp-content\/uploads\/2022\/11\/7B17D527-935B-48BD-ACE9-C94158E3BD2E.jpeg 600w\" sizes=\"(max-width: 586px) 100vw, 586px\" \/><\/figure><\/li><li class=\"blocks-gallery-item\"><figure><img loading=\"lazy\" width=\"756\" height=\"2000\" src=\"https:\/\/www.gourmettes-fribourg.ch\/wp-content\/uploads\/2022\/11\/FE768507-DB19-4F8F-8D41-0572853EE80D-756x2000.jpeg\" alt=\"\" data-id=\"6714\" data-full-url=\"https:\/\/www.gourmettes-fribourg.ch\/wp-content\/uploads\/2022\/11\/FE768507-DB19-4F8F-8D41-0572853EE80D.jpeg\" data-link=\"https:\/\/www.gourmettes-fribourg.ch\/?attachment_id=6714\" class=\"wp-image-6714\" srcset=\"http:\/\/www.gourmettes-fribourg.ch\/wp-content\/uploads\/2022\/11\/FE768507-DB19-4F8F-8D41-0572853EE80D-756x2000.jpeg 756w, http:\/\/www.gourmettes-fribourg.ch\/wp-content\/uploads\/2022\/11\/FE768507-DB19-4F8F-8D41-0572853EE80D-340x900.jpeg 340w, http:\/\/www.gourmettes-fribourg.ch\/wp-content\/uploads\/2022\/11\/FE768507-DB19-4F8F-8D41-0572853EE80D-768x2032.jpeg 768w, http:\/\/www.gourmettes-fribourg.ch\/wp-content\/uploads\/2022\/11\/FE768507-DB19-4F8F-8D41-0572853EE80D-581x1536.jpeg 581w, http:\/\/www.gourmettes-fribourg.ch\/wp-content\/uploads\/2022\/11\/FE768507-DB19-4F8F-8D41-0572853EE80D.jpeg 774w\" sizes=\"(max-width: 756px) 100vw, 756px\" \/><\/figure><\/li><li class=\"blocks-gallery-item\"><figure><img loading=\"lazy\" width=\"957\" height=\"2000\" src=\"https:\/\/www.gourmettes-fribourg.ch\/wp-content\/uploads\/2022\/11\/82501BB7-5EA3-4562-BE08-3465F50A5F27-957x2000.jpeg\" alt=\"\" data-id=\"6715\" data-full-url=\"https:\/\/www.gourmettes-fribourg.ch\/wp-content\/uploads\/2022\/11\/82501BB7-5EA3-4562-BE08-3465F50A5F27.jpeg\" data-link=\"https:\/\/www.gourmettes-fribourg.ch\/?attachment_id=6715\" class=\"wp-image-6715\" srcset=\"http:\/\/www.gourmettes-fribourg.ch\/wp-content\/uploads\/2022\/11\/82501BB7-5EA3-4562-BE08-3465F50A5F27-957x2000.jpeg 957w, http:\/\/www.gourmettes-fribourg.ch\/wp-content\/uploads\/2022\/11\/82501BB7-5EA3-4562-BE08-3465F50A5F27-431x900.jpeg 431w, http:\/\/www.gourmettes-fribourg.ch\/wp-content\/uploads\/2022\/11\/82501BB7-5EA3-4562-BE08-3465F50A5F27-768x1605.jpeg 768w, http:\/\/www.gourmettes-fribourg.ch\/wp-content\/uploads\/2022\/11\/82501BB7-5EA3-4562-BE08-3465F50A5F27-735x1536.jpeg 735w, http:\/\/www.gourmettes-fribourg.ch\/wp-content\/uploads\/2022\/11\/82501BB7-5EA3-4562-BE08-3465F50A5F27.jpeg 980w\" sizes=\"(max-width: 957px) 100vw, 957px\" \/><\/figure><\/li><li class=\"blocks-gallery-item\"><figure><img loading=\"lazy\" width=\"885\" height=\"2000\" src=\"https:\/\/www.gourmettes-fribourg.ch\/wp-content\/uploads\/2022\/11\/9DE80A76-4998-495A-8A64-0E9852BB4AAC-885x2000.jpeg\" alt=\"\" data-id=\"6716\" data-full-url=\"https:\/\/www.gourmettes-fribourg.ch\/wp-content\/uploads\/2022\/11\/9DE80A76-4998-495A-8A64-0E9852BB4AAC.jpeg\" data-link=\"https:\/\/www.gourmettes-fribourg.ch\/?attachment_id=6716\" class=\"wp-image-6716\" srcset=\"http:\/\/www.gourmettes-fribourg.ch\/wp-content\/uploads\/2022\/11\/9DE80A76-4998-495A-8A64-0E9852BB4AAC-885x2000.jpeg 885w, http:\/\/www.gourmettes-fribourg.ch\/wp-content\/uploads\/2022\/11\/9DE80A76-4998-495A-8A64-0E9852BB4AAC-398x900.jpeg 398w, http:\/\/www.gourmettes-fribourg.ch\/wp-content\/uploads\/2022\/11\/9DE80A76-4998-495A-8A64-0E9852BB4AAC-768x1736.jpeg 768w, http:\/\/www.gourmettes-fribourg.ch\/wp-content\/uploads\/2022\/11\/9DE80A76-4998-495A-8A64-0E9852BB4AAC-680x1536.jpeg 680w, http:\/\/www.gourmettes-fribourg.ch\/wp-content\/uploads\/2022\/11\/9DE80A76-4998-495A-8A64-0E9852BB4AAC.jpeg 906w\" sizes=\"(max-width: 885px) 100vw, 885px\" \/><\/figure><\/li><li class=\"blocks-gallery-item\"><figure><img loading=\"lazy\" width=\"1500\" height=\"2000\" src=\"https:\/\/www.gourmettes-fribourg.ch\/wp-content\/uploads\/2022\/11\/8DE59B7C-AC43-4C54-8472-E4820B820CC5-1500x2000.jpeg\" alt=\"\" data-id=\"6717\" data-full-url=\"https:\/\/www.gourmettes-fribourg.ch\/wp-content\/uploads\/2022\/11\/8DE59B7C-AC43-4C54-8472-E4820B820CC5.jpeg\" data-link=\"https:\/\/www.gourmettes-fribourg.ch\/?attachment_id=6717\" class=\"wp-image-6717\" srcset=\"http:\/\/www.gourmettes-fribourg.ch\/wp-content\/uploads\/2022\/11\/8DE59B7C-AC43-4C54-8472-E4820B820CC5-1500x2000.jpeg 1500w, http:\/\/www.gourmettes-fribourg.ch\/wp-content\/uploads\/2022\/11\/8DE59B7C-AC43-4C54-8472-E4820B820CC5-675x900.jpeg 675w, http:\/\/www.gourmettes-fribourg.ch\/wp-content\/uploads\/2022\/11\/8DE59B7C-AC43-4C54-8472-E4820B820CC5-768x1024.jpeg 768w, http:\/\/www.gourmettes-fribourg.ch\/wp-content\/uploads\/2022\/11\/8DE59B7C-AC43-4C54-8472-E4820B820CC5-1152x1536.jpeg 1152w, http:\/\/www.gourmettes-fribourg.ch\/wp-content\/uploads\/2022\/11\/8DE59B7C-AC43-4C54-8472-E4820B820CC5.jpeg 1536w\" sizes=\"(max-width: 1500px) 100vw, 1500px\" \/><\/figure><\/li><li class=\"blocks-gallery-item\"><figure><img loading=\"lazy\" width=\"1238\" height=\"999\" src=\"https:\/\/www.gourmettes-fribourg.ch\/wp-content\/uploads\/2022\/11\/73843C8C-5458-42D4-9FA9-EDA2CD0CE547.jpeg\" alt=\"\" data-id=\"6718\" data-full-url=\"https:\/\/www.gourmettes-fribourg.ch\/wp-content\/uploads\/2022\/11\/73843C8C-5458-42D4-9FA9-EDA2CD0CE547.jpeg\" data-link=\"https:\/\/www.gourmettes-fribourg.ch\/?attachment_id=6718\" class=\"wp-image-6718\" srcset=\"http:\/\/www.gourmettes-fribourg.ch\/wp-content\/uploads\/2022\/11\/73843C8C-5458-42D4-9FA9-EDA2CD0CE547.jpeg 1238w, http:\/\/www.gourmettes-fribourg.ch\/wp-content\/uploads\/2022\/11\/73843C8C-5458-42D4-9FA9-EDA2CD0CE547-900x726.jpeg 900w, http:\/\/www.gourmettes-fribourg.ch\/wp-content\/uploads\/2022\/11\/73843C8C-5458-42D4-9FA9-EDA2CD0CE547-768x620.jpeg 768w\" sizes=\"(max-width: 1238px) 100vw, 1238px\" \/><\/figure><\/li><li class=\"blocks-gallery-item\"><figure><img loading=\"lazy\" width=\"1500\" height=\"2000\" src=\"https:\/\/www.gourmettes-fribourg.ch\/wp-content\/uploads\/2022\/11\/BEC33A66-EB3B-46AE-9887-B7DEF888D022-1500x2000.jpeg\" alt=\"\" data-id=\"6719\" data-full-url=\"https:\/\/www.gourmettes-fribourg.ch\/wp-content\/uploads\/2022\/11\/BEC33A66-EB3B-46AE-9887-B7DEF888D022.jpeg\" data-link=\"https:\/\/www.gourmettes-fribourg.ch\/?attachment_id=6719\" class=\"wp-image-6719\" srcset=\"http:\/\/www.gourmettes-fribourg.ch\/wp-content\/uploads\/2022\/11\/BEC33A66-EB3B-46AE-9887-B7DEF888D022-1500x2000.jpeg 1500w, http:\/\/www.gourmettes-fribourg.ch\/wp-content\/uploads\/2022\/11\/BEC33A66-EB3B-46AE-9887-B7DEF888D022-675x900.jpeg 675w, http:\/\/www.gourmettes-fribourg.ch\/wp-content\/uploads\/2022\/11\/BEC33A66-EB3B-46AE-9887-B7DEF888D022-768x1024.jpeg 768w, http:\/\/www.gourmettes-fribourg.ch\/wp-content\/uploads\/2022\/11\/BEC33A66-EB3B-46AE-9887-B7DEF888D022-1152x1536.jpeg 1152w, http:\/\/www.gourmettes-fribourg.ch\/wp-content\/uploads\/2022\/11\/BEC33A66-EB3B-46AE-9887-B7DEF888D022.jpeg 1536w\" sizes=\"(max-width: 1500px) 100vw, 1500px\" \/><\/figure><\/li><\/ul><\/figure>\n","protected":false},"excerpt":{"rendered":"<p>Apr\u00e8s nous avoir convi\u00e9s \u00e0 venir en pyjama, Chantal, V\u00e9ronique et Sylvie nous ont pr\u00e9par\u00e9es un douillet repas. Tout en&#8230; <a href=\"http:\/\/www.gourmettes-fribourg.ch\/?p=6662\">Plus &raquo;<\/a><\/p>\n","protected":false},"author":3,"featured_media":0,"comment_status":"closed","ping_status":"open","sticky":false,"template":"","format":"standard","meta":[],"categories":[129,15,16],"tags":[],"_links":{"self":[{"href":"http:\/\/www.gourmettes-fribourg.ch\/index.php?rest_route=\/wp\/v2\/posts\/6662"}],"collection":[{"href":"http:\/\/www.gourmettes-fribourg.ch\/index.php?rest_route=\/wp\/v2\/posts"}],"about":[{"href":"http:\/\/www.gourmettes-fribourg.ch\/index.php?rest_route=\/wp\/v2\/types\/post"}],"author":[{"embeddable":true,"href":"http:\/\/www.gourmettes-fribourg.ch\/index.php?rest_route=\/wp\/v2\/users\/3"}],"replies":[{"embeddable":true,"href":"http:\/\/www.gourmettes-fribourg.ch\/index.php?rest_route=%2Fwp%2Fv2%2Fcomments&post=6662"}],"version-history":[{"count":1,"href":"http:\/\/www.gourmettes-fribourg.ch\/index.php?rest_route=\/wp\/v2\/posts\/6662\/revisions"}],"predecessor-version":[{"id":6720,"href":"http:\/\/www.gourmettes-fribourg.ch\/index.php?rest_route=\/wp\/v2\/posts\/6662\/revisions\/6720"}],"wp:attachment":[{"href":"http:\/\/www.gourmettes-fribourg.ch\/index.php?rest_route=%2Fwp%2Fv2%2Fmedia&parent=6662"}],"wp:term":[{"taxonomy":"category","embeddable":true,"href":"http:\/\/www.gourmettes-fribourg.ch\/index.php?rest_route=%2Fwp%2Fv2%2Fcategories&post=6662"},{"taxonomy":"post_tag","embeddable":true,"href":"http:\/\/www.gourmettes-fribourg.ch\/index.php?rest_route=%2Fwp%2Fv2%2Ftags&post=6662"}],"curies":[{"name":"wp","href":"https:\/\/api.w.org\/{rel}","templated":true}]}}