{"id":8481,"date":"2024-11-21T09:14:54","date_gmt":"2024-11-21T08:14:54","guid":{"rendered":"http:\/\/www.gourmettes-fribourg.ch\/?p=8481"},"modified":"2024-11-21T09:15:42","modified_gmt":"2024-11-21T08:15:42","slug":"novembre-2024-caminada-en-cuisine","status":"publish","type":"post","link":"http:\/\/www.gourmettes-fribourg.ch\/?p=8481","title":{"rendered":"Novembre 2024 CAMINADA en cuisine"},"content":{"rendered":"\n<p>une soir\u00e9e culinaire inspir\u00e9e du livre <strong>\u201cLes coups de c\u0153ur du chef Caminada\u201d<\/strong>, une c\u00e9l\u00e9bration de la cuisine des Grisons.<\/p>\n\n\n\n<p>Gr\u00e2ce au talent de V\u00e9ronique, Chantal, Sabine et Sonja, les recettes du chef ont \u00e9t\u00e9 r\u00e9interpr\u00e9t\u00e9es avec soin pour le plus grand bonheur de nos papilles<\/p>\n\n\n\n<p>Un grand merci \u00e0 nos cuisini\u00e8res pour cette merveilleuse soir\u00e9e gourmande<\/p>\n\n\n\n<div class=\"wp-block-group\"><div class=\"wp-block-group__inner-container\">\n<div class=\"wp-block-responsive-lightbox-gallery\"><div class=\"rl-gallery-container rl-loading\" id=\"rl-gallery-container-1\" data-gallery_id=\"8535\"> <div class=\"rl-gallery rl-basicgrid-gallery \" id=\"rl-gallery-1\" data-gallery_no=\"1\"> <div class=\"rl-gallery-item\"><a href=\"http:\/\/www.gourmettes-fribourg.ch\/wp-content\/uploads\/2024\/11\/2dc2c47f-9646-47ef-8e8d-dd909ff81f99.jpeg\" title=\"\" data-rl_title=\"\" class=\"rl-gallery-link\" data-rl_caption=\"\" data-rel=\"lightbox-gallery-1\"><img src=\"http:\/\/www.gourmettes-fribourg.ch\/wp-content\/uploads\/2024\/11\/2dc2c47f-9646-47ef-8e8d-dd909ff81f99-160x160.jpeg\" width=\"160\" height=\"160\" alt=\"\"\/><\/a><\/div><div class=\"rl-gallery-item\"><a href=\"http:\/\/www.gourmettes-fribourg.ch\/wp-content\/uploads\/2024\/11\/3ad77ddc-9fef-4ac8-984e-7ce82659f5b6-1.jpeg\" title=\"\" data-rl_title=\"\" class=\"rl-gallery-link\" data-rl_caption=\"\" data-rel=\"lightbox-gallery-1\"><img src=\"http:\/\/www.gourmettes-fribourg.ch\/wp-content\/uploads\/2024\/11\/3ad77ddc-9fef-4ac8-984e-7ce82659f5b6-1-160x160.jpeg\" width=\"160\" height=\"160\" alt=\"\"\/><\/a><\/div><div class=\"rl-gallery-item\"><a href=\"http:\/\/www.gourmettes-fribourg.ch\/wp-content\/uploads\/2024\/11\/26bfe68f-2f0d-4564-8458-b8ee562ebd13-1.jpeg\" title=\"\" data-rl_title=\"\" class=\"rl-gallery-link\" data-rl_caption=\"\" data-rel=\"lightbox-gallery-1\"><img src=\"http:\/\/www.gourmettes-fribourg.ch\/wp-content\/uploads\/2024\/11\/26bfe68f-2f0d-4564-8458-b8ee562ebd13-1-160x160.jpeg\" width=\"160\" height=\"160\" alt=\"\"\/><\/a><\/div><div class=\"rl-gallery-item\"><a href=\"http:\/\/www.gourmettes-fribourg.ch\/wp-content\/uploads\/2024\/11\/b0624338-c1b9-47e4-bc98-7edf96cce6d2-1.jpeg\" title=\"\" data-rl_title=\"\" class=\"rl-gallery-link\" data-rl_caption=\"\" data-rel=\"lightbox-gallery-1\"><img src=\"http:\/\/www.gourmettes-fribourg.ch\/wp-content\/uploads\/2024\/11\/b0624338-c1b9-47e4-bc98-7edf96cce6d2-1-160x160.jpeg\" width=\"160\" height=\"160\" alt=\"\"\/><\/a><\/div><div class=\"rl-gallery-item\"><a href=\"http:\/\/www.gourmettes-fribourg.ch\/wp-content\/uploads\/2024\/11\/efc9f0cf-97ad-4dd3-843a-5a9dd2178660-1.jpeg\" title=\"\" data-rl_title=\"\" class=\"rl-gallery-link\" data-rl_caption=\"\" data-rel=\"lightbox-gallery-1\"><img src=\"http:\/\/www.gourmettes-fribourg.ch\/wp-content\/uploads\/2024\/11\/efc9f0cf-97ad-4dd3-843a-5a9dd2178660-1-160x160.jpeg\" width=\"160\" height=\"160\" alt=\"\"\/><\/a><\/div><div class=\"rl-gallery-item\"><a href=\"http:\/\/www.gourmettes-fribourg.ch\/wp-content\/uploads\/2024\/11\/4ad83b33-e6b1-459a-a4cf-3f1fbca1a300-1.jpeg\" title=\"\" data-rl_title=\"\" class=\"rl-gallery-link\" data-rl_caption=\"\" data-rel=\"lightbox-gallery-1\"><img src=\"http:\/\/www.gourmettes-fribourg.ch\/wp-content\/uploads\/2024\/11\/4ad83b33-e6b1-459a-a4cf-3f1fbca1a300-1-160x160.jpeg\" width=\"160\" height=\"160\" alt=\"\"\/><\/a><\/div><div class=\"rl-gallery-item\"><a href=\"http:\/\/www.gourmettes-fribourg.ch\/wp-content\/uploads\/2024\/11\/1d258f05-feb3-4000-accb-5a31af7dc110-1.jpeg\" title=\"\" data-rl_title=\"\" class=\"rl-gallery-link\" data-rl_caption=\"\" data-rel=\"lightbox-gallery-1\"><img src=\"http:\/\/www.gourmettes-fribourg.ch\/wp-content\/uploads\/2024\/11\/1d258f05-feb3-4000-accb-5a31af7dc110-1-160x160.jpeg\" width=\"160\" height=\"160\" alt=\"\"\/><\/a><\/div><div class=\"rl-gallery-item\"><a href=\"http:\/\/www.gourmettes-fribourg.ch\/wp-content\/uploads\/2024\/11\/953b8074-4732-4e67-8069-005313df2d24.jpeg\" title=\"\" data-rl_title=\"\" class=\"rl-gallery-link\" data-rl_caption=\"\" data-rel=\"lightbox-gallery-1\"><img src=\"http:\/\/www.gourmettes-fribourg.ch\/wp-content\/uploads\/2024\/11\/953b8074-4732-4e67-8069-005313df2d24-160x160.jpeg\" width=\"160\" height=\"160\" alt=\"\"\/><\/a><\/div><div class=\"rl-gallery-item\"><a href=\"http:\/\/www.gourmettes-fribourg.ch\/wp-content\/uploads\/2024\/11\/0650ba7f-425b-4f2e-8815-ec7ecc050506.jpeg\" title=\"\" data-rl_title=\"\" class=\"rl-gallery-link\" data-rl_caption=\"\" data-rel=\"lightbox-gallery-1\"><img src=\"http:\/\/www.gourmettes-fribourg.ch\/wp-content\/uploads\/2024\/11\/0650ba7f-425b-4f2e-8815-ec7ecc050506-160x160.jpeg\" width=\"160\" height=\"160\" alt=\"\"\/><\/a><\/div><div class=\"rl-gallery-item\"><a href=\"http:\/\/www.gourmettes-fribourg.ch\/wp-content\/uploads\/2024\/11\/4ad83b33-e6b1-459a-a4cf-3f1fbca1a300.jpeg\" title=\"\" data-rl_title=\"\" class=\"rl-gallery-link\" data-rl_caption=\"\" data-rel=\"lightbox-gallery-1\"><img src=\"http:\/\/www.gourmettes-fribourg.ch\/wp-content\/uploads\/2024\/11\/4ad83b33-e6b1-459a-a4cf-3f1fbca1a300-160x160.jpeg\" width=\"160\" height=\"160\" alt=\"\"\/><\/a><\/div><div class=\"rl-gallery-item\"><a href=\"http:\/\/www.gourmettes-fribourg.ch\/wp-content\/uploads\/2024\/11\/3a694829-01e2-4fc5-a1c0-f1476cc9ded0.jpeg\" title=\"\" data-rl_title=\"\" class=\"rl-gallery-link\" data-rl_caption=\"\" data-rel=\"lightbox-gallery-1\"><img src=\"http:\/\/www.gourmettes-fribourg.ch\/wp-content\/uploads\/2024\/11\/3a694829-01e2-4fc5-a1c0-f1476cc9ded0-160x160.jpeg\" width=\"160\" height=\"160\" alt=\"\"\/><\/a><\/div><div class=\"rl-gallery-item\"><a href=\"http:\/\/www.gourmettes-fribourg.ch\/wp-content\/uploads\/2024\/11\/a1c02084-5c6a-48ed-a6b3-2a10b086016b-1.jpeg\" title=\"\" data-rl_title=\"\" class=\"rl-gallery-link\" data-rl_caption=\"\" data-rel=\"lightbox-gallery-1\"><img src=\"http:\/\/www.gourmettes-fribourg.ch\/wp-content\/uploads\/2024\/11\/a1c02084-5c6a-48ed-a6b3-2a10b086016b-1-160x160.jpeg\" width=\"160\" height=\"160\" alt=\"\"\/><\/a><\/div><div class=\"rl-gallery-item\"><a href=\"http:\/\/www.gourmettes-fribourg.ch\/wp-content\/uploads\/2024\/11\/4a945f6b-cdb3-4f6e-ac95-4b741b75856e-1.jpeg\" title=\"\" data-rl_title=\"\" class=\"rl-gallery-link\" data-rl_caption=\"\" data-rel=\"lightbox-gallery-1\"><img src=\"http:\/\/www.gourmettes-fribourg.ch\/wp-content\/uploads\/2024\/11\/4a945f6b-cdb3-4f6e-ac95-4b741b75856e-1-160x160.jpeg\" width=\"160\" height=\"160\" alt=\"\"\/><\/a><\/div><div class=\"rl-gallery-item\"><a href=\"http:\/\/www.gourmettes-fribourg.ch\/wp-content\/uploads\/2024\/11\/59c0d8a7-104f-4133-9b73-65c5aa69fb5c-1.jpeg\" title=\"\" data-rl_title=\"\" class=\"rl-gallery-link\" data-rl_caption=\"\" data-rel=\"lightbox-gallery-1\"><img src=\"http:\/\/www.gourmettes-fribourg.ch\/wp-content\/uploads\/2024\/11\/59c0d8a7-104f-4133-9b73-65c5aa69fb5c-1-160x160.jpeg\" width=\"160\" height=\"160\" alt=\"\"\/><\/a><\/div><div class=\"rl-gallery-item\"><a href=\"http:\/\/www.gourmettes-fribourg.ch\/wp-content\/uploads\/2024\/11\/39f6b736-34da-4692-93ee-f99d351b64a8-1.jpeg\" title=\"\" data-rl_title=\"\" class=\"rl-gallery-link\" data-rl_caption=\"\" data-rel=\"lightbox-gallery-1\"><img src=\"http:\/\/www.gourmettes-fribourg.ch\/wp-content\/uploads\/2024\/11\/39f6b736-34da-4692-93ee-f99d351b64a8-1-160x160.jpeg\" width=\"160\" height=\"160\" alt=\"\"\/><\/a><\/div><div class=\"rl-gallery-item\"><a href=\"http:\/\/www.gourmettes-fribourg.ch\/wp-content\/uploads\/2024\/11\/95cdf3ab-da86-4f0a-b644-5cc1ee131b68-1.jpeg\" title=\"\" data-rl_title=\"\" class=\"rl-gallery-link\" data-rl_caption=\"\" data-rel=\"lightbox-gallery-1\"><img src=\"http:\/\/www.gourmettes-fribourg.ch\/wp-content\/uploads\/2024\/11\/95cdf3ab-da86-4f0a-b644-5cc1ee131b68-1-160x160.jpeg\" width=\"160\" height=\"160\" alt=\"\"\/><\/a><\/div><div class=\"rl-gallery-item\"><a href=\"http:\/\/www.gourmettes-fribourg.ch\/wp-content\/uploads\/2024\/11\/ff96c7ea-0e61-4595-b515-78736c69f112-1.jpeg\" title=\"\" data-rl_title=\"\" class=\"rl-gallery-link\" data-rl_caption=\"\" data-rel=\"lightbox-gallery-1\"><img src=\"http:\/\/www.gourmettes-fribourg.ch\/wp-content\/uploads\/2024\/11\/ff96c7ea-0e61-4595-b515-78736c69f112-1-160x160.jpeg\" width=\"160\" height=\"160\" alt=\"\"\/><\/a><\/div><div class=\"rl-gallery-item\"><a href=\"http:\/\/www.gourmettes-fribourg.ch\/wp-content\/uploads\/2024\/11\/456d053c-4f7f-4995-b615-1d6c6ab24d81-1.jpeg\" title=\"\" data-rl_title=\"\" class=\"rl-gallery-link\" data-rl_caption=\"\" data-rel=\"lightbox-gallery-1\"><img src=\"http:\/\/www.gourmettes-fribourg.ch\/wp-content\/uploads\/2024\/11\/456d053c-4f7f-4995-b615-1d6c6ab24d81-1-160x160.jpeg\" width=\"160\" height=\"160\" alt=\"\"\/><\/a><\/div><div class=\"rl-gallery-item\"><a href=\"http:\/\/www.gourmettes-fribourg.ch\/wp-content\/uploads\/2024\/11\/c43f210b-6c31-4e9b-ac26-daac8d1ab754-1.jpeg\" title=\"\" data-rl_title=\"\" class=\"rl-gallery-link\" data-rl_caption=\"\" data-rel=\"lightbox-gallery-1\"><img src=\"http:\/\/www.gourmettes-fribourg.ch\/wp-content\/uploads\/2024\/11\/c43f210b-6c31-4e9b-ac26-daac8d1ab754-1-160x160.jpeg\" width=\"160\" height=\"160\" alt=\"\"\/><\/a><\/div><div class=\"rl-gallery-item\"><a href=\"http:\/\/www.gourmettes-fribourg.ch\/wp-content\/uploads\/2024\/11\/bd81168f-14c1-48e6-b939-1d18446267d3-1.jpeg\" title=\"\" data-rl_title=\"\" class=\"rl-gallery-link\" data-rl_caption=\"\" data-rel=\"lightbox-gallery-1\"><img src=\"http:\/\/www.gourmettes-fribourg.ch\/wp-content\/uploads\/2024\/11\/bd81168f-14c1-48e6-b939-1d18446267d3-1-160x160.jpeg\" width=\"160\" height=\"160\" alt=\"\"\/><\/a><\/div><div class=\"rl-gallery-item\"><a href=\"http:\/\/www.gourmettes-fribourg.ch\/wp-content\/uploads\/2024\/11\/042d2107-da44-46dd-9566-13bdb67af794-1.jpeg\" title=\"\" data-rl_title=\"\" class=\"rl-gallery-link\" data-rl_caption=\"\" data-rel=\"lightbox-gallery-1\"><img src=\"http:\/\/www.gourmettes-fribourg.ch\/wp-content\/uploads\/2024\/11\/042d2107-da44-46dd-9566-13bdb67af794-1-160x160.jpeg\" width=\"160\" height=\"160\" alt=\"\"\/><\/a><\/div> <\/div> <\/div><\/div>\n<\/div><\/div>\n","protected":false},"excerpt":{"rendered":"<p>une soir\u00e9e culinaire inspir\u00e9e du livre \u201cLes coups de c\u0153ur du chef Caminada\u201d, une c\u00e9l\u00e9bration de la cuisine des Grisons&#8230;. <a href=\"http:\/\/www.gourmettes-fribourg.ch\/?p=8481\">Plus &raquo;<\/a><\/p>\n","protected":false},"author":3,"featured_media":8515,"comment_status":"closed","ping_status":"open","sticky":false,"template":"","format":"standard","meta":[],"categories":[134,15,1],"tags":[],"_links":{"self":[{"href":"http:\/\/www.gourmettes-fribourg.ch\/index.php?rest_route=\/wp\/v2\/posts\/8481"}],"collection":[{"href":"http:\/\/www.gourmettes-fribourg.ch\/index.php?rest_route=\/wp\/v2\/posts"}],"about":[{"href":"http:\/\/www.gourmettes-fribourg.ch\/index.php?rest_route=\/wp\/v2\/types\/post"}],"author":[{"embeddable":true,"href":"http:\/\/www.gourmettes-fribourg.ch\/index.php?rest_route=\/wp\/v2\/users\/3"}],"replies":[{"embeddable":true,"href":"http:\/\/www.gourmettes-fribourg.ch\/index.php?rest_route=%2Fwp%2Fv2%2Fcomments&post=8481"}],"version-history":[{"count":2,"href":"http:\/\/www.gourmettes-fribourg.ch\/index.php?rest_route=\/wp\/v2\/posts\/8481\/revisions"}],"predecessor-version":[{"id":8536,"href":"http:\/\/www.gourmettes-fribourg.ch\/index.php?rest_route=\/wp\/v2\/posts\/8481\/revisions\/8536"}],"wp:featuredmedia":[{"embeddable":true,"href":"http:\/\/www.gourmettes-fribourg.ch\/index.php?rest_route=\/wp\/v2\/media\/8515"}],"wp:attachment":[{"href":"http:\/\/www.gourmettes-fribourg.ch\/index.php?rest_route=%2Fwp%2Fv2%2Fmedia&parent=8481"}],"wp:term":[{"taxonomy":"category","embeddable":true,"href":"http:\/\/www.gourmettes-fribourg.ch\/index.php?rest_route=%2Fwp%2Fv2%2Fcategories&post=8481"},{"taxonomy":"post_tag","embeddable":true,"href":"http:\/\/www.gourmettes-fribourg.ch\/index.php?rest_route=%2Fwp%2Fv2%2Ftags&post=8481"}],"curies":[{"name":"wp","href":"https:\/\/api.w.org\/{rel}","templated":true}]}}