{"id":8748,"date":"2025-03-13T07:48:41","date_gmt":"2025-03-13T06:48:41","guid":{"rendered":"http:\/\/www.gourmettes-fribourg.ch\/?p=8748"},"modified":"2025-03-13T07:48:42","modified_gmt":"2025-03-13T06:48:42","slug":"ag-des-presidentes-12-mars-2025","status":"publish","type":"post","link":"http:\/\/www.gourmettes-fribourg.ch\/?p=8748","title":{"rendered":"AG des pr\u00e9sidentes 12 mars 2025"},"content":{"rendered":"\n<p>C\u2019\u00e9tait \u00e0 la section d\u2019Yverdon de nous accueillir pour notre assembl\u00e9e des pr\u00e9sidentes, dans un cadre charmant, parfait pour des rencontres comme les n\u00f4tres. Et quelle merveilleuse d\u00e9couverte que les d\u00e9lices soigneusement pr\u00e9par\u00e9s pour nous ! Une farandole de saveurs, des mets savoureux et g\u00e9n\u00e9reusement concoct\u00e9s, qui ont \u00e9veill\u00e9 nos papilles et rendu ce moment encore plus convivial<\/p>\n\n\n\n<p><a href=\"https:\/\/www.gourmettes.ch\/yverdon\">https:\/\/www.gourmettes.ch\/yverdon<\/a><\/p>\n\n\n\n<div class=\"wp-block-responsive-lightbox-gallery\"><div class=\"rl-gallery-container rl-loading\" id=\"rl-gallery-container-1\" data-gallery_id=\"8731\"> <div class=\"rl-gallery rl-basicgrid-gallery \" id=\"rl-gallery-1\" data-gallery_no=\"1\"> <div class=\"rl-gallery-item\"><a href=\"http:\/\/www.gourmettes-fribourg.ch\/wp-content\/uploads\/2025\/03\/9ef8ba59-e1b2-4393-b276-595ba784ca52.jpeg\" title=\"\" data-rl_title=\"\" class=\"rl-gallery-link\" data-rl_caption=\"\" data-rel=\"lightbox-gallery-1\"><img src=\"http:\/\/www.gourmettes-fribourg.ch\/wp-content\/uploads\/2025\/03\/9ef8ba59-e1b2-4393-b276-595ba784ca52-160x160.jpeg\" width=\"160\" height=\"160\" alt=\"\"\/><\/a><\/div><div class=\"rl-gallery-item\"><a href=\"http:\/\/www.gourmettes-fribourg.ch\/wp-content\/uploads\/2025\/03\/IMG_3173-scaled.jpeg\" title=\"\" data-rl_title=\"\" class=\"rl-gallery-link\" data-rl_caption=\"\" data-rel=\"lightbox-gallery-1\"><img src=\"http:\/\/www.gourmettes-fribourg.ch\/wp-content\/uploads\/2025\/03\/IMG_3173-160x160.jpeg\" width=\"160\" height=\"160\" alt=\"\"\/><\/a><\/div><div class=\"rl-gallery-item\"><a href=\"http:\/\/www.gourmettes-fribourg.ch\/wp-content\/uploads\/2025\/03\/IMG_3172-scaled.jpeg\" title=\"\" data-rl_title=\"\" class=\"rl-gallery-link\" data-rl_caption=\"\" data-rel=\"lightbox-gallery-1\"><img src=\"http:\/\/www.gourmettes-fribourg.ch\/wp-content\/uploads\/2025\/03\/IMG_3172-160x160.jpeg\" width=\"160\" height=\"160\" alt=\"\"\/><\/a><\/div><div class=\"rl-gallery-item\"><a href=\"http:\/\/www.gourmettes-fribourg.ch\/wp-content\/uploads\/2025\/03\/IMG_3171-scaled.jpeg\" title=\"\" data-rl_title=\"\" class=\"rl-gallery-link\" data-rl_caption=\"\" data-rel=\"lightbox-gallery-1\"><img src=\"http:\/\/www.gourmettes-fribourg.ch\/wp-content\/uploads\/2025\/03\/IMG_3171-160x160.jpeg\" width=\"160\" height=\"160\" alt=\"\"\/><\/a><\/div><div class=\"rl-gallery-item\"><a href=\"http:\/\/www.gourmettes-fribourg.ch\/wp-content\/uploads\/2025\/03\/IMG_3170-scaled.jpeg\" title=\"\" data-rl_title=\"\" class=\"rl-gallery-link\" data-rl_caption=\"\" data-rel=\"lightbox-gallery-1\"><img src=\"http:\/\/www.gourmettes-fribourg.ch\/wp-content\/uploads\/2025\/03\/IMG_3170-160x160.jpeg\" width=\"160\" height=\"160\" alt=\"\"\/><\/a><\/div><div class=\"rl-gallery-item\"><a href=\"http:\/\/www.gourmettes-fribourg.ch\/wp-content\/uploads\/2025\/03\/IMG_3163-scaled.jpeg\" title=\"\" data-rl_title=\"\" class=\"rl-gallery-link\" data-rl_caption=\"\" data-rel=\"lightbox-gallery-1\"><img src=\"http:\/\/www.gourmettes-fribourg.ch\/wp-content\/uploads\/2025\/03\/IMG_3163-160x160.jpeg\" width=\"160\" height=\"160\" alt=\"\"\/><\/a><\/div><div class=\"rl-gallery-item\"><a href=\"http:\/\/www.gourmettes-fribourg.ch\/wp-content\/uploads\/2025\/03\/IMG_3166-scaled.jpeg\" title=\"\" data-rl_title=\"\" class=\"rl-gallery-link\" data-rl_caption=\"\" data-rel=\"lightbox-gallery-1\"><img src=\"http:\/\/www.gourmettes-fribourg.ch\/wp-content\/uploads\/2025\/03\/IMG_3166-160x160.jpeg\" width=\"160\" height=\"160\" alt=\"\"\/><\/a><\/div><div class=\"rl-gallery-item\"><a href=\"http:\/\/www.gourmettes-fribourg.ch\/wp-content\/uploads\/2025\/03\/a733c651-5fea-4b72-84ab-d3daf6321063.jpeg\" title=\"\" data-rl_title=\"\" class=\"rl-gallery-link\" data-rl_caption=\"\" data-rel=\"lightbox-gallery-1\"><img src=\"http:\/\/www.gourmettes-fribourg.ch\/wp-content\/uploads\/2025\/03\/a733c651-5fea-4b72-84ab-d3daf6321063-160x160.jpeg\" width=\"160\" height=\"160\" alt=\"\"\/><\/a><\/div><div class=\"rl-gallery-item\"><a href=\"http:\/\/www.gourmettes-fribourg.ch\/wp-content\/uploads\/2025\/03\/504120da-b767-42de-a504-055429f8a6de.jpeg\" title=\"\" data-rl_title=\"\" class=\"rl-gallery-link\" data-rl_caption=\"\" data-rel=\"lightbox-gallery-1\"><img src=\"http:\/\/www.gourmettes-fribourg.ch\/wp-content\/uploads\/2025\/03\/504120da-b767-42de-a504-055429f8a6de-160x160.jpeg\" width=\"160\" height=\"160\" alt=\"\"\/><\/a><\/div><div class=\"rl-gallery-item\"><a href=\"http:\/\/www.gourmettes-fribourg.ch\/wp-content\/uploads\/2025\/03\/29e7925d-2639-4ab2-adad-d0f8d3e946d7.jpeg\" title=\"\" data-rl_title=\"\" class=\"rl-gallery-link\" data-rl_caption=\"\" data-rel=\"lightbox-gallery-1\"><img src=\"http:\/\/www.gourmettes-fribourg.ch\/wp-content\/uploads\/2025\/03\/29e7925d-2639-4ab2-adad-d0f8d3e946d7-160x160.jpeg\" width=\"160\" height=\"160\" alt=\"\"\/><\/a><\/div><div class=\"rl-gallery-item\"><a href=\"http:\/\/www.gourmettes-fribourg.ch\/wp-content\/uploads\/2025\/03\/0bfd3733-193e-4cb9-978a-665e45f3fe8f.jpeg\" title=\"\" data-rl_title=\"\" class=\"rl-gallery-link\" data-rl_caption=\"\" data-rel=\"lightbox-gallery-1\"><img src=\"http:\/\/www.gourmettes-fribourg.ch\/wp-content\/uploads\/2025\/03\/0bfd3733-193e-4cb9-978a-665e45f3fe8f-160x160.jpeg\" width=\"160\" height=\"160\" alt=\"\"\/><\/a><\/div><div class=\"rl-gallery-item\"><a href=\"http:\/\/www.gourmettes-fribourg.ch\/wp-content\/uploads\/2025\/03\/99cd1de9-fe9e-46cb-9790-89b7ece5f508.jpeg\" title=\"\" data-rl_title=\"\" class=\"rl-gallery-link\" data-rl_caption=\"\" data-rel=\"lightbox-gallery-1\"><img src=\"http:\/\/www.gourmettes-fribourg.ch\/wp-content\/uploads\/2025\/03\/99cd1de9-fe9e-46cb-9790-89b7ece5f508-160x160.jpeg\" width=\"160\" height=\"160\" alt=\"\"\/><\/a><\/div><div class=\"rl-gallery-item\"><a href=\"http:\/\/www.gourmettes-fribourg.ch\/wp-content\/uploads\/2025\/03\/c86cd92b-7fc1-46b4-803f-6b63392c5205.jpeg\" title=\"\" data-rl_title=\"\" class=\"rl-gallery-link\" data-rl_caption=\"\" data-rel=\"lightbox-gallery-1\"><img src=\"http:\/\/www.gourmettes-fribourg.ch\/wp-content\/uploads\/2025\/03\/c86cd92b-7fc1-46b4-803f-6b63392c5205-160x160.jpeg\" width=\"160\" height=\"160\" alt=\"\"\/><\/a><\/div><div class=\"rl-gallery-item\"><a href=\"http:\/\/www.gourmettes-fribourg.ch\/wp-content\/uploads\/2025\/03\/e1898a61-f580-4cc5-9be4-f7cb44659937.jpeg\" title=\"\" data-rl_title=\"\" class=\"rl-gallery-link\" data-rl_caption=\"\" data-rel=\"lightbox-gallery-1\"><img src=\"http:\/\/www.gourmettes-fribourg.ch\/wp-content\/uploads\/2025\/03\/e1898a61-f580-4cc5-9be4-f7cb44659937-160x160.jpeg\" width=\"160\" height=\"160\" alt=\"\"\/><\/a><\/div><div class=\"rl-gallery-item\"><a href=\"http:\/\/www.gourmettes-fribourg.ch\/wp-content\/uploads\/2025\/03\/5c1568d3-ff95-4873-add2-31c1ba9054d3.jpeg\" title=\"\" data-rl_title=\"\" class=\"rl-gallery-link\" data-rl_caption=\"\" data-rel=\"lightbox-gallery-1\"><img src=\"http:\/\/www.gourmettes-fribourg.ch\/wp-content\/uploads\/2025\/03\/5c1568d3-ff95-4873-add2-31c1ba9054d3-160x160.jpeg\" width=\"160\" height=\"160\" alt=\"\"\/><\/a><\/div><div class=\"rl-gallery-item\"><a href=\"http:\/\/www.gourmettes-fribourg.ch\/wp-content\/uploads\/2025\/03\/4c1eb653-a98f-4af0-ab46-a382bf267e76.jpeg\" title=\"\" data-rl_title=\"\" class=\"rl-gallery-link\" data-rl_caption=\"\" data-rel=\"lightbox-gallery-1\"><img src=\"http:\/\/www.gourmettes-fribourg.ch\/wp-content\/uploads\/2025\/03\/4c1eb653-a98f-4af0-ab46-a382bf267e76-160x160.jpeg\" width=\"160\" height=\"160\" alt=\"\"\/><\/a><\/div> <\/div> <\/div><\/div>\n","protected":false},"excerpt":{"rendered":"<p>C\u2019\u00e9tait \u00e0 la section d\u2019Yverdon de nous accueillir pour notre assembl\u00e9e des pr\u00e9sidentes, dans un cadre charmant, parfait pour des&#8230; <a href=\"http:\/\/www.gourmettes-fribourg.ch\/?p=8748\">Plus &raquo;<\/a><\/p>\n","protected":false},"author":3,"featured_media":8737,"comment_status":"closed","ping_status":"open","sticky":false,"template":"","format":"standard","meta":[],"categories":[132,18,15],"tags":[],"_links":{"self":[{"href":"http:\/\/www.gourmettes-fribourg.ch\/index.php?rest_route=\/wp\/v2\/posts\/8748"}],"collection":[{"href":"http:\/\/www.gourmettes-fribourg.ch\/index.php?rest_route=\/wp\/v2\/posts"}],"about":[{"href":"http:\/\/www.gourmettes-fribourg.ch\/index.php?rest_route=\/wp\/v2\/types\/post"}],"author":[{"embeddable":true,"href":"http:\/\/www.gourmettes-fribourg.ch\/index.php?rest_route=\/wp\/v2\/users\/3"}],"replies":[{"embeddable":true,"href":"http:\/\/www.gourmettes-fribourg.ch\/index.php?rest_route=%2Fwp%2Fv2%2Fcomments&post=8748"}],"version-history":[{"count":1,"href":"http:\/\/www.gourmettes-fribourg.ch\/index.php?rest_route=\/wp\/v2\/posts\/8748\/revisions"}],"predecessor-version":[{"id":8749,"href":"http:\/\/www.gourmettes-fribourg.ch\/index.php?rest_route=\/wp\/v2\/posts\/8748\/revisions\/8749"}],"wp:featuredmedia":[{"embeddable":true,"href":"http:\/\/www.gourmettes-fribourg.ch\/index.php?rest_route=\/wp\/v2\/media\/8737"}],"wp:attachment":[{"href":"http:\/\/www.gourmettes-fribourg.ch\/index.php?rest_route=%2Fwp%2Fv2%2Fmedia&parent=8748"}],"wp:term":[{"taxonomy":"category","embeddable":true,"href":"http:\/\/www.gourmettes-fribourg.ch\/index.php?rest_route=%2Fwp%2Fv2%2Fcategories&post=8748"},{"taxonomy":"post_tag","embeddable":true,"href":"http:\/\/www.gourmettes-fribourg.ch\/index.php?rest_route=%2Fwp%2Fv2%2Ftags&post=8748"}],"curies":[{"name":"wp","href":"https:\/\/api.w.org\/{rel}","templated":true}]}}