{"id":8789,"date":"2025-03-22T12:23:54","date_gmt":"2025-03-22T11:23:54","guid":{"rendered":"http:\/\/www.gourmettes-fribourg.ch\/?p=8789"},"modified":"2025-05-15T07:19:56","modified_gmt":"2025-05-15T06:19:56","slug":"mars-2025-dun-grain-a-lautre","status":"publish","type":"post","link":"http:\/\/www.gourmettes-fribourg.ch\/?p=8789","title":{"rendered":"Mars 2025 D\u2019un grain \u00e0 l\u2019autre"},"content":{"rendered":"\n<p>Notre rencontre avec les Gourmette s\u2019est d\u00e9roul\u00e9e sous le signe du partage et de la convivialit\u00e9, sur le th\u00e8me \u00e9vocateur D\u2019un grain \u00e0 l\u2019autre. Un immense merci \u00e0 Sabine pour son accueil chaleureux et sa g\u00e9n\u00e9rosit\u00e9. Et \u00e0 Anne, Claudine et Dominique Gr\u00e2ce \u00e0 elles, cette rencontre a trouv\u00e9 un cadre parfait, malgr\u00e9 un petit contretemps qui nous a \u00e9loign\u00e9s de notre local habituel La Folie des Saveurs. Comme quoi, d\u2019un grain \u00e0 l\u2019autre, la cuisine est avant tout une belle aventure humaine ! Tout a commenc\u00e9 autour avec l\u2019ap\u00e9ritif : une soupe de betterave et de pomme, d\u2019un BAP burger au saumon et d\u2019une verrine de saint-Jacques lentilles et mousse de persil.<\/p>\n\n\n\n<p>L\u2019entr\u00e9e l\u2019entr\u00e9e avec un d\u00e9licieux poisson, accompagn\u00e9 de lentilles jaunes au curcuma et pour le plat d\u2019un chou farci, servi avec une onctueuse, pur\u00e9e de lentilles, apportant rondeurs et profondeur au plat.<\/p>\n\n\n\n<p><\/p>\n\n\n\n<p>Pour finir sur une Jolie petite note sucr\u00e9e, le dessert nous a fait voyager : un ananas r\u00f4ti au beurre, parfum\u00e9 au rhum et au poivre de Jama\u00efque, suivi d\u2019une petite brique de riz au lait, douceur r\u00e9confortante pour conclure ce festin.<\/p>\n\n\n\n<div class=\"wp-block-responsive-lightbox-gallery\"><div class=\"rl-gallery-container rl-loading\" id=\"rl-gallery-container-1\" data-gallery_id=\"8788\"> <div class=\"rl-gallery rl-basicgrid-gallery \" id=\"rl-gallery-1\" data-gallery_no=\"1\"> <div class=\"rl-gallery-item\"><a href=\"http:\/\/www.gourmettes-fribourg.ch\/wp-content\/uploads\/2025\/03\/4308643a-734c-45a9-9437-9aa8122465de.jpeg\" title=\"\" data-rl_title=\"\" class=\"rl-gallery-link\" data-rl_caption=\"\" data-rel=\"lightbox-gallery-1\"><img src=\"http:\/\/www.gourmettes-fribourg.ch\/wp-content\/uploads\/2025\/03\/4308643a-734c-45a9-9437-9aa8122465de-160x160.jpeg\" width=\"160\" height=\"160\" alt=\"\"\/><\/a><\/div><div class=\"rl-gallery-item\"><a href=\"http:\/\/www.gourmettes-fribourg.ch\/wp-content\/uploads\/2025\/03\/IMG_3271-scaled.jpeg\" title=\"\" data-rl_title=\"\" class=\"rl-gallery-link\" data-rl_caption=\"\" data-rel=\"lightbox-gallery-1\"><img src=\"http:\/\/www.gourmettes-fribourg.ch\/wp-content\/uploads\/2025\/03\/IMG_3271-160x160.jpeg\" width=\"160\" height=\"160\" alt=\"\"\/><\/a><\/div><div class=\"rl-gallery-item\"><a href=\"http:\/\/www.gourmettes-fribourg.ch\/wp-content\/uploads\/2025\/03\/c7471cf3-5a48-4e9f-a7de-7dca75b8c398.jpeg\" title=\"\" data-rl_title=\"\" class=\"rl-gallery-link\" data-rl_caption=\"\" data-rel=\"lightbox-gallery-1\"><img src=\"http:\/\/www.gourmettes-fribourg.ch\/wp-content\/uploads\/2025\/03\/c7471cf3-5a48-4e9f-a7de-7dca75b8c398-160x160.jpeg\" width=\"160\" height=\"160\" alt=\"\"\/><\/a><\/div><div class=\"rl-gallery-item\"><a href=\"http:\/\/www.gourmettes-fribourg.ch\/wp-content\/uploads\/2025\/03\/88cfb017-447a-454b-bda2-15a0991ba726.jpeg\" title=\"\" data-rl_title=\"\" class=\"rl-gallery-link\" data-rl_caption=\"\" data-rel=\"lightbox-gallery-1\"><img src=\"http:\/\/www.gourmettes-fribourg.ch\/wp-content\/uploads\/2025\/03\/88cfb017-447a-454b-bda2-15a0991ba726-160x160.jpeg\" width=\"160\" height=\"160\" alt=\"\"\/><\/a><\/div><div class=\"rl-gallery-item\"><a href=\"http:\/\/www.gourmettes-fribourg.ch\/wp-content\/uploads\/2025\/03\/f1592f5d-440a-4e48-8bca-22a4c7e85f89.jpeg\" title=\"\" data-rl_title=\"\" class=\"rl-gallery-link\" data-rl_caption=\"\" data-rel=\"lightbox-gallery-1\"><img src=\"http:\/\/www.gourmettes-fribourg.ch\/wp-content\/uploads\/2025\/03\/f1592f5d-440a-4e48-8bca-22a4c7e85f89-160x160.jpeg\" width=\"160\" height=\"160\" alt=\"\"\/><\/a><\/div><div class=\"rl-gallery-item\"><a href=\"http:\/\/www.gourmettes-fribourg.ch\/wp-content\/uploads\/2025\/03\/f343472c-443b-4df9-86a3-0ba5f2ca7a2b.jpeg\" title=\"\" data-rl_title=\"\" class=\"rl-gallery-link\" data-rl_caption=\"\" data-rel=\"lightbox-gallery-1\"><img src=\"http:\/\/www.gourmettes-fribourg.ch\/wp-content\/uploads\/2025\/03\/f343472c-443b-4df9-86a3-0ba5f2ca7a2b-160x160.jpeg\" width=\"160\" height=\"160\" alt=\"\"\/><\/a><\/div><div class=\"rl-gallery-item\"><a href=\"http:\/\/www.gourmettes-fribourg.ch\/wp-content\/uploads\/2025\/03\/ad5a42b5-e218-49a9-b750-ab2f7eb94c21.jpeg\" title=\"\" data-rl_title=\"\" class=\"rl-gallery-link\" data-rl_caption=\"\" data-rel=\"lightbox-gallery-1\"><img src=\"http:\/\/www.gourmettes-fribourg.ch\/wp-content\/uploads\/2025\/03\/ad5a42b5-e218-49a9-b750-ab2f7eb94c21-160x160.jpeg\" width=\"160\" height=\"160\" alt=\"\"\/><\/a><\/div><div class=\"rl-gallery-item\"><a href=\"http:\/\/www.gourmettes-fribourg.ch\/wp-content\/uploads\/2025\/03\/b4e7df04-df8f-4f41-b712-58823e4a0cc6.jpeg\" title=\"\" data-rl_title=\"\" class=\"rl-gallery-link\" data-rl_caption=\"\" data-rel=\"lightbox-gallery-1\"><img src=\"http:\/\/www.gourmettes-fribourg.ch\/wp-content\/uploads\/2025\/03\/b4e7df04-df8f-4f41-b712-58823e4a0cc6-160x160.jpeg\" width=\"160\" height=\"160\" alt=\"\"\/><\/a><\/div><div class=\"rl-gallery-item\"><a href=\"http:\/\/www.gourmettes-fribourg.ch\/wp-content\/uploads\/2025\/03\/1f5ffb47-46d6-4a7e-ac56-defca6da74a8.jpeg\" title=\"\" data-rl_title=\"\" class=\"rl-gallery-link\" data-rl_caption=\"\" data-rel=\"lightbox-gallery-1\"><img src=\"http:\/\/www.gourmettes-fribourg.ch\/wp-content\/uploads\/2025\/03\/1f5ffb47-46d6-4a7e-ac56-defca6da74a8-160x160.jpeg\" width=\"160\" height=\"160\" alt=\"\"\/><\/a><\/div><div class=\"rl-gallery-item\"><a href=\"http:\/\/www.gourmettes-fribourg.ch\/wp-content\/uploads\/2025\/03\/a60deb8c-952c-4f27-adeb-b9db0b4cff8b.jpeg\" title=\"\" data-rl_title=\"\" class=\"rl-gallery-link\" data-rl_caption=\"\" data-rel=\"lightbox-gallery-1\"><img src=\"http:\/\/www.gourmettes-fribourg.ch\/wp-content\/uploads\/2025\/03\/a60deb8c-952c-4f27-adeb-b9db0b4cff8b-160x160.jpeg\" width=\"160\" height=\"160\" alt=\"\"\/><\/a><\/div><div class=\"rl-gallery-item\"><a href=\"http:\/\/www.gourmettes-fribourg.ch\/wp-content\/uploads\/2025\/03\/61da7429-c6b3-4f34-8e24-b1aae37c2713.jpeg\" title=\"\" data-rl_title=\"\" class=\"rl-gallery-link\" data-rl_caption=\"\" data-rel=\"lightbox-gallery-1\"><img src=\"http:\/\/www.gourmettes-fribourg.ch\/wp-content\/uploads\/2025\/03\/61da7429-c6b3-4f34-8e24-b1aae37c2713-160x160.jpeg\" width=\"160\" height=\"160\" alt=\"\"\/><\/a><\/div><div class=\"rl-gallery-item\"><a href=\"http:\/\/www.gourmettes-fribourg.ch\/wp-content\/uploads\/2025\/03\/31d3d329-f770-4b0e-882b-9ad6246f88b4.jpeg\" title=\"\" data-rl_title=\"\" class=\"rl-gallery-link\" data-rl_caption=\"\" data-rel=\"lightbox-gallery-1\"><img src=\"http:\/\/www.gourmettes-fribourg.ch\/wp-content\/uploads\/2025\/03\/31d3d329-f770-4b0e-882b-9ad6246f88b4-160x160.jpeg\" width=\"160\" height=\"160\" alt=\"\"\/><\/a><\/div><div class=\"rl-gallery-item\"><a href=\"http:\/\/www.gourmettes-fribourg.ch\/wp-content\/uploads\/2025\/03\/3f7584ba-7ada-4044-9cba-2e27c94a6dbb.jpeg\" title=\"\" data-rl_title=\"\" class=\"rl-gallery-link\" data-rl_caption=\"\" data-rel=\"lightbox-gallery-1\"><img src=\"http:\/\/www.gourmettes-fribourg.ch\/wp-content\/uploads\/2025\/03\/3f7584ba-7ada-4044-9cba-2e27c94a6dbb-160x160.jpeg\" width=\"160\" height=\"160\" alt=\"\"\/><\/a><\/div><div class=\"rl-gallery-item\"><a href=\"http:\/\/www.gourmettes-fribourg.ch\/wp-content\/uploads\/2025\/03\/e7f48ad5-9249-4864-8203-9d1b3c11ef75.jpeg\" title=\"\" data-rl_title=\"\" class=\"rl-gallery-link\" data-rl_caption=\"\" data-rel=\"lightbox-gallery-1\"><img src=\"http:\/\/www.gourmettes-fribourg.ch\/wp-content\/uploads\/2025\/03\/e7f48ad5-9249-4864-8203-9d1b3c11ef75-160x160.jpeg\" width=\"160\" height=\"160\" alt=\"\"\/><\/a><\/div><div class=\"rl-gallery-item\"><a href=\"http:\/\/www.gourmettes-fribourg.ch\/wp-content\/uploads\/2025\/03\/642b4754-5b31-4818-a4b2-357f7aa5cfa9.jpeg\" title=\"\" data-rl_title=\"\" class=\"rl-gallery-link\" data-rl_caption=\"\" data-rel=\"lightbox-gallery-1\"><img src=\"http:\/\/www.gourmettes-fribourg.ch\/wp-content\/uploads\/2025\/03\/642b4754-5b31-4818-a4b2-357f7aa5cfa9-160x160.jpeg\" width=\"160\" height=\"160\" alt=\"\"\/><\/a><\/div><div class=\"rl-gallery-item\"><a href=\"http:\/\/www.gourmettes-fribourg.ch\/wp-content\/uploads\/2025\/03\/a38d7062-2d00-4f31-a3b5-cde9b6cfbe94.jpeg\" title=\"\" data-rl_title=\"\" class=\"rl-gallery-link\" data-rl_caption=\"\" data-rel=\"lightbox-gallery-1\"><img src=\"http:\/\/www.gourmettes-fribourg.ch\/wp-content\/uploads\/2025\/03\/a38d7062-2d00-4f31-a3b5-cde9b6cfbe94-160x160.jpeg\" width=\"160\" height=\"160\" alt=\"\"\/><\/a><\/div><div class=\"rl-gallery-item\"><a href=\"http:\/\/www.gourmettes-fribourg.ch\/wp-content\/uploads\/2025\/03\/f36bf290-5bea-4781-9a3a-9d216825c172.jpeg\" title=\"\" data-rl_title=\"\" class=\"rl-gallery-link\" data-rl_caption=\"\" data-rel=\"lightbox-gallery-1\"><img src=\"http:\/\/www.gourmettes-fribourg.ch\/wp-content\/uploads\/2025\/03\/f36bf290-5bea-4781-9a3a-9d216825c172-160x160.jpeg\" width=\"160\" height=\"160\" alt=\"\"\/><\/a><\/div><div class=\"rl-gallery-item\"><a href=\"http:\/\/www.gourmettes-fribourg.ch\/wp-content\/uploads\/2025\/03\/2ad69ba4-dc74-4ba0-b0e2-fc7d66620703.jpeg\" title=\"\" data-rl_title=\"\" class=\"rl-gallery-link\" data-rl_caption=\"\" data-rel=\"lightbox-gallery-1\"><img src=\"http:\/\/www.gourmettes-fribourg.ch\/wp-content\/uploads\/2025\/03\/2ad69ba4-dc74-4ba0-b0e2-fc7d66620703-160x160.jpeg\" width=\"160\" height=\"160\" alt=\"\"\/><\/a><\/div><div class=\"rl-gallery-item\"><a href=\"http:\/\/www.gourmettes-fribourg.ch\/wp-content\/uploads\/2025\/03\/IMG_3276-scaled.jpeg\" title=\"\" data-rl_title=\"\" class=\"rl-gallery-link\" data-rl_caption=\"\" data-rel=\"lightbox-gallery-1\"><img src=\"http:\/\/www.gourmettes-fribourg.ch\/wp-content\/uploads\/2025\/03\/IMG_3276-160x160.jpeg\" width=\"160\" height=\"160\" alt=\"\"\/><\/a><\/div><div class=\"rl-gallery-item\"><a href=\"http:\/\/www.gourmettes-fribourg.ch\/wp-content\/uploads\/2025\/03\/IMG_3274-scaled.jpeg\" title=\"\" data-rl_title=\"\" class=\"rl-gallery-link\" data-rl_caption=\"\" data-rel=\"lightbox-gallery-1\"><img src=\"http:\/\/www.gourmettes-fribourg.ch\/wp-content\/uploads\/2025\/03\/IMG_3274-160x160.jpeg\" width=\"160\" height=\"160\" alt=\"\"\/><\/a><\/div><div class=\"rl-gallery-item\"><a href=\"http:\/\/www.gourmettes-fribourg.ch\/wp-content\/uploads\/2025\/03\/853ee4c1-aa5d-4f99-9bd8-ca9652c15941.jpeg\" title=\"\" data-rl_title=\"\" class=\"rl-gallery-link\" data-rl_caption=\"\" data-rel=\"lightbox-gallery-1\"><img src=\"http:\/\/www.gourmettes-fribourg.ch\/wp-content\/uploads\/2025\/03\/853ee4c1-aa5d-4f99-9bd8-ca9652c15941-160x160.jpeg\" width=\"160\" height=\"160\" alt=\"\"\/><\/a><\/div><div class=\"rl-gallery-item\"><a href=\"http:\/\/www.gourmettes-fribourg.ch\/wp-content\/uploads\/2025\/03\/f481896f-f2e3-4a8f-9003-83d95a01d75f.jpeg\" title=\"\" data-rl_title=\"\" class=\"rl-gallery-link\" data-rl_caption=\"\" data-rel=\"lightbox-gallery-1\"><img src=\"http:\/\/www.gourmettes-fribourg.ch\/wp-content\/uploads\/2025\/03\/f481896f-f2e3-4a8f-9003-83d95a01d75f-160x160.jpeg\" width=\"160\" height=\"160\" alt=\"\"\/><\/a><\/div><div class=\"rl-gallery-item\"><a href=\"http:\/\/www.gourmettes-fribourg.ch\/wp-content\/uploads\/2025\/03\/300f5dc1-a109-4e37-8994-b26e06c1bea5.jpeg\" title=\"\" data-rl_title=\"\" class=\"rl-gallery-link\" data-rl_caption=\"\" data-rel=\"lightbox-gallery-1\"><img src=\"http:\/\/www.gourmettes-fribourg.ch\/wp-content\/uploads\/2025\/03\/300f5dc1-a109-4e37-8994-b26e06c1bea5-160x160.jpeg\" width=\"160\" height=\"160\" alt=\"\"\/><\/a><\/div><div class=\"rl-gallery-item\"><a href=\"http:\/\/www.gourmettes-fribourg.ch\/wp-content\/uploads\/2025\/03\/a1f70ecb-a739-4fe9-a74f-2fc04311a67c.jpeg\" title=\"\" data-rl_title=\"\" class=\"rl-gallery-link\" data-rl_caption=\"\" data-rel=\"lightbox-gallery-1\"><img src=\"http:\/\/www.gourmettes-fribourg.ch\/wp-content\/uploads\/2025\/03\/a1f70ecb-a739-4fe9-a74f-2fc04311a67c-160x160.jpeg\" width=\"160\" height=\"160\" alt=\"\"\/><\/a><\/div><div class=\"rl-gallery-item\"><a href=\"http:\/\/www.gourmettes-fribourg.ch\/wp-content\/uploads\/2025\/03\/a6ec6ed8-16db-47dc-bdff-70b833b3c3af.jpeg\" title=\"\" data-rl_title=\"\" class=\"rl-gallery-link\" data-rl_caption=\"\" data-rel=\"lightbox-gallery-1\"><img src=\"http:\/\/www.gourmettes-fribourg.ch\/wp-content\/uploads\/2025\/03\/a6ec6ed8-16db-47dc-bdff-70b833b3c3af-160x160.jpeg\" width=\"160\" height=\"160\" alt=\"\"\/><\/a><\/div><div class=\"rl-gallery-item\"><a href=\"http:\/\/www.gourmettes-fribourg.ch\/wp-content\/uploads\/2025\/03\/25fb1b10-5b0e-4214-aebf-be4a92a6dbe6.jpeg\" title=\"\" data-rl_title=\"\" class=\"rl-gallery-link\" data-rl_caption=\"\" data-rel=\"lightbox-gallery-1\"><img src=\"http:\/\/www.gourmettes-fribourg.ch\/wp-content\/uploads\/2025\/03\/25fb1b10-5b0e-4214-aebf-be4a92a6dbe6-160x160.jpeg\" width=\"160\" height=\"160\" alt=\"\"\/><\/a><\/div><div class=\"rl-gallery-item\"><a href=\"http:\/\/www.gourmettes-fribourg.ch\/wp-content\/uploads\/2025\/03\/IMG_3277-scaled.jpeg\" title=\"\" data-rl_title=\"\" class=\"rl-gallery-link\" data-rl_caption=\"\" data-rel=\"lightbox-gallery-1\"><img src=\"http:\/\/www.gourmettes-fribourg.ch\/wp-content\/uploads\/2025\/03\/IMG_3277-160x160.jpeg\" width=\"160\" height=\"160\" alt=\"\"\/><\/a><\/div><div class=\"rl-gallery-item\"><a href=\"http:\/\/www.gourmettes-fribourg.ch\/wp-content\/uploads\/2025\/03\/IMG_3275-scaled.jpeg\" title=\"\" data-rl_title=\"\" class=\"rl-gallery-link\" data-rl_caption=\"\" data-rel=\"lightbox-gallery-1\"><img src=\"http:\/\/www.gourmettes-fribourg.ch\/wp-content\/uploads\/2025\/03\/IMG_3275-160x160.jpeg\" width=\"160\" height=\"160\" alt=\"\"\/><\/a><\/div><div class=\"rl-gallery-item\"><a href=\"http:\/\/www.gourmettes-fribourg.ch\/wp-content\/uploads\/2025\/03\/e74922d6-81c4-43cc-9ab2-b771267f7add.jpeg\" title=\"\" data-rl_title=\"\" class=\"rl-gallery-link\" data-rl_caption=\"\" data-rel=\"lightbox-gallery-1\"><img src=\"http:\/\/www.gourmettes-fribourg.ch\/wp-content\/uploads\/2025\/03\/e74922d6-81c4-43cc-9ab2-b771267f7add-160x160.jpeg\" width=\"160\" height=\"160\" alt=\"\"\/><\/a><\/div><div class=\"rl-gallery-item\"><a href=\"http:\/\/www.gourmettes-fribourg.ch\/wp-content\/uploads\/2025\/03\/fa40e891-1a66-49d8-a4ed-0a42ea3d2ff0.jpeg\" title=\"\" data-rl_title=\"\" class=\"rl-gallery-link\" data-rl_caption=\"\" data-rel=\"lightbox-gallery-1\"><img src=\"http:\/\/www.gourmettes-fribourg.ch\/wp-content\/uploads\/2025\/03\/fa40e891-1a66-49d8-a4ed-0a42ea3d2ff0-160x160.jpeg\" width=\"160\" height=\"160\" alt=\"\"\/><\/a><\/div><div class=\"rl-gallery-item\"><a href=\"http:\/\/www.gourmettes-fribourg.ch\/wp-content\/uploads\/2025\/03\/5c7c9ea3-dde5-4528-9b66-9811b6a75ed7.jpeg\" title=\"\" data-rl_title=\"\" class=\"rl-gallery-link\" data-rl_caption=\"\" data-rel=\"lightbox-gallery-1\"><img src=\"http:\/\/www.gourmettes-fribourg.ch\/wp-content\/uploads\/2025\/03\/5c7c9ea3-dde5-4528-9b66-9811b6a75ed7-160x160.jpeg\" width=\"160\" height=\"160\" alt=\"\"\/><\/a><\/div><div class=\"rl-gallery-item\"><a href=\"http:\/\/www.gourmettes-fribourg.ch\/wp-content\/uploads\/2025\/03\/ddca0f6b-9fec-4961-9b17-eb2c861e7466.jpeg\" title=\"\" data-rl_title=\"\" class=\"rl-gallery-link\" data-rl_caption=\"\" data-rel=\"lightbox-gallery-1\"><img src=\"http:\/\/www.gourmettes-fribourg.ch\/wp-content\/uploads\/2025\/03\/ddca0f6b-9fec-4961-9b17-eb2c861e7466-160x160.jpeg\" width=\"160\" height=\"160\" alt=\"\"\/><\/a><\/div><div class=\"rl-gallery-item\"><a href=\"http:\/\/www.gourmettes-fribourg.ch\/wp-content\/uploads\/2025\/03\/fd1534de-dc58-462b-bfd1-c04e05ceae73.jpeg\" title=\"\" data-rl_title=\"\" class=\"rl-gallery-link\" data-rl_caption=\"\" data-rel=\"lightbox-gallery-1\"><img src=\"http:\/\/www.gourmettes-fribourg.ch\/wp-content\/uploads\/2025\/03\/fd1534de-dc58-462b-bfd1-c04e05ceae73-160x160.jpeg\" width=\"160\" height=\"160\" alt=\"\"\/><\/a><\/div><div class=\"rl-gallery-item\"><a href=\"http:\/\/www.gourmettes-fribourg.ch\/wp-content\/uploads\/2025\/03\/e3bd0da4-bfbf-4ba3-bca4-37f2866856e3.jpeg\" title=\"\" data-rl_title=\"\" class=\"rl-gallery-link\" data-rl_caption=\"\" data-rel=\"lightbox-gallery-1\"><img src=\"http:\/\/www.gourmettes-fribourg.ch\/wp-content\/uploads\/2025\/03\/e3bd0da4-bfbf-4ba3-bca4-37f2866856e3-160x160.jpeg\" width=\"160\" height=\"160\" alt=\"\"\/><\/a><\/div> <\/div> <\/div><\/div>\n","protected":false},"excerpt":{"rendered":"<p>Notre rencontre avec les Gourmette s\u2019est d\u00e9roul\u00e9e sous le signe du partage et de la convivialit\u00e9, sur le th\u00e8me \u00e9vocateur&#8230; <a href=\"http:\/\/www.gourmettes-fribourg.ch\/?p=8789\">Plus &raquo;<\/a><\/p>\n","protected":false},"author":3,"featured_media":8792,"comment_status":"closed","ping_status":"open","sticky":false,"template":"","format":"standard","meta":[],"categories":[132,15],"tags":[],"_links":{"self":[{"href":"http:\/\/www.gourmettes-fribourg.ch\/index.php?rest_route=\/wp\/v2\/posts\/8789"}],"collection":[{"href":"http:\/\/www.gourmettes-fribourg.ch\/index.php?rest_route=\/wp\/v2\/posts"}],"about":[{"href":"http:\/\/www.gourmettes-fribourg.ch\/index.php?rest_route=\/wp\/v2\/types\/post"}],"author":[{"embeddable":true,"href":"http:\/\/www.gourmettes-fribourg.ch\/index.php?rest_route=\/wp\/v2\/users\/3"}],"replies":[{"embeddable":true,"href":"http:\/\/www.gourmettes-fribourg.ch\/index.php?rest_route=%2Fwp%2Fv2%2Fcomments&post=8789"}],"version-history":[{"count":2,"href":"http:\/\/www.gourmettes-fribourg.ch\/index.php?rest_route=\/wp\/v2\/posts\/8789\/revisions"}],"predecessor-version":[{"id":8860,"href":"http:\/\/www.gourmettes-fribourg.ch\/index.php?rest_route=\/wp\/v2\/posts\/8789\/revisions\/8860"}],"wp:featuredmedia":[{"embeddable":true,"href":"http:\/\/www.gourmettes-fribourg.ch\/index.php?rest_route=\/wp\/v2\/media\/8792"}],"wp:attachment":[{"href":"http:\/\/www.gourmettes-fribourg.ch\/index.php?rest_route=%2Fwp%2Fv2%2Fmedia&parent=8789"}],"wp:term":[{"taxonomy":"category","embeddable":true,"href":"http:\/\/www.gourmettes-fribourg.ch\/index.php?rest_route=%2Fwp%2Fv2%2Fcategories&post=8789"},{"taxonomy":"post_tag","embeddable":true,"href":"http:\/\/www.gourmettes-fribourg.ch\/index.php?rest_route=%2Fwp%2Fv2%2Ftags&post=8789"}],"curies":[{"name":"wp","href":"https:\/\/api.w.org\/{rel}","templated":true}]}}