{"id":8850,"date":"2025-05-05T14:48:01","date_gmt":"2025-05-05T13:48:01","guid":{"rendered":"http:\/\/www.gourmettes-fribourg.ch\/?p=8850"},"modified":"2025-05-05T14:48:02","modified_gmt":"2025-05-05T13:48:02","slug":"avril-2025-tout-en-dentelles","status":"publish","type":"post","link":"http:\/\/www.gourmettes-fribourg.ch\/?p=8850","title":{"rendered":"Avril 2025 Tout en Dentelles"},"content":{"rendered":"\n<p>Dans une ambiance tout en dentelle, trois magiciennes ont orchestr\u00e9 un chef \u0153uvre culinaire Sylvie, Nicole et Nadia de v\u00e9ritables denteli\u00e8res du go\u00fbt <\/p>\n\n\n\n<p>en ap\u00e9ritif: Sorbet fromage ch\u00e8vre et miel &#8211; amuse-bouche \u00e0 l\u2019ail des ours et saumon &#8211; Verrine de patate douce au kemun<\/p>\n\n\n\n<p>en entr\u00e9e: dentelle d\u2019asperges en vinaigrette<\/p>\n\n\n\n<p>plat: duo dentel\u00e9 de lapin et sa carotte glac\u00e9e au cidre<\/p>\n\n\n\n<p>dessert: cannelloni vanille bourbon et rhubarbe et sa glace vanille <\/p>\n\n\n\n<div class=\"wp-block-responsive-lightbox-gallery\"><div class=\"rl-gallery-container rl-loading\" id=\"rl-gallery-container-1\" data-gallery_id=\"8849\"> <div class=\"rl-gallery rl-basicgrid-gallery \" id=\"rl-gallery-1\" data-gallery_no=\"1\"> <div class=\"rl-gallery-item\"><a href=\"http:\/\/www.gourmettes-fribourg.ch\/wp-content\/uploads\/2025\/05\/8b7df47b-0dab-4846-94c3-48ef2d01f038.jpeg\" title=\"\" data-rl_title=\"\" class=\"rl-gallery-link\" data-rl_caption=\"\" data-rel=\"lightbox-gallery-1\"><img src=\"http:\/\/www.gourmettes-fribourg.ch\/wp-content\/uploads\/2025\/05\/8b7df47b-0dab-4846-94c3-48ef2d01f038-160x160.jpeg\" width=\"160\" height=\"160\" alt=\"\"\/><\/a><\/div><div class=\"rl-gallery-item\"><a href=\"http:\/\/www.gourmettes-fribourg.ch\/wp-content\/uploads\/2025\/05\/81eca503-1483-434c-87e8-f974ef4b4f3a.jpeg\" title=\"\" data-rl_title=\"\" class=\"rl-gallery-link\" data-rl_caption=\"\" data-rel=\"lightbox-gallery-1\"><img src=\"http:\/\/www.gourmettes-fribourg.ch\/wp-content\/uploads\/2025\/05\/81eca503-1483-434c-87e8-f974ef4b4f3a-160x160.jpeg\" width=\"160\" height=\"160\" alt=\"\"\/><\/a><\/div><div class=\"rl-gallery-item\"><a href=\"http:\/\/www.gourmettes-fribourg.ch\/wp-content\/uploads\/2025\/05\/19a68cdd-fec2-4dbc-83b9-c525308a5706.jpeg\" title=\"\" data-rl_title=\"\" class=\"rl-gallery-link\" data-rl_caption=\"\" data-rel=\"lightbox-gallery-1\"><img src=\"http:\/\/www.gourmettes-fribourg.ch\/wp-content\/uploads\/2025\/05\/19a68cdd-fec2-4dbc-83b9-c525308a5706-160x160.jpeg\" width=\"160\" height=\"160\" alt=\"\"\/><\/a><\/div><div class=\"rl-gallery-item\"><a href=\"http:\/\/www.gourmettes-fribourg.ch\/wp-content\/uploads\/2025\/05\/65e9ae8b-3e99-463e-a8c6-e029319df457.jpeg\" title=\"\" data-rl_title=\"\" class=\"rl-gallery-link\" data-rl_caption=\"\" data-rel=\"lightbox-gallery-1\"><img src=\"http:\/\/www.gourmettes-fribourg.ch\/wp-content\/uploads\/2025\/05\/65e9ae8b-3e99-463e-a8c6-e029319df457-160x160.jpeg\" width=\"160\" height=\"160\" alt=\"\"\/><\/a><\/div><div class=\"rl-gallery-item\"><a href=\"http:\/\/www.gourmettes-fribourg.ch\/wp-content\/uploads\/2025\/05\/b9cc0598-c43f-4db6-9bec-8cf0832de018.jpeg\" title=\"\" data-rl_title=\"\" class=\"rl-gallery-link\" data-rl_caption=\"\" data-rel=\"lightbox-gallery-1\"><img src=\"http:\/\/www.gourmettes-fribourg.ch\/wp-content\/uploads\/2025\/05\/b9cc0598-c43f-4db6-9bec-8cf0832de018-160x160.jpeg\" width=\"160\" height=\"160\" alt=\"\"\/><\/a><\/div><div class=\"rl-gallery-item\"><a href=\"http:\/\/www.gourmettes-fribourg.ch\/wp-content\/uploads\/2025\/05\/6db52308-fc86-4b4a-b3d9-c248da078686.jpeg\" title=\"\" data-rl_title=\"\" class=\"rl-gallery-link\" data-rl_caption=\"\" data-rel=\"lightbox-gallery-1\"><img src=\"http:\/\/www.gourmettes-fribourg.ch\/wp-content\/uploads\/2025\/05\/6db52308-fc86-4b4a-b3d9-c248da078686-160x160.jpeg\" width=\"160\" height=\"160\" alt=\"\"\/><\/a><\/div><div class=\"rl-gallery-item\"><a href=\"http:\/\/www.gourmettes-fribourg.ch\/wp-content\/uploads\/2025\/05\/77901f9c-2ee6-4b33-8071-ca08004bc3c7.jpeg\" title=\"\" data-rl_title=\"\" class=\"rl-gallery-link\" data-rl_caption=\"\" data-rel=\"lightbox-gallery-1\"><img src=\"http:\/\/www.gourmettes-fribourg.ch\/wp-content\/uploads\/2025\/05\/77901f9c-2ee6-4b33-8071-ca08004bc3c7-160x160.jpeg\" width=\"160\" height=\"160\" alt=\"\"\/><\/a><\/div><div class=\"rl-gallery-item\"><a href=\"http:\/\/www.gourmettes-fribourg.ch\/wp-content\/uploads\/2025\/05\/8da354f7-2645-4bda-be6a-3b3c7ed0df90.jpeg\" title=\"\" data-rl_title=\"\" class=\"rl-gallery-link\" data-rl_caption=\"\" data-rel=\"lightbox-gallery-1\"><img src=\"http:\/\/www.gourmettes-fribourg.ch\/wp-content\/uploads\/2025\/05\/8da354f7-2645-4bda-be6a-3b3c7ed0df90-160x160.jpeg\" width=\"160\" height=\"160\" alt=\"\"\/><\/a><\/div><div class=\"rl-gallery-item\"><a href=\"http:\/\/www.gourmettes-fribourg.ch\/wp-content\/uploads\/2025\/05\/c7a77eab-ca45-4074-a603-ae0d390c87aa.jpeg\" title=\"\" data-rl_title=\"\" class=\"rl-gallery-link\" data-rl_caption=\"\" data-rel=\"lightbox-gallery-1\"><img src=\"http:\/\/www.gourmettes-fribourg.ch\/wp-content\/uploads\/2025\/05\/c7a77eab-ca45-4074-a603-ae0d390c87aa-160x160.jpeg\" width=\"160\" height=\"160\" alt=\"\"\/><\/a><\/div><div class=\"rl-gallery-item\"><a href=\"http:\/\/www.gourmettes-fribourg.ch\/wp-content\/uploads\/2025\/05\/fa3c30ee-7f07-408b-a954-1e6d35c2bbfc.jpeg\" title=\"\" data-rl_title=\"\" class=\"rl-gallery-link\" data-rl_caption=\"\" data-rel=\"lightbox-gallery-1\"><img src=\"http:\/\/www.gourmettes-fribourg.ch\/wp-content\/uploads\/2025\/05\/fa3c30ee-7f07-408b-a954-1e6d35c2bbfc-160x160.jpeg\" width=\"160\" height=\"160\" alt=\"\"\/><\/a><\/div><div class=\"rl-gallery-item\"><a href=\"http:\/\/www.gourmettes-fribourg.ch\/wp-content\/uploads\/2025\/05\/ca0dacd2-fb41-4a86-9f80-fed128cf6d35.jpeg\" title=\"\" data-rl_title=\"\" class=\"rl-gallery-link\" data-rl_caption=\"\" data-rel=\"lightbox-gallery-1\"><img src=\"http:\/\/www.gourmettes-fribourg.ch\/wp-content\/uploads\/2025\/05\/ca0dacd2-fb41-4a86-9f80-fed128cf6d35-160x160.jpeg\" width=\"160\" height=\"160\" alt=\"\"\/><\/a><\/div><div class=\"rl-gallery-item\"><a href=\"http:\/\/www.gourmettes-fribourg.ch\/wp-content\/uploads\/2025\/05\/3d92f61f-cb7d-44bb-8ee2-42d996f0a39c.jpeg\" title=\"\" data-rl_title=\"\" class=\"rl-gallery-link\" data-rl_caption=\"\" data-rel=\"lightbox-gallery-1\"><img src=\"http:\/\/www.gourmettes-fribourg.ch\/wp-content\/uploads\/2025\/05\/3d92f61f-cb7d-44bb-8ee2-42d996f0a39c-160x160.jpeg\" width=\"160\" height=\"160\" alt=\"\"\/><\/a><\/div><div class=\"rl-gallery-item\"><a href=\"http:\/\/www.gourmettes-fribourg.ch\/wp-content\/uploads\/2025\/05\/7d659e84-aa81-40bb-8bee-2e914f6ea938.jpeg\" title=\"\" data-rl_title=\"\" class=\"rl-gallery-link\" data-rl_caption=\"\" data-rel=\"lightbox-gallery-1\"><img src=\"http:\/\/www.gourmettes-fribourg.ch\/wp-content\/uploads\/2025\/05\/7d659e84-aa81-40bb-8bee-2e914f6ea938-160x160.jpeg\" width=\"160\" height=\"160\" alt=\"\"\/><\/a><\/div><div class=\"rl-gallery-item\"><a href=\"http:\/\/www.gourmettes-fribourg.ch\/wp-content\/uploads\/2025\/05\/b748c943-7e0b-41c1-9fde-e04a2c1c3c27.jpeg\" title=\"\" data-rl_title=\"\" class=\"rl-gallery-link\" data-rl_caption=\"\" data-rel=\"lightbox-gallery-1\"><img src=\"http:\/\/www.gourmettes-fribourg.ch\/wp-content\/uploads\/2025\/05\/b748c943-7e0b-41c1-9fde-e04a2c1c3c27-160x160.jpeg\" width=\"160\" height=\"160\" alt=\"\"\/><\/a><\/div><div class=\"rl-gallery-item\"><a href=\"http:\/\/www.gourmettes-fribourg.ch\/wp-content\/uploads\/2025\/05\/288d184c-58bd-4abf-931f-8bc6b41dad0a.jpeg\" title=\"\" data-rl_title=\"\" class=\"rl-gallery-link\" data-rl_caption=\"\" data-rel=\"lightbox-gallery-1\"><img src=\"http:\/\/www.gourmettes-fribourg.ch\/wp-content\/uploads\/2025\/05\/288d184c-58bd-4abf-931f-8bc6b41dad0a-160x160.jpeg\" width=\"160\" height=\"160\" alt=\"\"\/><\/a><\/div><div class=\"rl-gallery-item\"><a href=\"http:\/\/www.gourmettes-fribourg.ch\/wp-content\/uploads\/2025\/05\/36ad4025-004b-46d9-bb70-9978231987d1.jpeg\" title=\"\" data-rl_title=\"\" class=\"rl-gallery-link\" data-rl_caption=\"\" data-rel=\"lightbox-gallery-1\"><img src=\"http:\/\/www.gourmettes-fribourg.ch\/wp-content\/uploads\/2025\/05\/36ad4025-004b-46d9-bb70-9978231987d1-160x160.jpeg\" width=\"160\" height=\"160\" alt=\"\"\/><\/a><\/div><div class=\"rl-gallery-item\"><a href=\"http:\/\/www.gourmettes-fribourg.ch\/wp-content\/uploads\/2025\/05\/ab949113-473e-4f59-ac4c-03b6f3b21240.jpeg\" title=\"\" data-rl_title=\"\" class=\"rl-gallery-link\" data-rl_caption=\"\" data-rel=\"lightbox-gallery-1\"><img src=\"http:\/\/www.gourmettes-fribourg.ch\/wp-content\/uploads\/2025\/05\/ab949113-473e-4f59-ac4c-03b6f3b21240-160x160.jpeg\" width=\"160\" height=\"160\" alt=\"\"\/><\/a><\/div><div class=\"rl-gallery-item\"><a href=\"http:\/\/www.gourmettes-fribourg.ch\/wp-content\/uploads\/2025\/05\/a4d085ee-0d64-44a5-98ea-6c5b0e42abf2.jpeg\" title=\"\" data-rl_title=\"\" class=\"rl-gallery-link\" data-rl_caption=\"\" data-rel=\"lightbox-gallery-1\"><img src=\"http:\/\/www.gourmettes-fribourg.ch\/wp-content\/uploads\/2025\/05\/a4d085ee-0d64-44a5-98ea-6c5b0e42abf2-160x160.jpeg\" width=\"160\" height=\"160\" alt=\"\"\/><\/a><\/div><div class=\"rl-gallery-item\"><a href=\"http:\/\/www.gourmettes-fribourg.ch\/wp-content\/uploads\/2025\/05\/0fa20a9f-522f-4112-9d1a-5ea292be8bb9.jpeg\" title=\"\" data-rl_title=\"\" class=\"rl-gallery-link\" data-rl_caption=\"\" data-rel=\"lightbox-gallery-1\"><img src=\"http:\/\/www.gourmettes-fribourg.ch\/wp-content\/uploads\/2025\/05\/0fa20a9f-522f-4112-9d1a-5ea292be8bb9-160x160.jpeg\" width=\"160\" height=\"160\" alt=\"\"\/><\/a><\/div><div class=\"rl-gallery-item\"><a href=\"http:\/\/www.gourmettes-fribourg.ch\/wp-content\/uploads\/2025\/05\/7d095db0-2e1c-4d39-80b1-eb6291127bfb.jpeg\" title=\"\" data-rl_title=\"\" class=\"rl-gallery-link\" data-rl_caption=\"\" data-rel=\"lightbox-gallery-1\"><img src=\"http:\/\/www.gourmettes-fribourg.ch\/wp-content\/uploads\/2025\/05\/7d095db0-2e1c-4d39-80b1-eb6291127bfb-160x160.jpeg\" width=\"160\" height=\"160\" alt=\"\"\/><\/a><\/div><div class=\"rl-gallery-item\"><a href=\"http:\/\/www.gourmettes-fribourg.ch\/wp-content\/uploads\/2025\/05\/fd65fbc5-2dbd-44aa-a0aa-d280589a32b5.jpeg\" title=\"\" data-rl_title=\"\" class=\"rl-gallery-link\" data-rl_caption=\"\" data-rel=\"lightbox-gallery-1\"><img src=\"http:\/\/www.gourmettes-fribourg.ch\/wp-content\/uploads\/2025\/05\/fd65fbc5-2dbd-44aa-a0aa-d280589a32b5-160x160.jpeg\" width=\"160\" height=\"160\" alt=\"\"\/><\/a><\/div><div class=\"rl-gallery-item\"><a href=\"http:\/\/www.gourmettes-fribourg.ch\/wp-content\/uploads\/2025\/05\/71adda34-6dfe-4708-8f0f-0b7a740420a3.jpeg\" title=\"\" data-rl_title=\"\" class=\"rl-gallery-link\" data-rl_caption=\"\" data-rel=\"lightbox-gallery-1\"><img src=\"http:\/\/www.gourmettes-fribourg.ch\/wp-content\/uploads\/2025\/05\/71adda34-6dfe-4708-8f0f-0b7a740420a3-160x160.jpeg\" width=\"160\" height=\"160\" alt=\"\"\/><\/a><\/div><div class=\"rl-gallery-item\"><a href=\"http:\/\/www.gourmettes-fribourg.ch\/wp-content\/uploads\/2025\/05\/97bac21d-5f20-4925-accd-11ed747a5ed6.jpeg\" title=\"\" data-rl_title=\"\" class=\"rl-gallery-link\" data-rl_caption=\"\" data-rel=\"lightbox-gallery-1\"><img src=\"http:\/\/www.gourmettes-fribourg.ch\/wp-content\/uploads\/2025\/05\/97bac21d-5f20-4925-accd-11ed747a5ed6-160x160.jpeg\" width=\"160\" height=\"160\" alt=\"\"\/><\/a><\/div><div class=\"rl-gallery-item\"><a href=\"http:\/\/www.gourmettes-fribourg.ch\/wp-content\/uploads\/2025\/05\/ba606286-1ef8-45db-940c-a6ea469fd64a.jpeg\" title=\"\" data-rl_title=\"\" class=\"rl-gallery-link\" data-rl_caption=\"\" data-rel=\"lightbox-gallery-1\"><img src=\"http:\/\/www.gourmettes-fribourg.ch\/wp-content\/uploads\/2025\/05\/ba606286-1ef8-45db-940c-a6ea469fd64a-160x160.jpeg\" width=\"160\" height=\"160\" alt=\"\"\/><\/a><\/div><div class=\"rl-gallery-item\"><a href=\"http:\/\/www.gourmettes-fribourg.ch\/wp-content\/uploads\/2025\/05\/2c722e5c-689b-4b42-8558-b76598ff1afa.jpeg\" title=\"\" data-rl_title=\"\" class=\"rl-gallery-link\" data-rl_caption=\"\" data-rel=\"lightbox-gallery-1\"><img src=\"http:\/\/www.gourmettes-fribourg.ch\/wp-content\/uploads\/2025\/05\/2c722e5c-689b-4b42-8558-b76598ff1afa-160x160.jpeg\" width=\"160\" height=\"160\" alt=\"\"\/><\/a><\/div><div class=\"rl-gallery-item\"><a href=\"http:\/\/www.gourmettes-fribourg.ch\/wp-content\/uploads\/2025\/05\/3aaff74a-f40b-4ded-96a3-73cf37463e44.jpeg\" title=\"\" data-rl_title=\"\" class=\"rl-gallery-link\" data-rl_caption=\"\" data-rel=\"lightbox-gallery-1\"><img src=\"http:\/\/www.gourmettes-fribourg.ch\/wp-content\/uploads\/2025\/05\/3aaff74a-f40b-4ded-96a3-73cf37463e44-160x160.jpeg\" width=\"160\" height=\"160\" alt=\"\"\/><\/a><\/div><div class=\"rl-gallery-item\"><a href=\"http:\/\/www.gourmettes-fribourg.ch\/wp-content\/uploads\/2025\/05\/fabcb827-d240-441a-8a7d-6b6753535659.jpeg\" title=\"\" data-rl_title=\"\" class=\"rl-gallery-link\" data-rl_caption=\"\" data-rel=\"lightbox-gallery-1\"><img src=\"http:\/\/www.gourmettes-fribourg.ch\/wp-content\/uploads\/2025\/05\/fabcb827-d240-441a-8a7d-6b6753535659-160x160.jpeg\" width=\"160\" height=\"160\" alt=\"\"\/><\/a><\/div><div class=\"rl-gallery-item\"><a href=\"http:\/\/www.gourmettes-fribourg.ch\/wp-content\/uploads\/2025\/05\/6e153f0b-d77c-453e-ba91-243786b19b03.jpeg\" title=\"\" data-rl_title=\"\" class=\"rl-gallery-link\" data-rl_caption=\"\" data-rel=\"lightbox-gallery-1\"><img src=\"http:\/\/www.gourmettes-fribourg.ch\/wp-content\/uploads\/2025\/05\/6e153f0b-d77c-453e-ba91-243786b19b03-160x160.jpeg\" width=\"160\" height=\"160\" alt=\"\"\/><\/a><\/div><div class=\"rl-gallery-item\"><a href=\"http:\/\/www.gourmettes-fribourg.ch\/wp-content\/uploads\/2025\/05\/3c776376-e1d2-4bb1-a3eb-61dca11a28b7.jpeg\" title=\"\" data-rl_title=\"\" class=\"rl-gallery-link\" data-rl_caption=\"\" data-rel=\"lightbox-gallery-1\"><img src=\"http:\/\/www.gourmettes-fribourg.ch\/wp-content\/uploads\/2025\/05\/3c776376-e1d2-4bb1-a3eb-61dca11a28b7-160x160.jpeg\" width=\"160\" height=\"160\" alt=\"\"\/><\/a><\/div><div class=\"rl-gallery-item\"><a href=\"http:\/\/www.gourmettes-fribourg.ch\/wp-content\/uploads\/2025\/05\/88FFE9DD-5ECB-46AF-BC76-EF3D3C26E76E.jpeg\" title=\"\" data-rl_title=\"\" class=\"rl-gallery-link\" data-rl_caption=\"\" data-rel=\"lightbox-gallery-1\"><img src=\"http:\/\/www.gourmettes-fribourg.ch\/wp-content\/uploads\/2025\/05\/88FFE9DD-5ECB-46AF-BC76-EF3D3C26E76E-160x160.jpeg\" width=\"160\" height=\"160\" alt=\"\"\/><\/a><\/div><div class=\"rl-gallery-item\"><a href=\"http:\/\/www.gourmettes-fribourg.ch\/wp-content\/uploads\/2025\/05\/39c06fc4-ee46-4e23-a08f-35d302112acb.jpeg\" title=\"\" data-rl_title=\"\" class=\"rl-gallery-link\" data-rl_caption=\"\" data-rel=\"lightbox-gallery-1\"><img src=\"http:\/\/www.gourmettes-fribourg.ch\/wp-content\/uploads\/2025\/05\/39c06fc4-ee46-4e23-a08f-35d302112acb-160x160.jpeg\" width=\"160\" height=\"160\" alt=\"\"\/><\/a><\/div><div class=\"rl-gallery-item\"><a href=\"http:\/\/www.gourmettes-fribourg.ch\/wp-content\/uploads\/2025\/05\/e7a934c6-fdfe-491c-b3ae-07b18f143b54.jpeg\" title=\"\" data-rl_title=\"\" class=\"rl-gallery-link\" data-rl_caption=\"\" data-rel=\"lightbox-gallery-1\"><img src=\"http:\/\/www.gourmettes-fribourg.ch\/wp-content\/uploads\/2025\/05\/e7a934c6-fdfe-491c-b3ae-07b18f143b54-160x160.jpeg\" width=\"160\" height=\"160\" alt=\"\"\/><\/a><\/div><div class=\"rl-gallery-item\"><a href=\"http:\/\/www.gourmettes-fribourg.ch\/wp-content\/uploads\/2025\/05\/a716c187-7064-45e0-ad8a-5fa4d824e663.jpeg\" title=\"\" data-rl_title=\"\" class=\"rl-gallery-link\" data-rl_caption=\"\" data-rel=\"lightbox-gallery-1\"><img src=\"http:\/\/www.gourmettes-fribourg.ch\/wp-content\/uploads\/2025\/05\/a716c187-7064-45e0-ad8a-5fa4d824e663-160x160.jpeg\" width=\"160\" height=\"160\" alt=\"\"\/><\/a><\/div><div class=\"rl-gallery-item\"><a href=\"http:\/\/www.gourmettes-fribourg.ch\/wp-content\/uploads\/2025\/05\/827e7e94-0c2c-4f1a-b603-803ebe197f06.jpeg\" title=\"\" data-rl_title=\"\" class=\"rl-gallery-link\" data-rl_caption=\"\" data-rel=\"lightbox-gallery-1\"><img src=\"http:\/\/www.gourmettes-fribourg.ch\/wp-content\/uploads\/2025\/05\/827e7e94-0c2c-4f1a-b603-803ebe197f06-160x160.jpeg\" width=\"160\" height=\"160\" alt=\"\"\/><\/a><\/div><div class=\"rl-gallery-item\"><a href=\"http:\/\/www.gourmettes-fribourg.ch\/wp-content\/uploads\/2025\/05\/f4f1fc96-e916-433c-9cda-693212ab3b11.jpeg\" title=\"\" data-rl_title=\"\" class=\"rl-gallery-link\" data-rl_caption=\"\" data-rel=\"lightbox-gallery-1\"><img src=\"http:\/\/www.gourmettes-fribourg.ch\/wp-content\/uploads\/2025\/05\/f4f1fc96-e916-433c-9cda-693212ab3b11-160x160.jpeg\" width=\"160\" height=\"160\" alt=\"\"\/><\/a><\/div><div class=\"rl-gallery-item\"><a href=\"http:\/\/www.gourmettes-fribourg.ch\/wp-content\/uploads\/2025\/05\/66ff179d-dd3f-480f-9640-2ecd2edc2dca.jpeg\" title=\"\" data-rl_title=\"\" class=\"rl-gallery-link\" data-rl_caption=\"\" data-rel=\"lightbox-gallery-1\"><img src=\"http:\/\/www.gourmettes-fribourg.ch\/wp-content\/uploads\/2025\/05\/66ff179d-dd3f-480f-9640-2ecd2edc2dca-160x160.jpeg\" width=\"160\" height=\"160\" alt=\"\"\/><\/a><\/div><div class=\"rl-gallery-item\"><a href=\"http:\/\/www.gourmettes-fribourg.ch\/wp-content\/uploads\/2025\/05\/2bb89ee0-6f3d-481a-af2e-59593b0b1893.jpeg\" title=\"\" data-rl_title=\"\" class=\"rl-gallery-link\" data-rl_caption=\"\" data-rel=\"lightbox-gallery-1\"><img src=\"http:\/\/www.gourmettes-fribourg.ch\/wp-content\/uploads\/2025\/05\/2bb89ee0-6f3d-481a-af2e-59593b0b1893-160x160.jpeg\" width=\"160\" height=\"160\" alt=\"\"\/><\/a><\/div><div class=\"rl-gallery-item\"><a href=\"http:\/\/www.gourmettes-fribourg.ch\/wp-content\/uploads\/2025\/05\/21d38502-819f-443e-820a-66fccda6e469.jpeg\" title=\"\" data-rl_title=\"\" class=\"rl-gallery-link\" data-rl_caption=\"\" data-rel=\"lightbox-gallery-1\"><img src=\"http:\/\/www.gourmettes-fribourg.ch\/wp-content\/uploads\/2025\/05\/21d38502-819f-443e-820a-66fccda6e469-160x160.jpeg\" width=\"160\" height=\"160\" alt=\"\"\/><\/a><\/div><div class=\"rl-gallery-item\"><a href=\"http:\/\/www.gourmettes-fribourg.ch\/wp-content\/uploads\/2025\/05\/d8a83038-185b-4e66-b447-ad6ec10325b5.jpeg\" title=\"\" data-rl_title=\"\" class=\"rl-gallery-link\" data-rl_caption=\"\" data-rel=\"lightbox-gallery-1\"><img src=\"http:\/\/www.gourmettes-fribourg.ch\/wp-content\/uploads\/2025\/05\/d8a83038-185b-4e66-b447-ad6ec10325b5-160x160.jpeg\" width=\"160\" height=\"160\" alt=\"\"\/><\/a><\/div><div class=\"rl-gallery-item\"><a href=\"http:\/\/www.gourmettes-fribourg.ch\/wp-content\/uploads\/2025\/05\/839ad954-26fc-414a-83c6-94660c135174.jpeg\" title=\"\" data-rl_title=\"\" class=\"rl-gallery-link\" data-rl_caption=\"\" data-rel=\"lightbox-gallery-1\"><img src=\"http:\/\/www.gourmettes-fribourg.ch\/wp-content\/uploads\/2025\/05\/839ad954-26fc-414a-83c6-94660c135174-160x160.jpeg\" width=\"160\" height=\"160\" alt=\"\"\/><\/a><\/div><div class=\"rl-gallery-item\"><a href=\"http:\/\/www.gourmettes-fribourg.ch\/wp-content\/uploads\/2025\/05\/02ec6f05-c954-408d-ac64-05a66f5441f7.jpeg\" title=\"\" data-rl_title=\"\" class=\"rl-gallery-link\" data-rl_caption=\"\" data-rel=\"lightbox-gallery-1\"><img src=\"http:\/\/www.gourmettes-fribourg.ch\/wp-content\/uploads\/2025\/05\/02ec6f05-c954-408d-ac64-05a66f5441f7-160x160.jpeg\" width=\"160\" height=\"160\" alt=\"\"\/><\/a><\/div><div class=\"rl-gallery-item\"><a href=\"http:\/\/www.gourmettes-fribourg.ch\/wp-content\/uploads\/2025\/05\/1bb4eb45-256a-456a-8bb6-cdd924d37bc5.jpeg\" title=\"\" data-rl_title=\"\" class=\"rl-gallery-link\" data-rl_caption=\"\" data-rel=\"lightbox-gallery-1\"><img src=\"http:\/\/www.gourmettes-fribourg.ch\/wp-content\/uploads\/2025\/05\/1bb4eb45-256a-456a-8bb6-cdd924d37bc5-160x160.jpeg\" width=\"160\" height=\"160\" alt=\"\"\/><\/a><\/div><div class=\"rl-gallery-item\"><a href=\"http:\/\/www.gourmettes-fribourg.ch\/wp-content\/uploads\/2025\/05\/513e8465-fc36-4e49-aa97-512fd6ea4f3c.jpeg\" title=\"\" data-rl_title=\"\" class=\"rl-gallery-link\" data-rl_caption=\"\" data-rel=\"lightbox-gallery-1\"><img src=\"http:\/\/www.gourmettes-fribourg.ch\/wp-content\/uploads\/2025\/05\/513e8465-fc36-4e49-aa97-512fd6ea4f3c-160x160.jpeg\" width=\"160\" height=\"160\" alt=\"\"\/><\/a><\/div><div class=\"rl-gallery-item\"><a href=\"http:\/\/www.gourmettes-fribourg.ch\/wp-content\/uploads\/2025\/05\/5843363c-aecc-46ef-a744-5dfc50dad593.jpeg\" title=\"\" data-rl_title=\"\" class=\"rl-gallery-link\" data-rl_caption=\"\" data-rel=\"lightbox-gallery-1\"><img src=\"http:\/\/www.gourmettes-fribourg.ch\/wp-content\/uploads\/2025\/05\/5843363c-aecc-46ef-a744-5dfc50dad593-160x160.jpeg\" width=\"160\" height=\"160\" alt=\"\"\/><\/a><\/div> <\/div> <\/div><\/div>\n","protected":false},"excerpt":{"rendered":"<p>Dans une ambiance tout en dentelle, trois magiciennes ont orchestr\u00e9 un chef \u0153uvre culinaire Sylvie, Nicole et Nadia de v\u00e9ritables&#8230; <a href=\"http:\/\/www.gourmettes-fribourg.ch\/?p=8850\">Plus &raquo;<\/a><\/p>\n","protected":false},"author":3,"featured_media":8836,"comment_status":"closed","ping_status":"open","sticky":false,"template":"","format":"standard","meta":[],"categories":[132,15,16],"tags":[],"_links":{"self":[{"href":"http:\/\/www.gourmettes-fribourg.ch\/index.php?rest_route=\/wp\/v2\/posts\/8850"}],"collection":[{"href":"http:\/\/www.gourmettes-fribourg.ch\/index.php?rest_route=\/wp\/v2\/posts"}],"about":[{"href":"http:\/\/www.gourmettes-fribourg.ch\/index.php?rest_route=\/wp\/v2\/types\/post"}],"author":[{"embeddable":true,"href":"http:\/\/www.gourmettes-fribourg.ch\/index.php?rest_route=\/wp\/v2\/users\/3"}],"replies":[{"embeddable":true,"href":"http:\/\/www.gourmettes-fribourg.ch\/index.php?rest_route=%2Fwp%2Fv2%2Fcomments&post=8850"}],"version-history":[{"count":1,"href":"http:\/\/www.gourmettes-fribourg.ch\/index.php?rest_route=\/wp\/v2\/posts\/8850\/revisions"}],"predecessor-version":[{"id":8851,"href":"http:\/\/www.gourmettes-fribourg.ch\/index.php?rest_route=\/wp\/v2\/posts\/8850\/revisions\/8851"}],"wp:featuredmedia":[{"embeddable":true,"href":"http:\/\/www.gourmettes-fribourg.ch\/index.php?rest_route=\/wp\/v2\/media\/8836"}],"wp:attachment":[{"href":"http:\/\/www.gourmettes-fribourg.ch\/index.php?rest_route=%2Fwp%2Fv2%2Fmedia&parent=8850"}],"wp:term":[{"taxonomy":"category","embeddable":true,"href":"http:\/\/www.gourmettes-fribourg.ch\/index.php?rest_route=%2Fwp%2Fv2%2Fcategories&post=8850"},{"taxonomy":"post_tag","embeddable":true,"href":"http:\/\/www.gourmettes-fribourg.ch\/index.php?rest_route=%2Fwp%2Fv2%2Ftags&post=8850"}],"curies":[{"name":"wp","href":"https:\/\/api.w.org\/{rel}","templated":true}]}}