{"id":8624,"date":"2025-01-16T20:51:40","date_gmt":"2025-01-16T19:51:40","guid":{"rendered":"http:\/\/www.gourmettes-fribourg.ch\/?p=8624"},"modified":"2025-01-16T20:51:40","modified_gmt":"2025-01-16T19:51:40","slug":"janvier-15-ag-2025","status":"publish","type":"post","link":"https:\/\/www.gourmettes-fribourg.ch\/?p=8624","title":{"rendered":"Janvier 15 AG 2025"},"content":{"rendered":"\n<p>Notre assembl\u00e9e g\u00e9n\u00e9rale de la section s\u2019est tenue dans le cadre convivial de <em>La G\u00e9rine<\/em> \u00e0 Marly, une valeur s\u00fbre. Nous \u00e9tions 12 personnes r\u00e9unies pour cette belle occasion, sous l\u2019hospitalit\u00e9 impeccable du patron Conrad Risse, qui nous a propos\u00e9 un menu savoureux pour c\u00e9l\u00e9brer l\u2019\u00c9piphanie.<\/p>\n\n\n\n<p>L\u2019ap\u00e9ritif a d\u00e9but\u00e9 avec des toasts au saumon fum\u00e9 fait maison, suivi d\u2019une entr\u00e9e de choucroute de la mer. En plat principal, nous avons savour\u00e9 un grenadin de veau en cro\u00fbte d\u2019herbes accompagn\u00e9 de d\u00e9lices du potager. Pour le dessert, un carrousel de douceurs a ravi nos papilles, avec en surprise une f\u00e8ve d\u00e9licatement cach\u00e9e sous la tasse de caf\u00e9. Celle-ci a r\u00e9v\u00e9l\u00e9 notre future reine de l\u2019ann\u00e9e : Dominique, notre nouvelle Gourmette, qui sera intronis\u00e9e en mai 2025.<\/p>\n\n\n\n<p>La soir\u00e9e s\u2019est conclue dans la joie avec des \u00e9changes de cadeaux riches en beaut\u00e9 et en symbolique. Nous pouvons sans h\u00e9siter dire que cette premi\u00e8re rencontre de l\u2019ann\u00e9e a \u00e9t\u00e9 une r\u00e9ussite exceptionnelle, annon\u00e7ant une belle ann\u00e9e \u00e0 venir pour les Gourmettes !<\/p>\n\n\n\n<div class=\"wp-block-responsive-lightbox-gallery\"><div class=\"rl-gallery-container rl-loading\" id=\"rl-gallery-container-1\" data-gallery_id=\"8625\"> <div class=\"rl-gallery rl-basicgrid-gallery \" id=\"rl-gallery-1\" data-gallery_no=\"1\"> <div class=\"rl-gallery-item\"><a href=\"https:\/\/www.gourmettes-fribourg.ch\/wp-content\/uploads\/2025\/01\/IMG_1868-scaled.jpeg\" title=\"\" data-rl_title=\"\" class=\"rl-gallery-link\" data-rl_caption=\"\" data-rel=\"lightbox-gallery-1\"><img src=\"https:\/\/www.gourmettes-fribourg.ch\/wp-content\/uploads\/2025\/01\/IMG_1868-160x160.jpeg\" width=\"160\" height=\"160\" alt=\"\"\/><\/a><\/div><div class=\"rl-gallery-item\"><a href=\"https:\/\/www.gourmettes-fribourg.ch\/wp-content\/uploads\/2025\/01\/IMG_1870-scaled.jpeg\" title=\"\" data-rl_title=\"\" class=\"rl-gallery-link\" data-rl_caption=\"\" data-rel=\"lightbox-gallery-1\"><img src=\"https:\/\/www.gourmettes-fribourg.ch\/wp-content\/uploads\/2025\/01\/IMG_1870-160x160.jpeg\" width=\"160\" height=\"160\" alt=\"\"\/><\/a><\/div><div class=\"rl-gallery-item\"><a href=\"https:\/\/www.gourmettes-fribourg.ch\/wp-content\/uploads\/2025\/01\/e99ec137-8c63-497b-9fe8-09574ba595de.jpeg\" title=\"\" data-rl_title=\"\" class=\"rl-gallery-link\" data-rl_caption=\"\" data-rel=\"lightbox-gallery-1\"><img src=\"https:\/\/www.gourmettes-fribourg.ch\/wp-content\/uploads\/2025\/01\/e99ec137-8c63-497b-9fe8-09574ba595de-160x160.jpeg\" width=\"160\" height=\"160\" alt=\"\"\/><\/a><\/div><div class=\"rl-gallery-item\"><a href=\"https:\/\/www.gourmettes-fribourg.ch\/wp-content\/uploads\/2025\/01\/a0720b80-381e-4bf9-8362-43ab6088b2cf.jpeg\" title=\"\" data-rl_title=\"\" class=\"rl-gallery-link\" data-rl_caption=\"\" data-rel=\"lightbox-gallery-1\"><img src=\"https:\/\/www.gourmettes-fribourg.ch\/wp-content\/uploads\/2025\/01\/a0720b80-381e-4bf9-8362-43ab6088b2cf-160x160.jpeg\" width=\"160\" height=\"160\" alt=\"\"\/><\/a><\/div><div class=\"rl-gallery-item\"><a href=\"https:\/\/www.gourmettes-fribourg.ch\/wp-content\/uploads\/2025\/01\/22035643-6d0f-4b43-b482-dd07b0d235ef.jpeg\" title=\"\" data-rl_title=\"\" class=\"rl-gallery-link\" data-rl_caption=\"\" data-rel=\"lightbox-gallery-1\"><img src=\"https:\/\/www.gourmettes-fribourg.ch\/wp-content\/uploads\/2025\/01\/22035643-6d0f-4b43-b482-dd07b0d235ef-160x160.jpeg\" width=\"160\" height=\"160\" alt=\"\"\/><\/a><\/div><div class=\"rl-gallery-item\"><a href=\"https:\/\/www.gourmettes-fribourg.ch\/wp-content\/uploads\/2025\/01\/ec4221d2-4c87-4d46-a000-5262a794e350.jpeg\" title=\"\" data-rl_title=\"\" class=\"rl-gallery-link\" data-rl_caption=\"\" data-rel=\"lightbox-gallery-1\"><img src=\"https:\/\/www.gourmettes-fribourg.ch\/wp-content\/uploads\/2025\/01\/ec4221d2-4c87-4d46-a000-5262a794e350-160x160.jpeg\" width=\"160\" height=\"160\" alt=\"\"\/><\/a><\/div><div class=\"rl-gallery-item\"><a href=\"https:\/\/www.gourmettes-fribourg.ch\/wp-content\/uploads\/2025\/01\/dfdf753b-182b-495c-8dad-7ff4c40081c5.jpeg\" title=\"\" data-rl_title=\"\" class=\"rl-gallery-link\" data-rl_caption=\"\" data-rel=\"lightbox-gallery-1\"><img src=\"https:\/\/www.gourmettes-fribourg.ch\/wp-content\/uploads\/2025\/01\/dfdf753b-182b-495c-8dad-7ff4c40081c5-160x160.jpeg\" width=\"160\" height=\"160\" alt=\"\"\/><\/a><\/div><div class=\"rl-gallery-item\"><a href=\"https:\/\/www.gourmettes-fribourg.ch\/wp-content\/uploads\/2025\/01\/c9e7b92a-f4f4-4b2f-8bbb-c1ba925db48f.jpeg\" title=\"\" data-rl_title=\"\" class=\"rl-gallery-link\" data-rl_caption=\"\" data-rel=\"lightbox-gallery-1\"><img src=\"https:\/\/www.gourmettes-fribourg.ch\/wp-content\/uploads\/2025\/01\/c9e7b92a-f4f4-4b2f-8bbb-c1ba925db48f-160x160.jpeg\" width=\"160\" height=\"160\" alt=\"\"\/><\/a><\/div><div class=\"rl-gallery-item\"><a href=\"https:\/\/www.gourmettes-fribourg.ch\/wp-content\/uploads\/2025\/01\/8f9f5a48-df8e-4d01-be91-9968eef47e81.jpeg\" title=\"\" data-rl_title=\"\" class=\"rl-gallery-link\" data-rl_caption=\"\" data-rel=\"lightbox-gallery-1\"><img src=\"https:\/\/www.gourmettes-fribourg.ch\/wp-content\/uploads\/2025\/01\/8f9f5a48-df8e-4d01-be91-9968eef47e81-160x160.jpeg\" width=\"160\" height=\"160\" alt=\"\"\/><\/a><\/div><div class=\"rl-gallery-item\"><a href=\"https:\/\/www.gourmettes-fribourg.ch\/wp-content\/uploads\/2025\/01\/ceaddfd5-29e7-4b3a-8035-336bcd7bebe5.jpeg\" title=\"\" data-rl_title=\"\" class=\"rl-gallery-link\" data-rl_caption=\"\" data-rel=\"lightbox-gallery-1\"><img src=\"https:\/\/www.gourmettes-fribourg.ch\/wp-content\/uploads\/2025\/01\/ceaddfd5-29e7-4b3a-8035-336bcd7bebe5-160x160.jpeg\" width=\"160\" height=\"160\" alt=\"\"\/><\/a><\/div><div class=\"rl-gallery-item\"><a href=\"https:\/\/www.gourmettes-fribourg.ch\/wp-content\/uploads\/2025\/01\/08fcbd33-8321-4e3e-bc2f-9ca1f77a6d83.jpeg\" title=\"\" data-rl_title=\"\" class=\"rl-gallery-link\" data-rl_caption=\"\" data-rel=\"lightbox-gallery-1\"><img src=\"https:\/\/www.gourmettes-fribourg.ch\/wp-content\/uploads\/2025\/01\/08fcbd33-8321-4e3e-bc2f-9ca1f77a6d83-160x160.jpeg\" width=\"160\" height=\"160\" alt=\"\"\/><\/a><\/div><div class=\"rl-gallery-item\"><a href=\"https:\/\/www.gourmettes-fribourg.ch\/wp-content\/uploads\/2025\/01\/e7902638-913e-462f-b926-e91ed3544445.jpeg\" title=\"\" data-rl_title=\"\" class=\"rl-gallery-link\" data-rl_caption=\"\" data-rel=\"lightbox-gallery-1\"><img src=\"https:\/\/www.gourmettes-fribourg.ch\/wp-content\/uploads\/2025\/01\/e7902638-913e-462f-b926-e91ed3544445-160x160.jpeg\" width=\"160\" height=\"160\" alt=\"\"\/><\/a><\/div><div class=\"rl-gallery-item\"><a href=\"https:\/\/www.gourmettes-fribourg.ch\/wp-content\/uploads\/2025\/01\/135f26fd-b33f-4762-bd51-2d7c9ed30886.jpeg\" title=\"\" data-rl_title=\"\" class=\"rl-gallery-link\" data-rl_caption=\"\" data-rel=\"lightbox-gallery-1\"><img src=\"https:\/\/www.gourmettes-fribourg.ch\/wp-content\/uploads\/2025\/01\/135f26fd-b33f-4762-bd51-2d7c9ed30886-160x160.jpeg\" width=\"160\" height=\"160\" alt=\"\"\/><\/a><\/div><div class=\"rl-gallery-item\"><a href=\"https:\/\/www.gourmettes-fribourg.ch\/wp-content\/uploads\/2025\/01\/7b6833ae-2fe5-4188-b84c-b65b0d6505ca.jpeg\" title=\"\" data-rl_title=\"\" class=\"rl-gallery-link\" data-rl_caption=\"\" data-rel=\"lightbox-gallery-1\"><img src=\"https:\/\/www.gourmettes-fribourg.ch\/wp-content\/uploads\/2025\/01\/7b6833ae-2fe5-4188-b84c-b65b0d6505ca-160x160.jpeg\" width=\"160\" height=\"160\" alt=\"\"\/><\/a><\/div><div class=\"rl-gallery-item\"><a href=\"https:\/\/www.gourmettes-fribourg.ch\/wp-content\/uploads\/2025\/01\/a6e8df78-4b15-4f64-9368-32b25c572b48.jpeg\" title=\"\" data-rl_title=\"\" class=\"rl-gallery-link\" data-rl_caption=\"\" data-rel=\"lightbox-gallery-1\"><img src=\"https:\/\/www.gourmettes-fribourg.ch\/wp-content\/uploads\/2025\/01\/a6e8df78-4b15-4f64-9368-32b25c572b48-160x160.jpeg\" width=\"160\" height=\"160\" alt=\"\"\/><\/a><\/div><div class=\"rl-gallery-item\"><a href=\"https:\/\/www.gourmettes-fribourg.ch\/wp-content\/uploads\/2025\/01\/33a8797b-76a4-4243-b34c-f05a0e4b43c0.jpeg\" title=\"\" data-rl_title=\"\" class=\"rl-gallery-link\" data-rl_caption=\"\" data-rel=\"lightbox-gallery-1\"><img src=\"https:\/\/www.gourmettes-fribourg.ch\/wp-content\/uploads\/2025\/01\/33a8797b-76a4-4243-b34c-f05a0e4b43c0-160x160.jpeg\" width=\"160\" height=\"160\" alt=\"\"\/><\/a><\/div><div class=\"rl-gallery-item\"><a href=\"https:\/\/www.gourmettes-fribourg.ch\/wp-content\/uploads\/2025\/01\/a67d5530-932c-408f-a197-d59a847c71c1.jpeg\" title=\"\" data-rl_title=\"\" class=\"rl-gallery-link\" data-rl_caption=\"\" data-rel=\"lightbox-gallery-1\"><img src=\"https:\/\/www.gourmettes-fribourg.ch\/wp-content\/uploads\/2025\/01\/a67d5530-932c-408f-a197-d59a847c71c1-160x160.jpeg\" width=\"160\" height=\"160\" alt=\"\"\/><\/a><\/div><div class=\"rl-gallery-item\"><a href=\"https:\/\/www.gourmettes-fribourg.ch\/wp-content\/uploads\/2025\/01\/b3422061-1f47-4af6-beda-fb8aed2da129.jpeg\" title=\"\" data-rl_title=\"\" class=\"rl-gallery-link\" data-rl_caption=\"\" data-rel=\"lightbox-gallery-1\"><img src=\"https:\/\/www.gourmettes-fribourg.ch\/wp-content\/uploads\/2025\/01\/b3422061-1f47-4af6-beda-fb8aed2da129-160x160.jpeg\" width=\"160\" height=\"160\" alt=\"\"\/><\/a><\/div><div class=\"rl-gallery-item\"><a href=\"https:\/\/www.gourmettes-fribourg.ch\/wp-content\/uploads\/2025\/01\/523078c5-2c59-4de0-bd5c-39635071447e.jpeg\" title=\"\" data-rl_title=\"\" class=\"rl-gallery-link\" data-rl_caption=\"\" data-rel=\"lightbox-gallery-1\"><img src=\"https:\/\/www.gourmettes-fribourg.ch\/wp-content\/uploads\/2025\/01\/523078c5-2c59-4de0-bd5c-39635071447e-160x160.jpeg\" width=\"160\" height=\"160\" alt=\"\"\/><\/a><\/div><div class=\"rl-gallery-item\"><a href=\"https:\/\/www.gourmettes-fribourg.ch\/wp-content\/uploads\/2025\/01\/f64245df-382f-4b99-bd97-6579690f2bfc.jpeg\" title=\"\" data-rl_title=\"\" class=\"rl-gallery-link\" data-rl_caption=\"\" data-rel=\"lightbox-gallery-1\"><img src=\"https:\/\/www.gourmettes-fribourg.ch\/wp-content\/uploads\/2025\/01\/f64245df-382f-4b99-bd97-6579690f2bfc-160x160.jpeg\" width=\"160\" height=\"160\" alt=\"\"\/><\/a><\/div><div class=\"rl-gallery-item\"><a href=\"https:\/\/www.gourmettes-fribourg.ch\/wp-content\/uploads\/2025\/01\/fb156ae1-7624-4d0f-ab7c-ff9478b1dc43.jpeg\" title=\"\" data-rl_title=\"\" class=\"rl-gallery-link\" data-rl_caption=\"\" data-rel=\"lightbox-gallery-1\"><img src=\"https:\/\/www.gourmettes-fribourg.ch\/wp-content\/uploads\/2025\/01\/fb156ae1-7624-4d0f-ab7c-ff9478b1dc43-160x160.jpeg\" width=\"160\" height=\"160\" alt=\"\"\/><\/a><\/div><div class=\"rl-gallery-item\"><a href=\"https:\/\/www.gourmettes-fribourg.ch\/wp-content\/uploads\/2025\/01\/9bac142c-ca23-4a64-9ede-1a2d06c5a443.jpeg\" title=\"\" data-rl_title=\"\" class=\"rl-gallery-link\" data-rl_caption=\"\" data-rel=\"lightbox-gallery-1\"><img src=\"https:\/\/www.gourmettes-fribourg.ch\/wp-content\/uploads\/2025\/01\/9bac142c-ca23-4a64-9ede-1a2d06c5a443-160x160.jpeg\" width=\"160\" height=\"160\" alt=\"\"\/><\/a><\/div><div class=\"rl-gallery-item\"><a href=\"https:\/\/www.gourmettes-fribourg.ch\/wp-content\/uploads\/2025\/01\/9e68efed-5bf9-4e71-bf50-e50cc5b8269c.jpeg\" title=\"\" data-rl_title=\"\" class=\"rl-gallery-link\" data-rl_caption=\"\" data-rel=\"lightbox-gallery-1\"><img src=\"https:\/\/www.gourmettes-fribourg.ch\/wp-content\/uploads\/2025\/01\/9e68efed-5bf9-4e71-bf50-e50cc5b8269c-160x160.jpeg\" width=\"160\" height=\"160\" alt=\"\"\/><\/a><\/div><div class=\"rl-gallery-item\"><a href=\"https:\/\/www.gourmettes-fribourg.ch\/wp-content\/uploads\/2025\/01\/43c4a9ad-7d4e-4ea4-b716-d29c054745c4.jpeg\" title=\"\" data-rl_title=\"\" class=\"rl-gallery-link\" data-rl_caption=\"\" data-rel=\"lightbox-gallery-1\"><img src=\"https:\/\/www.gourmettes-fribourg.ch\/wp-content\/uploads\/2025\/01\/43c4a9ad-7d4e-4ea4-b716-d29c054745c4-160x160.jpeg\" width=\"160\" height=\"160\" alt=\"\"\/><\/a><\/div><div class=\"rl-gallery-item\"><a href=\"https:\/\/www.gourmettes-fribourg.ch\/wp-content\/uploads\/2025\/01\/c4e341e5-77b1-4a9e-b41e-18fa2e7ab0de.jpeg\" title=\"\" data-rl_title=\"\" class=\"rl-gallery-link\" data-rl_caption=\"\" data-rel=\"lightbox-gallery-1\"><img src=\"https:\/\/www.gourmettes-fribourg.ch\/wp-content\/uploads\/2025\/01\/c4e341e5-77b1-4a9e-b41e-18fa2e7ab0de-160x160.jpeg\" width=\"160\" height=\"160\" alt=\"\"\/><\/a><\/div><div class=\"rl-gallery-item\"><a href=\"https:\/\/www.gourmettes-fribourg.ch\/wp-content\/uploads\/2025\/01\/cbd84e3b-75fa-4617-b0fa-225caa1bec46.jpeg\" title=\"\" data-rl_title=\"\" class=\"rl-gallery-link\" data-rl_caption=\"\" data-rel=\"lightbox-gallery-1\"><img src=\"https:\/\/www.gourmettes-fribourg.ch\/wp-content\/uploads\/2025\/01\/cbd84e3b-75fa-4617-b0fa-225caa1bec46-160x160.jpeg\" width=\"160\" height=\"160\" alt=\"\"\/><\/a><\/div><div class=\"rl-gallery-item\"><a href=\"https:\/\/www.gourmettes-fribourg.ch\/wp-content\/uploads\/2025\/01\/cd985ce6-76d4-499d-bdec-735be1e8c3d8.jpeg\" title=\"\" data-rl_title=\"\" class=\"rl-gallery-link\" data-rl_caption=\"\" data-rel=\"lightbox-gallery-1\"><img src=\"https:\/\/www.gourmettes-fribourg.ch\/wp-content\/uploads\/2025\/01\/cd985ce6-76d4-499d-bdec-735be1e8c3d8-160x160.jpeg\" width=\"160\" height=\"160\" alt=\"\"\/><\/a><\/div><div class=\"rl-gallery-item\"><a href=\"https:\/\/www.gourmettes-fribourg.ch\/wp-content\/uploads\/2025\/01\/d5e2ecae-b179-4243-9ec3-b43ce039024b.jpeg\" title=\"\" data-rl_title=\"\" class=\"rl-gallery-link\" data-rl_caption=\"\" data-rel=\"lightbox-gallery-1\"><img src=\"https:\/\/www.gourmettes-fribourg.ch\/wp-content\/uploads\/2025\/01\/d5e2ecae-b179-4243-9ec3-b43ce039024b-160x160.jpeg\" width=\"160\" height=\"160\" alt=\"\"\/><\/a><\/div><div class=\"rl-gallery-item\"><a href=\"https:\/\/www.gourmettes-fribourg.ch\/wp-content\/uploads\/2025\/01\/749e2d63-0867-4349-a224-b29135ca4c1c.jpeg\" title=\"\" data-rl_title=\"\" class=\"rl-gallery-link\" data-rl_caption=\"\" data-rel=\"lightbox-gallery-1\"><img src=\"https:\/\/www.gourmettes-fribourg.ch\/wp-content\/uploads\/2025\/01\/749e2d63-0867-4349-a224-b29135ca4c1c-160x160.jpeg\" width=\"160\" height=\"160\" alt=\"\"\/><\/a><\/div><div class=\"rl-gallery-item\"><a href=\"https:\/\/www.gourmettes-fribourg.ch\/wp-content\/uploads\/2025\/01\/299c2380-3183-458e-9526-4d4b90522700.jpeg\" title=\"\" data-rl_title=\"\" class=\"rl-gallery-link\" data-rl_caption=\"\" data-rel=\"lightbox-gallery-1\"><img src=\"https:\/\/www.gourmettes-fribourg.ch\/wp-content\/uploads\/2025\/01\/299c2380-3183-458e-9526-4d4b90522700-160x160.jpeg\" width=\"160\" height=\"160\" alt=\"\"\/><\/a><\/div><div class=\"rl-gallery-item\"><a href=\"https:\/\/www.gourmettes-fribourg.ch\/wp-content\/uploads\/2025\/01\/ef3923a3-de61-4ed6-acbb-6a93358d0c58.jpeg\" title=\"\" data-rl_title=\"\" class=\"rl-gallery-link\" data-rl_caption=\"\" data-rel=\"lightbox-gallery-1\"><img src=\"https:\/\/www.gourmettes-fribourg.ch\/wp-content\/uploads\/2025\/01\/ef3923a3-de61-4ed6-acbb-6a93358d0c58-160x160.jpeg\" width=\"160\" height=\"160\" alt=\"\"\/><\/a><\/div><div class=\"rl-gallery-item\"><a href=\"https:\/\/www.gourmettes-fribourg.ch\/wp-content\/uploads\/2025\/01\/977d208c-4cef-4c45-b273-562443cacd03.jpeg\" title=\"\" data-rl_title=\"\" class=\"rl-gallery-link\" data-rl_caption=\"\" data-rel=\"lightbox-gallery-1\"><img src=\"https:\/\/www.gourmettes-fribourg.ch\/wp-content\/uploads\/2025\/01\/977d208c-4cef-4c45-b273-562443cacd03-160x160.jpeg\" width=\"160\" height=\"160\" alt=\"\"\/><\/a><\/div><div class=\"rl-gallery-item\"><a href=\"https:\/\/www.gourmettes-fribourg.ch\/wp-content\/uploads\/2025\/01\/a28e4bf6-2ccc-48d4-b788-c79ba8ea29ac.jpeg\" title=\"\" data-rl_title=\"\" class=\"rl-gallery-link\" data-rl_caption=\"\" data-rel=\"lightbox-gallery-1\"><img src=\"https:\/\/www.gourmettes-fribourg.ch\/wp-content\/uploads\/2025\/01\/a28e4bf6-2ccc-48d4-b788-c79ba8ea29ac-160x160.jpeg\" width=\"160\" height=\"160\" alt=\"\"\/><\/a><\/div><div class=\"rl-gallery-item\"><a href=\"https:\/\/www.gourmettes-fribourg.ch\/wp-content\/uploads\/2025\/01\/ad7020fa-dfd1-4088-b992-b2f3635d8ceb.jpeg\" title=\"\" data-rl_title=\"\" class=\"rl-gallery-link\" data-rl_caption=\"\" data-rel=\"lightbox-gallery-1\"><img src=\"https:\/\/www.gourmettes-fribourg.ch\/wp-content\/uploads\/2025\/01\/ad7020fa-dfd1-4088-b992-b2f3635d8ceb-160x160.jpeg\" width=\"160\" height=\"160\" alt=\"\"\/><\/a><\/div><div class=\"rl-gallery-item\"><a href=\"https:\/\/www.gourmettes-fribourg.ch\/wp-content\/uploads\/2025\/01\/ed5736f7-3685-4673-b613-9a29c1c1ca6f.jpeg\" title=\"\" data-rl_title=\"\" class=\"rl-gallery-link\" data-rl_caption=\"\" data-rel=\"lightbox-gallery-1\"><img src=\"https:\/\/www.gourmettes-fribourg.ch\/wp-content\/uploads\/2025\/01\/ed5736f7-3685-4673-b613-9a29c1c1ca6f-160x160.jpeg\" width=\"160\" height=\"160\" alt=\"\"\/><\/a><\/div><div class=\"rl-gallery-item\"><a href=\"https:\/\/www.gourmettes-fribourg.ch\/wp-content\/uploads\/2025\/01\/7ee1fbc1-f082-4dd8-b6ab-510d0b709bf6.jpeg\" title=\"\" data-rl_title=\"\" class=\"rl-gallery-link\" data-rl_caption=\"\" data-rel=\"lightbox-gallery-1\"><img src=\"https:\/\/www.gourmettes-fribourg.ch\/wp-content\/uploads\/2025\/01\/7ee1fbc1-f082-4dd8-b6ab-510d0b709bf6-160x160.jpeg\" width=\"160\" height=\"160\" alt=\"\"\/><\/a><\/div><div class=\"rl-gallery-item\"><a href=\"https:\/\/www.gourmettes-fribourg.ch\/wp-content\/uploads\/2025\/01\/04d61532-7237-4776-b7ce-865ff190cd4e.jpeg\" title=\"\" data-rl_title=\"\" class=\"rl-gallery-link\" data-rl_caption=\"\" data-rel=\"lightbox-gallery-1\"><img src=\"https:\/\/www.gourmettes-fribourg.ch\/wp-content\/uploads\/2025\/01\/04d61532-7237-4776-b7ce-865ff190cd4e-160x160.jpeg\" width=\"160\" height=\"160\" alt=\"\"\/><\/a><\/div><div class=\"rl-gallery-item\"><a href=\"https:\/\/www.gourmettes-fribourg.ch\/wp-content\/uploads\/2025\/01\/5aea00c5-4cb7-4231-9b8e-9076ca254e7e.jpeg\" title=\"\" data-rl_title=\"\" class=\"rl-gallery-link\" data-rl_caption=\"\" data-rel=\"lightbox-gallery-1\"><img src=\"https:\/\/www.gourmettes-fribourg.ch\/wp-content\/uploads\/2025\/01\/5aea00c5-4cb7-4231-9b8e-9076ca254e7e-160x160.jpeg\" width=\"160\" height=\"160\" alt=\"\"\/><\/a><\/div><div class=\"rl-gallery-item\"><a href=\"https:\/\/www.gourmettes-fribourg.ch\/wp-content\/uploads\/2025\/01\/3122fffd-fb06-442c-ac3f-34238df39de2.jpeg\" title=\"\" data-rl_title=\"\" class=\"rl-gallery-link\" data-rl_caption=\"\" data-rel=\"lightbox-gallery-1\"><img src=\"https:\/\/www.gourmettes-fribourg.ch\/wp-content\/uploads\/2025\/01\/3122fffd-fb06-442c-ac3f-34238df39de2-160x160.jpeg\" width=\"160\" height=\"160\" alt=\"\"\/><\/a><\/div><div class=\"rl-gallery-item\"><a href=\"https:\/\/www.gourmettes-fribourg.ch\/wp-content\/uploads\/2025\/01\/d080a6c8-8e53-4412-92ae-76a117a41d82.jpeg\" title=\"\" data-rl_title=\"\" class=\"rl-gallery-link\" data-rl_caption=\"\" data-rel=\"lightbox-gallery-1\"><img src=\"https:\/\/www.gourmettes-fribourg.ch\/wp-content\/uploads\/2025\/01\/d080a6c8-8e53-4412-92ae-76a117a41d82-160x160.jpeg\" width=\"160\" height=\"160\" alt=\"\"\/><\/a><\/div><div class=\"rl-gallery-item\"><a href=\"https:\/\/www.gourmettes-fribourg.ch\/wp-content\/uploads\/2025\/01\/853405cb-ffca-46c7-b796-32afeca05fde.jpeg\" title=\"\" data-rl_title=\"\" class=\"rl-gallery-link\" data-rl_caption=\"\" data-rel=\"lightbox-gallery-1\"><img src=\"https:\/\/www.gourmettes-fribourg.ch\/wp-content\/uploads\/2025\/01\/853405cb-ffca-46c7-b796-32afeca05fde-160x160.jpeg\" width=\"160\" height=\"160\" alt=\"\"\/><\/a><\/div><div class=\"rl-gallery-item\"><a href=\"https:\/\/www.gourmettes-fribourg.ch\/wp-content\/uploads\/2025\/01\/1efe9ddd-c5f1-435a-84b2-99c903ff37bd.jpeg\" title=\"\" data-rl_title=\"\" class=\"rl-gallery-link\" data-rl_caption=\"\" data-rel=\"lightbox-gallery-1\"><img src=\"https:\/\/www.gourmettes-fribourg.ch\/wp-content\/uploads\/2025\/01\/1efe9ddd-c5f1-435a-84b2-99c903ff37bd-160x160.jpeg\" width=\"160\" height=\"160\" alt=\"\"\/><\/a><\/div><div class=\"rl-gallery-item\"><a href=\"https:\/\/www.gourmettes-fribourg.ch\/wp-content\/uploads\/2025\/01\/cbf31984-17a9-4552-b393-676533334e0d.jpeg\" title=\"\" data-rl_title=\"\" class=\"rl-gallery-link\" data-rl_caption=\"\" data-rel=\"lightbox-gallery-1\"><img src=\"https:\/\/www.gourmettes-fribourg.ch\/wp-content\/uploads\/2025\/01\/cbf31984-17a9-4552-b393-676533334e0d-160x160.jpeg\" width=\"160\" height=\"160\" alt=\"\"\/><\/a><\/div><div class=\"rl-gallery-item\"><a href=\"https:\/\/www.gourmettes-fribourg.ch\/wp-content\/uploads\/2025\/01\/1c77afa2-2e8e-4f07-87b8-21e3ab90df63.jpeg\" title=\"\" data-rl_title=\"\" class=\"rl-gallery-link\" data-rl_caption=\"\" data-rel=\"lightbox-gallery-1\"><img src=\"https:\/\/www.gourmettes-fribourg.ch\/wp-content\/uploads\/2025\/01\/1c77afa2-2e8e-4f07-87b8-21e3ab90df63-160x160.jpeg\" width=\"160\" height=\"160\" alt=\"\"\/><\/a><\/div><div class=\"rl-gallery-item\"><a href=\"https:\/\/www.gourmettes-fribourg.ch\/wp-content\/uploads\/2025\/01\/18808ea1-5935-4e6a-9cb0-c04b57b01bbb.jpeg\" title=\"\" data-rl_title=\"\" class=\"rl-gallery-link\" data-rl_caption=\"\" data-rel=\"lightbox-gallery-1\"><img src=\"https:\/\/www.gourmettes-fribourg.ch\/wp-content\/uploads\/2025\/01\/18808ea1-5935-4e6a-9cb0-c04b57b01bbb-160x160.jpeg\" width=\"160\" height=\"160\" alt=\"\"\/><\/a><\/div><div class=\"rl-gallery-item\"><a href=\"https:\/\/www.gourmettes-fribourg.ch\/wp-content\/uploads\/2025\/01\/IMG_1853-scaled.jpeg\" title=\"\" data-rl_title=\"\" class=\"rl-gallery-link\" data-rl_caption=\"\" data-rel=\"lightbox-gallery-1\"><img src=\"https:\/\/www.gourmettes-fribourg.ch\/wp-content\/uploads\/2025\/01\/IMG_1853-160x160.jpeg\" width=\"160\" height=\"160\" alt=\"\"\/><\/a><\/div><div class=\"rl-gallery-item\"><a href=\"https:\/\/www.gourmettes-fribourg.ch\/wp-content\/uploads\/2025\/01\/IMG_1864-scaled.jpeg\" title=\"\" data-rl_title=\"\" class=\"rl-gallery-link\" data-rl_caption=\"\" data-rel=\"lightbox-gallery-1\"><img src=\"https:\/\/www.gourmettes-fribourg.ch\/wp-content\/uploads\/2025\/01\/IMG_1864-160x160.jpeg\" width=\"160\" height=\"160\" alt=\"\"\/><\/a><\/div><div class=\"rl-gallery-item\"><a href=\"https:\/\/www.gourmettes-fribourg.ch\/wp-content\/uploads\/2025\/01\/IMG_1866-scaled.jpeg\" title=\"\" data-rl_title=\"\" class=\"rl-gallery-link\" data-rl_caption=\"\" data-rel=\"lightbox-gallery-1\"><img src=\"https:\/\/www.gourmettes-fribourg.ch\/wp-content\/uploads\/2025\/01\/IMG_1866-160x160.jpeg\" width=\"160\" height=\"160\" alt=\"\"\/><\/a><\/div><div class=\"rl-gallery-item\"><a href=\"https:\/\/www.gourmettes-fribourg.ch\/wp-content\/uploads\/2025\/01\/IMG_1867-scaled.jpeg\" title=\"\" data-rl_title=\"\" class=\"rl-gallery-link\" data-rl_caption=\"\" data-rel=\"lightbox-gallery-1\"><img src=\"https:\/\/www.gourmettes-fribourg.ch\/wp-content\/uploads\/2025\/01\/IMG_1867-160x160.jpeg\" width=\"160\" height=\"160\" alt=\"\"\/><\/a><\/div><div class=\"rl-gallery-item\"><a href=\"https:\/\/www.gourmettes-fribourg.ch\/wp-content\/uploads\/2025\/01\/IMG_1852-scaled.jpeg\" title=\"\" data-rl_title=\"\" class=\"rl-gallery-link\" data-rl_caption=\"\" data-rel=\"lightbox-gallery-1\"><img src=\"https:\/\/www.gourmettes-fribourg.ch\/wp-content\/uploads\/2025\/01\/IMG_1852-160x160.jpeg\" width=\"160\" height=\"160\" alt=\"\"\/><\/a><\/div><div class=\"rl-gallery-item\"><a href=\"https:\/\/www.gourmettes-fribourg.ch\/wp-content\/uploads\/2025\/01\/IMG_1849-scaled.jpeg\" title=\"\" data-rl_title=\"\" class=\"rl-gallery-link\" data-rl_caption=\"\" data-rel=\"lightbox-gallery-1\"><img src=\"https:\/\/www.gourmettes-fribourg.ch\/wp-content\/uploads\/2025\/01\/IMG_1849-160x160.jpeg\" width=\"160\" height=\"160\" alt=\"\"\/><\/a><\/div><div class=\"rl-gallery-item\"><a href=\"https:\/\/www.gourmettes-fribourg.ch\/wp-content\/uploads\/2025\/01\/IMG_1847-scaled.jpeg\" title=\"\" data-rl_title=\"\" class=\"rl-gallery-link\" data-rl_caption=\"\" data-rel=\"lightbox-gallery-1\"><img src=\"https:\/\/www.gourmettes-fribourg.ch\/wp-content\/uploads\/2025\/01\/IMG_1847-160x160.jpeg\" width=\"160\" height=\"160\" alt=\"\"\/><\/a><\/div><div class=\"rl-gallery-item\"><a href=\"https:\/\/www.gourmettes-fribourg.ch\/wp-content\/uploads\/2025\/01\/IMG_1844-scaled.jpeg\" title=\"\" data-rl_title=\"\" class=\"rl-gallery-link\" data-rl_caption=\"\" data-rel=\"lightbox-gallery-1\"><img src=\"https:\/\/www.gourmettes-fribourg.ch\/wp-content\/uploads\/2025\/01\/IMG_1844-160x160.jpeg\" width=\"160\" height=\"160\" alt=\"\"\/><\/a><\/div><div class=\"rl-gallery-item\"><a href=\"https:\/\/www.gourmettes-fribourg.ch\/wp-content\/uploads\/2025\/01\/IMG_1845-scaled.jpeg\" title=\"\" data-rl_title=\"\" class=\"rl-gallery-link\" data-rl_caption=\"\" data-rel=\"lightbox-gallery-1\"><img src=\"https:\/\/www.gourmettes-fribourg.ch\/wp-content\/uploads\/2025\/01\/IMG_1845-160x160.jpeg\" width=\"160\" height=\"160\" alt=\"\"\/><\/a><\/div> <\/div> <\/div><\/div>\n","protected":false},"excerpt":{"rendered":"<p>Notre assembl\u00e9e g\u00e9n\u00e9rale de la section s\u2019est tenue dans le cadre convivial de La G\u00e9rine \u00e0 Marly, une valeur s\u00fbre&#8230;. <a href=\"https:\/\/www.gourmettes-fribourg.ch\/?p=8624\">Plus &raquo;<\/a><\/p>\n","protected":false},"author":3,"featured_media":8676,"comment_status":"closed","ping_status":"open","sticky":false,"template":"","format":"standard","meta":[],"categories":[132,15,16],"tags":[],"_links":{"self":[{"href":"https:\/\/www.gourmettes-fribourg.ch\/index.php?rest_route=\/wp\/v2\/posts\/8624"}],"collection":[{"href":"https:\/\/www.gourmettes-fribourg.ch\/index.php?rest_route=\/wp\/v2\/posts"}],"about":[{"href":"https:\/\/www.gourmettes-fribourg.ch\/index.php?rest_route=\/wp\/v2\/types\/post"}],"author":[{"embeddable":true,"href":"https:\/\/www.gourmettes-fribourg.ch\/index.php?rest_route=\/wp\/v2\/users\/3"}],"replies":[{"embeddable":true,"href":"https:\/\/www.gourmettes-fribourg.ch\/index.php?rest_route=%2Fwp%2Fv2%2Fcomments&post=8624"}],"version-history":[{"count":1,"href":"https:\/\/www.gourmettes-fribourg.ch\/index.php?rest_route=\/wp\/v2\/posts\/8624\/revisions"}],"predecessor-version":[{"id":8681,"href":"https:\/\/www.gourmettes-fribourg.ch\/index.php?rest_route=\/wp\/v2\/posts\/8624\/revisions\/8681"}],"wp:featuredmedia":[{"embeddable":true,"href":"https:\/\/www.gourmettes-fribourg.ch\/index.php?rest_route=\/wp\/v2\/media\/8676"}],"wp:attachment":[{"href":"https:\/\/www.gourmettes-fribourg.ch\/index.php?rest_route=%2Fwp%2Fv2%2Fmedia&parent=8624"}],"wp:term":[{"taxonomy":"category","embeddable":true,"href":"https:\/\/www.gourmettes-fribourg.ch\/index.php?rest_route=%2Fwp%2Fv2%2Fcategories&post=8624"},{"taxonomy":"post_tag","embeddable":true,"href":"https:\/\/www.gourmettes-fribourg.ch\/index.php?rest_route=%2Fwp%2Fv2%2Ftags&post=8624"}],"curies":[{"name":"wp","href":"https:\/\/api.w.org\/{rel}","templated":true}]}}