{"id":8893,"date":"2025-05-15T07:52:51","date_gmt":"2025-05-15T06:52:51","guid":{"rendered":"http:\/\/www.gourmettes-fribourg.ch\/?p=8893"},"modified":"2025-05-15T07:52:55","modified_gmt":"2025-05-15T06:52:55","slug":"ag-suisse-fechy-14-mai-2025","status":"publish","type":"post","link":"https:\/\/www.gourmettes-fribourg.ch\/?p=8893","title":{"rendered":"AG Suisse F\u00e9chy 14 mai 2025"},"content":{"rendered":"\n<p><strong>Assembl\u00e9e G\u00e9n\u00e9rale \u00e0 F\u00e9chy : soleil, saveurs et sororit\u00e9<\/strong><\/p>\n\n\n\n<p>Notre derni\u00e8re assembl\u00e9e g\u00e9n\u00e9rale s\u2019est tenue \u00e0 F\u00e9chy, charmant village surplombant le lac L\u00e9man, cadre idyllique pour une journ\u00e9e plac\u00e9e sous le signe du partage et de la convivialit\u00e9.<\/p>\n\n\n\n<p>Ce rendez-vous annuel a \u00e9t\u00e9 l\u2019occasion d\u2019accueillir officiellement Dominique, notre nouvelle Gourmette de la section de Fribourg. Avec son enthousiasme et sa fra\u00eecheur, elle insuffle un bel \u00e9lan de jeunesse \u00e0 notre groupe \u2013 bienvenue \u00e0 elle !<\/p>\n\n\n\n<p>Sous un soleil radieux, nous avons savour\u00e9 d\u2019excellents mets et profit\u00e9 de moments riches en \u00e9changes, rires et inspiration. Les rencontres avec les Gourmettes des autres sections ont, une fois de plus, nourri nos esprits autant que nos c\u0153urs. Nous repartons avec des souvenirs pr\u00e9cieux et une foule d\u2019id\u00e9es nouvelles pour l\u2019avenir de notre association.<\/p>\n\n\n\n<p>Un grand merci \u00e0 toutes celles qui ont contribu\u00e9 \u00e0 faire de cette journ\u00e9e un moment inoubliable !<\/p>\n\n\n\n<div class=\"wp-block-responsive-lightbox-gallery\"><div class=\"rl-gallery-container rl-loading\" id=\"rl-gallery-container-1\" data-gallery_id=\"8892\"> <div class=\"rl-gallery rl-basicgrid-gallery \" id=\"rl-gallery-1\" data-gallery_no=\"1\"> <div class=\"rl-gallery-item\"><a href=\"https:\/\/www.gourmettes-fribourg.ch\/wp-content\/uploads\/2025\/05\/IMG_0735.jpeg\" title=\"\" data-rl_title=\"\" class=\"rl-gallery-link\" data-rl_caption=\"\" data-rel=\"lightbox-gallery-1\"><img src=\"https:\/\/www.gourmettes-fribourg.ch\/wp-content\/uploads\/2025\/05\/IMG_0735-160x160.jpeg\" width=\"160\" height=\"160\" alt=\"\"\/><\/a><\/div><div class=\"rl-gallery-item\"><a href=\"https:\/\/www.gourmettes-fribourg.ch\/wp-content\/uploads\/2025\/05\/8d298939-b184-49fe-ba85-f8c39d8be8b5-scaled.jpeg\" title=\"\" data-rl_title=\"\" class=\"rl-gallery-link\" data-rl_caption=\"\" data-rel=\"lightbox-gallery-1\"><img src=\"https:\/\/www.gourmettes-fribourg.ch\/wp-content\/uploads\/2025\/05\/8d298939-b184-49fe-ba85-f8c39d8be8b5-160x160.jpeg\" width=\"160\" height=\"160\" alt=\"\"\/><\/a><\/div><div class=\"rl-gallery-item\"><a href=\"https:\/\/www.gourmettes-fribourg.ch\/wp-content\/uploads\/2025\/05\/619fc7d6-ad5a-4f16-ad58-e716cebebd13-scaled.jpeg\" title=\"\" data-rl_title=\"\" class=\"rl-gallery-link\" data-rl_caption=\"\" data-rel=\"lightbox-gallery-1\"><img src=\"https:\/\/www.gourmettes-fribourg.ch\/wp-content\/uploads\/2025\/05\/619fc7d6-ad5a-4f16-ad58-e716cebebd13-160x160.jpeg\" width=\"160\" height=\"160\" alt=\"\"\/><\/a><\/div><div class=\"rl-gallery-item\"><a href=\"https:\/\/www.gourmettes-fribourg.ch\/wp-content\/uploads\/2025\/05\/59f50ddc-004e-404e-95be-853f93dd2720-scaled.jpeg\" title=\"\" data-rl_title=\"\" class=\"rl-gallery-link\" data-rl_caption=\"\" data-rel=\"lightbox-gallery-1\"><img src=\"https:\/\/www.gourmettes-fribourg.ch\/wp-content\/uploads\/2025\/05\/59f50ddc-004e-404e-95be-853f93dd2720-160x160.jpeg\" width=\"160\" height=\"160\" alt=\"\"\/><\/a><\/div><div class=\"rl-gallery-item\"><a href=\"https:\/\/www.gourmettes-fribourg.ch\/wp-content\/uploads\/2025\/05\/b5cb76ad-f664-4ac6-891e-e0033c98b19d-scaled.jpeg\" title=\"\" data-rl_title=\"\" class=\"rl-gallery-link\" data-rl_caption=\"\" data-rel=\"lightbox-gallery-1\"><img src=\"https:\/\/www.gourmettes-fribourg.ch\/wp-content\/uploads\/2025\/05\/b5cb76ad-f664-4ac6-891e-e0033c98b19d-160x160.jpeg\" width=\"160\" height=\"160\" alt=\"\"\/><\/a><\/div><div class=\"rl-gallery-item\"><a href=\"https:\/\/www.gourmettes-fribourg.ch\/wp-content\/uploads\/2025\/05\/b8823b07-587e-4c96-b7f1-f084dfb07504-scaled.jpeg\" title=\"\" data-rl_title=\"\" class=\"rl-gallery-link\" data-rl_caption=\"\" data-rel=\"lightbox-gallery-1\"><img src=\"https:\/\/www.gourmettes-fribourg.ch\/wp-content\/uploads\/2025\/05\/b8823b07-587e-4c96-b7f1-f084dfb07504-160x160.jpeg\" width=\"160\" height=\"160\" alt=\"\"\/><\/a><\/div><div class=\"rl-gallery-item\"><a href=\"https:\/\/www.gourmettes-fribourg.ch\/wp-content\/uploads\/2025\/05\/5e60ca58-4e9c-42f1-8d5e-4071c313d769-scaled.jpeg\" title=\"\" data-rl_title=\"\" class=\"rl-gallery-link\" data-rl_caption=\"\" data-rel=\"lightbox-gallery-1\"><img src=\"https:\/\/www.gourmettes-fribourg.ch\/wp-content\/uploads\/2025\/05\/5e60ca58-4e9c-42f1-8d5e-4071c313d769-160x160.jpeg\" width=\"160\" height=\"160\" alt=\"\"\/><\/a><\/div><div class=\"rl-gallery-item\"><a href=\"https:\/\/www.gourmettes-fribourg.ch\/wp-content\/uploads\/2025\/05\/b9b19ad1-0967-4265-8b98-f8a6f155db90-scaled.jpeg\" title=\"\" data-rl_title=\"\" class=\"rl-gallery-link\" data-rl_caption=\"\" data-rel=\"lightbox-gallery-1\"><img src=\"https:\/\/www.gourmettes-fribourg.ch\/wp-content\/uploads\/2025\/05\/b9b19ad1-0967-4265-8b98-f8a6f155db90-160x160.jpeg\" width=\"160\" height=\"160\" alt=\"\"\/><\/a><\/div><div class=\"rl-gallery-item\"><a href=\"https:\/\/www.gourmettes-fribourg.ch\/wp-content\/uploads\/2025\/05\/89409772-780a-472a-bd3c-2e894f26b2c1-scaled.jpeg\" title=\"\" data-rl_title=\"\" class=\"rl-gallery-link\" data-rl_caption=\"\" data-rel=\"lightbox-gallery-1\"><img src=\"https:\/\/www.gourmettes-fribourg.ch\/wp-content\/uploads\/2025\/05\/89409772-780a-472a-bd3c-2e894f26b2c1-160x160.jpeg\" width=\"160\" height=\"160\" alt=\"\"\/><\/a><\/div><div class=\"rl-gallery-item\"><a href=\"https:\/\/www.gourmettes-fribourg.ch\/wp-content\/uploads\/2025\/05\/583de865-c99e-47e0-9c71-9fdb663d0176-scaled.jpeg\" title=\"\" data-rl_title=\"\" class=\"rl-gallery-link\" data-rl_caption=\"\" data-rel=\"lightbox-gallery-1\"><img src=\"https:\/\/www.gourmettes-fribourg.ch\/wp-content\/uploads\/2025\/05\/583de865-c99e-47e0-9c71-9fdb663d0176-160x160.jpeg\" width=\"160\" height=\"160\" alt=\"\"\/><\/a><\/div><div class=\"rl-gallery-item\"><a href=\"https:\/\/www.gourmettes-fribourg.ch\/wp-content\/uploads\/2025\/05\/4b68ed88-79bd-4c7a-9f47-9293f17ef355-scaled.jpeg\" title=\"\" data-rl_title=\"\" class=\"rl-gallery-link\" data-rl_caption=\"\" data-rel=\"lightbox-gallery-1\"><img src=\"https:\/\/www.gourmettes-fribourg.ch\/wp-content\/uploads\/2025\/05\/4b68ed88-79bd-4c7a-9f47-9293f17ef355-160x160.jpeg\" width=\"160\" height=\"160\" alt=\"\"\/><\/a><\/div><div class=\"rl-gallery-item\"><a href=\"https:\/\/www.gourmettes-fribourg.ch\/wp-content\/uploads\/2025\/05\/7a2893f7-b4cf-49ab-9c84-5fe2aea3c391.jpeg\" title=\"\" data-rl_title=\"\" class=\"rl-gallery-link\" data-rl_caption=\"\" data-rel=\"lightbox-gallery-1\"><img src=\"https:\/\/www.gourmettes-fribourg.ch\/wp-content\/uploads\/2025\/05\/7a2893f7-b4cf-49ab-9c84-5fe2aea3c391-160x160.jpeg\" width=\"160\" height=\"160\" alt=\"\"\/><\/a><\/div><div class=\"rl-gallery-item\"><a href=\"https:\/\/www.gourmettes-fribourg.ch\/wp-content\/uploads\/2025\/05\/924c385e-65fc-4b1f-a569-11037aeaa8f1-scaled.jpeg\" title=\"\" data-rl_title=\"\" class=\"rl-gallery-link\" data-rl_caption=\"\" data-rel=\"lightbox-gallery-1\"><img src=\"https:\/\/www.gourmettes-fribourg.ch\/wp-content\/uploads\/2025\/05\/924c385e-65fc-4b1f-a569-11037aeaa8f1-160x160.jpeg\" width=\"160\" height=\"160\" alt=\"\"\/><\/a><\/div><div class=\"rl-gallery-item\"><a href=\"https:\/\/www.gourmettes-fribourg.ch\/wp-content\/uploads\/2025\/05\/41b20982-7801-4991-9a8c-8c97f9435567-scaled.jpeg\" title=\"\" data-rl_title=\"\" class=\"rl-gallery-link\" data-rl_caption=\"\" data-rel=\"lightbox-gallery-1\"><img src=\"https:\/\/www.gourmettes-fribourg.ch\/wp-content\/uploads\/2025\/05\/41b20982-7801-4991-9a8c-8c97f9435567-160x160.jpeg\" width=\"160\" height=\"160\" alt=\"\"\/><\/a><\/div><div class=\"rl-gallery-item\"><a href=\"https:\/\/www.gourmettes-fribourg.ch\/wp-content\/uploads\/2025\/05\/36EC61EF-2E1B-4F21-BBF2-7CAC59003DF1.jpeg\" title=\"\" data-rl_title=\"\" class=\"rl-gallery-link\" data-rl_caption=\"\" data-rel=\"lightbox-gallery-1\"><img src=\"https:\/\/www.gourmettes-fribourg.ch\/wp-content\/uploads\/2025\/05\/36EC61EF-2E1B-4F21-BBF2-7CAC59003DF1-160x160.jpeg\" width=\"160\" height=\"160\" alt=\"\"\/><\/a><\/div><div class=\"rl-gallery-item\"><a href=\"https:\/\/www.gourmettes-fribourg.ch\/wp-content\/uploads\/2025\/05\/B9C40F84-5FB0-4275-9521-4555A6C8DA9D.jpeg\" title=\"\" data-rl_title=\"\" class=\"rl-gallery-link\" data-rl_caption=\"\" data-rel=\"lightbox-gallery-1\"><img src=\"https:\/\/www.gourmettes-fribourg.ch\/wp-content\/uploads\/2025\/05\/B9C40F84-5FB0-4275-9521-4555A6C8DA9D-160x160.jpeg\" width=\"160\" height=\"160\" alt=\"\"\/><\/a><\/div><div class=\"rl-gallery-item\"><a href=\"https:\/\/www.gourmettes-fribourg.ch\/wp-content\/uploads\/2025\/05\/IMG_5343-scaled.jpeg\" title=\"\" data-rl_title=\"\" class=\"rl-gallery-link\" data-rl_caption=\"\" data-rel=\"lightbox-gallery-1\"><img src=\"https:\/\/www.gourmettes-fribourg.ch\/wp-content\/uploads\/2025\/05\/IMG_5343-160x160.jpeg\" width=\"160\" height=\"160\" alt=\"\"\/><\/a><\/div><div class=\"rl-gallery-item\"><a href=\"https:\/\/www.gourmettes-fribourg.ch\/wp-content\/uploads\/2025\/05\/FCD21D95-0CF4-43D6-837D-40E90B7205B6.jpeg\" title=\"\" data-rl_title=\"\" class=\"rl-gallery-link\" data-rl_caption=\"\" data-rel=\"lightbox-gallery-1\"><img src=\"https:\/\/www.gourmettes-fribourg.ch\/wp-content\/uploads\/2025\/05\/FCD21D95-0CF4-43D6-837D-40E90B7205B6-160x160.jpeg\" width=\"160\" height=\"160\" alt=\"\"\/><\/a><\/div><div class=\"rl-gallery-item\"><a href=\"https:\/\/www.gourmettes-fribourg.ch\/wp-content\/uploads\/2025\/05\/IMG_4567-scaled.jpeg\" title=\"\" data-rl_title=\"\" class=\"rl-gallery-link\" data-rl_caption=\"\" data-rel=\"lightbox-gallery-1\"><img src=\"https:\/\/www.gourmettes-fribourg.ch\/wp-content\/uploads\/2025\/05\/IMG_4567-160x160.jpeg\" width=\"160\" height=\"160\" alt=\"\"\/><\/a><\/div><div class=\"rl-gallery-item\"><a href=\"https:\/\/www.gourmettes-fribourg.ch\/wp-content\/uploads\/2025\/05\/4ED002DD-5EAE-4309-81B9-D9FC85AB6D16.jpeg\" title=\"\" data-rl_title=\"\" class=\"rl-gallery-link\" data-rl_caption=\"\" data-rel=\"lightbox-gallery-1\"><img src=\"https:\/\/www.gourmettes-fribourg.ch\/wp-content\/uploads\/2025\/05\/4ED002DD-5EAE-4309-81B9-D9FC85AB6D16-160x160.jpeg\" width=\"160\" height=\"160\" alt=\"\"\/><\/a><\/div><div class=\"rl-gallery-item\"><a href=\"https:\/\/www.gourmettes-fribourg.ch\/wp-content\/uploads\/2025\/05\/FFD5130F-0139-4DE8-9084-F84542C2212B.jpeg\" title=\"\" data-rl_title=\"\" class=\"rl-gallery-link\" data-rl_caption=\"\" data-rel=\"lightbox-gallery-1\"><img src=\"https:\/\/www.gourmettes-fribourg.ch\/wp-content\/uploads\/2025\/05\/FFD5130F-0139-4DE8-9084-F84542C2212B-160x160.jpeg\" width=\"160\" height=\"160\" alt=\"\"\/><\/a><\/div><div class=\"rl-gallery-item\"><a href=\"https:\/\/www.gourmettes-fribourg.ch\/wp-content\/uploads\/2025\/05\/B62F7065-628E-45D6-A615-ED15BA58E711.jpeg\" title=\"\" data-rl_title=\"\" class=\"rl-gallery-link\" data-rl_caption=\"\" data-rel=\"lightbox-gallery-1\"><img src=\"https:\/\/www.gourmettes-fribourg.ch\/wp-content\/uploads\/2025\/05\/B62F7065-628E-45D6-A615-ED15BA58E711-160x160.jpeg\" width=\"160\" height=\"160\" alt=\"\"\/><\/a><\/div><div class=\"rl-gallery-item\"><a href=\"https:\/\/www.gourmettes-fribourg.ch\/wp-content\/uploads\/2025\/05\/87bc4efe-edcb-4416-b815-33e8a0df2a17-scaled.jpeg\" title=\"\" data-rl_title=\"\" class=\"rl-gallery-link\" data-rl_caption=\"\" data-rel=\"lightbox-gallery-1\"><img src=\"https:\/\/www.gourmettes-fribourg.ch\/wp-content\/uploads\/2025\/05\/87bc4efe-edcb-4416-b815-33e8a0df2a17-160x160.jpeg\" width=\"160\" height=\"160\" alt=\"\"\/><\/a><\/div><div class=\"rl-gallery-item\"><a href=\"https:\/\/www.gourmettes-fribourg.ch\/wp-content\/uploads\/2025\/05\/IMG_4586-scaled.jpeg\" title=\"\" data-rl_title=\"\" class=\"rl-gallery-link\" data-rl_caption=\"\" data-rel=\"lightbox-gallery-1\"><img src=\"https:\/\/www.gourmettes-fribourg.ch\/wp-content\/uploads\/2025\/05\/IMG_4586-160x160.jpeg\" width=\"160\" height=\"160\" alt=\"\"\/><\/a><\/div><div class=\"rl-gallery-item\"><a href=\"https:\/\/www.gourmettes-fribourg.ch\/wp-content\/uploads\/2025\/05\/IMG_4603-scaled.jpeg\" title=\"\" data-rl_title=\"\" class=\"rl-gallery-link\" data-rl_caption=\"\" data-rel=\"lightbox-gallery-1\"><img src=\"https:\/\/www.gourmettes-fribourg.ch\/wp-content\/uploads\/2025\/05\/IMG_4603-160x160.jpeg\" width=\"160\" height=\"160\" alt=\"\"\/><\/a><\/div><div class=\"rl-gallery-item\"><a href=\"https:\/\/www.gourmettes-fribourg.ch\/wp-content\/uploads\/2025\/05\/d8ed60fc-9f32-4d25-83a8-2523c84eda3a.jpeg\" title=\"\" data-rl_title=\"\" class=\"rl-gallery-link\" data-rl_caption=\"\" data-rel=\"lightbox-gallery-1\"><img src=\"https:\/\/www.gourmettes-fribourg.ch\/wp-content\/uploads\/2025\/05\/d8ed60fc-9f32-4d25-83a8-2523c84eda3a-160x160.jpeg\" width=\"160\" height=\"160\" alt=\"\"\/><\/a><\/div><div class=\"rl-gallery-item\"><a href=\"https:\/\/www.gourmettes-fribourg.ch\/wp-content\/uploads\/2025\/05\/IMG_4607-scaled.jpeg\" title=\"\" data-rl_title=\"\" class=\"rl-gallery-link\" data-rl_caption=\"\" data-rel=\"lightbox-gallery-1\"><img src=\"https:\/\/www.gourmettes-fribourg.ch\/wp-content\/uploads\/2025\/05\/IMG_4607-160x160.jpeg\" width=\"160\" height=\"160\" alt=\"\"\/><\/a><\/div><div class=\"rl-gallery-item\"><a href=\"https:\/\/www.gourmettes-fribourg.ch\/wp-content\/uploads\/2025\/05\/083d8bb2-84c0-4851-a048-bee331e63573.jpeg\" title=\"\" data-rl_title=\"\" class=\"rl-gallery-link\" data-rl_caption=\"\" data-rel=\"lightbox-gallery-1\"><img src=\"https:\/\/www.gourmettes-fribourg.ch\/wp-content\/uploads\/2025\/05\/083d8bb2-84c0-4851-a048-bee331e63573-160x160.jpeg\" width=\"160\" height=\"160\" alt=\"\"\/><\/a><\/div><div class=\"rl-gallery-item\"><a href=\"https:\/\/www.gourmettes-fribourg.ch\/wp-content\/uploads\/2025\/05\/IMG_4566-scaled.jpeg\" title=\"\" data-rl_title=\"\" class=\"rl-gallery-link\" data-rl_caption=\"\" data-rel=\"lightbox-gallery-1\"><img src=\"https:\/\/www.gourmettes-fribourg.ch\/wp-content\/uploads\/2025\/05\/IMG_4566-160x160.jpeg\" width=\"160\" height=\"160\" alt=\"\"\/><\/a><\/div> <\/div> <\/div><\/div>\n","protected":false},"excerpt":{"rendered":"<p>Assembl\u00e9e G\u00e9n\u00e9rale \u00e0 F\u00e9chy : soleil, saveurs et sororit\u00e9 Notre derni\u00e8re assembl\u00e9e g\u00e9n\u00e9rale s\u2019est tenue \u00e0 F\u00e9chy, charmant village surplombant&#8230; <a href=\"https:\/\/www.gourmettes-fribourg.ch\/?p=8893\">Plus &raquo;<\/a><\/p>\n","protected":false},"author":3,"featured_media":8862,"comment_status":"closed","ping_status":"open","sticky":false,"template":"","format":"standard","meta":[],"categories":[132,15,16],"tags":[],"_links":{"self":[{"href":"https:\/\/www.gourmettes-fribourg.ch\/index.php?rest_route=\/wp\/v2\/posts\/8893"}],"collection":[{"href":"https:\/\/www.gourmettes-fribourg.ch\/index.php?rest_route=\/wp\/v2\/posts"}],"about":[{"href":"https:\/\/www.gourmettes-fribourg.ch\/index.php?rest_route=\/wp\/v2\/types\/post"}],"author":[{"embeddable":true,"href":"https:\/\/www.gourmettes-fribourg.ch\/index.php?rest_route=\/wp\/v2\/users\/3"}],"replies":[{"embeddable":true,"href":"https:\/\/www.gourmettes-fribourg.ch\/index.php?rest_route=%2Fwp%2Fv2%2Fcomments&post=8893"}],"version-history":[{"count":1,"href":"https:\/\/www.gourmettes-fribourg.ch\/index.php?rest_route=\/wp\/v2\/posts\/8893\/revisions"}],"predecessor-version":[{"id":8894,"href":"https:\/\/www.gourmettes-fribourg.ch\/index.php?rest_route=\/wp\/v2\/posts\/8893\/revisions\/8894"}],"wp:featuredmedia":[{"embeddable":true,"href":"https:\/\/www.gourmettes-fribourg.ch\/index.php?rest_route=\/wp\/v2\/media\/8862"}],"wp:attachment":[{"href":"https:\/\/www.gourmettes-fribourg.ch\/index.php?rest_route=%2Fwp%2Fv2%2Fmedia&parent=8893"}],"wp:term":[{"taxonomy":"category","embeddable":true,"href":"https:\/\/www.gourmettes-fribourg.ch\/index.php?rest_route=%2Fwp%2Fv2%2Fcategories&post=8893"},{"taxonomy":"post_tag","embeddable":true,"href":"https:\/\/www.gourmettes-fribourg.ch\/index.php?rest_route=%2Fwp%2Fv2%2Ftags&post=8893"}],"curies":[{"name":"wp","href":"https:\/\/api.w.org\/{rel}","templated":true}]}}